{"id":3112,"date":"2025-06-13T14:25:04","date_gmt":"2025-06-13T11:25:04","guid":{"rendered":"https:\/\/kalendare365.eu\/?p=3112"},"modified":"2026-07-02T13:12:25","modified_gmt":"2026-07-02T10:12:25","slug":"kalendar-2010","status":"publish","type":"post","link":"https:\/\/kalendare365.eu\/?p=3112","title":{"rendered":"Kalend\u00e1\u0159 2010"},"content":{"rendered":"\n<p class=\"wp-block-paragraph\">Ro\u010dn\u00ed kalend\u00e1\u0159 pro rok 2010 p\u0159edstavuje praktick\u00fd jednolist\u00fd p\u0159ehled ve form\u00e1tu A4, kter\u00fd umo\u017e\u0148uje rychle zjistit den v t\u00fddnu pro jak\u00e9koli datum v dan\u00e9m roce. D\u00edky \u010desk\u00fdm popisk\u016fm, \u010dist\u00e9 grafice a logick\u00e9mu uspo\u0159\u00e1d\u00e1n\u00ed je vhodn\u00fd pro dom\u00e1c\u00ed i kancel\u00e1\u0159sk\u00e9 pou\u017eit\u00ed \u2013 od kontroly narozenin a v\u00fdro\u010d\u00ed a\u017e po orientaci v historick\u00fdch datech.<\/p>\n\n\n\n<h2 class=\"wp-block-heading\">Struktura a rozvr\u017een\u00ed kalend\u00e1\u0159e<\/h2>\n\n\n\n<p class=\"wp-block-paragraph\">Kalend\u00e1\u0159 zahrnuje v\u0161echny m\u011bs\u00edce od ledna do prosince 2010, uspo\u0159\u00e1dan\u00e9 do m\u0159\u00ed\u017eky se t\u0159emi sloupci a \u010dty\u0159mi \u0159\u00e1dky. Rok 2010 nebyl p\u0159estupn\u00fd, tak\u017ee \u00fanor obsahuje 28 dn\u00ed. Jednotliv\u00e9 m\u011bs\u00ed\u010dn\u00ed bloky jsou navr\u017eeny bez \u010d\u00edslov\u00e1n\u00ed t\u00fddn\u016f a bez zv\u00fdrazn\u011bn\u00ed st\u00e1tn\u00edch \u010di c\u00edrkevn\u00edch sv\u00e1tk\u016f, co\u017e podporuje univerz\u00e1ln\u00ed vyu\u017eit\u00ed.<\/p>\n\n\n\n<h3 class=\"wp-block-heading\">Nadpisy m\u011bs\u00edc\u016f<\/h3>\n\n\n\n<p class=\"wp-block-paragraph\">Ka\u017ed\u00fd m\u011bs\u00edc je ozna\u010den v\u00fdrazn\u00fdm nadpisem um\u00edst\u011bn\u00fdm uprost\u0159ed horn\u00ed \u010d\u00e1sti bloku. Nap\u0159\u00edklad \u010cERVENEC 2010 je snadno identifikovateln\u00fd d\u00edky jasn\u00e9 typografii a konzistentn\u00edmu stylu.<\/p>\n\n\n\n<h3 class=\"wp-block-heading\">\u0158\u00e1dek dn\u016f v t\u00fddnu<\/h3>\n\n\n\n<p class=\"wp-block-paragraph\">Pod nadpisem se nach\u00e1z\u00ed \u0159ada se zkratkami \u010desk\u00fdch n\u00e1zv\u016f dn\u016f: Po, \u00dat, St, \u010ct, P\u00e1, So, Ne. Tato linie slou\u017e\u00ed jako orienta\u010dn\u00ed osa pro v\u0161echny uveden\u00e9 datumy.<\/p>\n\n\n\n<h3 class=\"wp-block-heading\">Uspo\u0159\u00e1d\u00e1n\u00ed dat<\/h3>\n\n\n\n<p class=\"wp-block-paragraph\">Datumy jsou um\u00edst\u011bny p\u0159\u00edmo pod odpov\u00eddaj\u00edc\u00edmi zkratkami dn\u016f, bez pr\u00e1zdn\u00fdch pol\u00ed na za\u010d\u00e1tku \u010di konci m\u011bs\u00edce. D\u00edky tomu je ka\u017ed\u00fd blok kompaktn\u00ed a snadno \u010diteln\u00fd.<\/p>\n\n\n\n<h2 class=\"wp-block-heading\">Barevn\u00e9 rozli\u0161en\u00ed a vizu\u00e1ln\u00ed styl<\/h2>\n\n\n\n<p class=\"wp-block-paragraph\">Kalend\u00e1\u0159 vyu\u017e\u00edv\u00e1 jednoduch\u00e9, ale \u00fa\u010dinn\u00e9 barevn\u00e9 k\u00f3dov\u00e1n\u00ed. Ned\u011ble jsou vyti\u0161t\u011bny \u010derven\u011b, co\u017e usnad\u0148uje rychlou orientaci v pracovn\u00edm t\u00fddnu. Ostatn\u00ed dny jsou zobrazeny tmavou kontrastn\u00ed barvou, kter\u00e1 se m\u016f\u017ee li\u0161it podle konkr\u00e9tn\u00edho designu \u2013 \u010dasto jde o odst\u00edny \u0161ed\u00e9 nebo modr\u00e9.<\/p>\n\n\n\n<p class=\"wp-block-paragraph\">Jednotliv\u00e9 m\u011bs\u00edce mohou b\u00fdt dopln\u011bny jemn\u00fdm pastelov\u00fdm pozad\u00edm nebo r\u00e1me\u010dkem, kter\u00fd pom\u00e1h\u00e1 vizu\u00e1ln\u011b odd\u011blit bloky a zlep\u0161uje celkovou p\u0159ehlednost.<\/p>\n\n\n\n<h2 class=\"wp-block-heading\">Jak zjistit den v t\u00fddnu<\/h2>\n\n\n\n<p class=\"wp-block-paragraph\">Vyhled\u00e1n\u00ed konkr\u00e9tn\u00edho dne je velmi jednoduch\u00e9. Sta\u010d\u00ed naj\u00edt p\u0159\u00edslu\u0161n\u00fd m\u011bs\u00ed\u010dn\u00ed blok, pod\u00edvat se na \u0159adu zkratek dn\u016f a n\u00e1sledn\u011b naj\u00edt datum ve sloupci pod odpov\u00eddaj\u00edc\u00ed zkratkou. Pokud je \u010d\u00edslo vyti\u0161t\u011bno \u010derven\u011b, jedn\u00e1 se o ned\u011bli; v ostatn\u00edch p\u0159\u00edpadech den odpov\u00edd\u00e1 z\u00e1hlav\u00ed sloupce.<\/p>\n\n\n\n<h2 class=\"wp-block-heading\">V\u00fdhody kalend\u00e1\u0159e 2010<\/h2>\n\n\n\n<p class=\"wp-block-paragraph\">Kompaktn\u00ed ro\u010dn\u00ed kalend\u00e1\u0159 nab\u00edz\u00ed n\u011bkolik praktick\u00fdch p\u0159ednost\u00ed. D\u00edky tomu, \u017ee cel\u00fd rok je zobrazen na jednom listu, je mo\u017en\u00e9 rychle porovn\u00e1vat data, pl\u00e1novat ud\u00e1losti nebo kontrolovat historick\u00e9 informace. Barevn\u00e9 odli\u0161en\u00ed ned\u011bl\u00ed a jemn\u00e9 vizu\u00e1ln\u00ed \u010dlen\u011bn\u00ed m\u011bs\u00edc\u016f zvy\u0161uj\u00ed \u010ditelnost a estetickou hodnotu. Minimalistick\u00e9 proveden\u00ed bez sv\u00e1tk\u016f a t\u00fddn\u016f je vhodn\u00e9 pro univerz\u00e1ln\u00ed pou\u017eit\u00ed v r\u016fzn\u00fdch prost\u0159ed\u00edch.<\/p>\n\n\n\n<h2 class=\"wp-block-heading\">Nev\u00fdhody a omezen\u00ed<\/h2>\n\n\n\n<p class=\"wp-block-paragraph\">Absence ozna\u010den\u00fdch st\u00e1tn\u00edch sv\u00e1tk\u016f m\u016f\u017ee vy\u017eadovat dopl\u0148kov\u00fd zdroj informac\u00ed. Stejn\u011b tak chyb\u011bj\u00edc\u00ed \u010d\u00edslov\u00e1n\u00ed t\u00fddn\u016f m\u016f\u017ee b\u00fdt nev\u00fdhodou p\u0159i administrativn\u00edm nebo projektov\u00e9m pl\u00e1nov\u00e1n\u00ed. V\u00edcebarevn\u00e9 proveden\u00ed m\u016f\u017ee nav\u00edc znamenat vy\u0161\u0161\u00ed spot\u0159ebu inkoustu \u010di toneru p\u0159i tisku.<\/p>\n\n\n\n<figure class=\"wp-block-image size-full\"><img loading=\"lazy\" decoding=\"async\" width=\"800\" height=\"566\" src=\"https:\/\/kalendare365.eu\/wp-content\/uploads\/2025\/06\/kalendar-2010.webp\" alt=\"\" class=\"wp-image-3113\" srcset=\"https:\/\/kalendare365.eu\/wp-content\/uploads\/2025\/06\/kalendar-2010.webp 800w, https:\/\/kalendare365.eu\/wp-content\/uploads\/2025\/06\/kalendar-2010-300x212.webp 300w, https:\/\/kalendare365.eu\/wp-content\/uploads\/2025\/06\/kalendar-2010-768x543.webp 768w\" sizes=\"auto, (max-width: 800px) 100vw, 800px\" \/><\/figure>\n\n\n\n<p class=\"has-text-align-center wp-block-paragraph\"><a href=\"https:\/\/kalendare365.eu\/wp-content\/uploads\/2025\/06\/kalendar-2010.pdf\" target=\"_blank\" rel=\"noreferrer noopener nofollow\">PDF<\/a><\/p>\n\n\n\n<h2 class=\"wp-block-heading\">Z\u00e1v\u011br<\/h2>\n\n\n\n<p class=\"wp-block-paragraph\">Ro\u010dn\u00ed kalend\u00e1\u0159 2010 v jednolist\u00e9m form\u00e1tu A4 je praktick\u00fdm a vizu\u00e1ln\u011b p\u0159ehledn\u00fdm n\u00e1strojem pro ka\u017edodenn\u00ed orientaci v datech. D\u00edky jednoduch\u00e9mu designu, jasn\u00e9mu rozvr\u017een\u00ed a barevn\u00e9mu zv\u00fdrazn\u011bn\u00ed ned\u011bl\u00ed poskytuje rychl\u00fd p\u0159ehled o cel\u00e9m roce bez nutnosti listovat v\u00edce str\u00e1nkami. Je vhodn\u00fd pro dom\u00e1c\u00ed i pracovn\u00ed prost\u0159ed\u00ed, kde je d\u016fle\u017eit\u00e1 rychl\u00e1 dostupnost informac\u00ed a \u010dist\u00e9 grafick\u00e9 zpracov\u00e1n\u00ed.<\/p>\n","protected":false},"excerpt":{"rendered":"<p>Ro\u010dn\u00ed kalend\u00e1\u0159 pro rok 2010 p\u0159edstavuje praktick\u00fd jednolist\u00fd p\u0159ehled ve form\u00e1tu A4, kter\u00fd umo\u017e\u0148uje rychle zjistit den v t\u00fddnu pro jak\u00e9koli datum v dan\u00e9m roce. D\u00edky \u010desk\u00fdm popisk\u016fm, \u010dist\u00e9 grafice a logick\u00e9mu uspo\u0159\u00e1d\u00e1n\u00ed je vhodn\u00fd pro dom\u00e1c\u00ed i kancel\u00e1\u0159sk\u00e9 pou\u017eit\u00ed \u2013 od kontroly narozenin a v\u00fdro\u010d\u00ed a\u017e po orientaci v historick\u00fdch datech. Struktura a rozvr\u017een\u00ed [&hellip;]<\/p>\n","protected":false},"author":1,"featured_media":0,"comment_status":"open","ping_status":"closed","sticky":false,"template":"","format":"standard","meta":{"footnotes":""},"categories":[1],"tags":[],"class_list":["post-3112","post","type-post","status-publish","format-standard","hentry","category-vyrocni"],"_links":{"self":[{"href":"https:\/\/kalendare365.eu\/index.php?rest_route=\/wp\/v2\/posts\/3112","targetHints":{"allow":["GET"]}}],"collection":[{"href":"https:\/\/kalendare365.eu\/index.php?rest_route=\/wp\/v2\/posts"}],"about":[{"href":"https:\/\/kalendare365.eu\/index.php?rest_route=\/wp\/v2\/types\/post"}],"author":[{"embeddable":true,"href":"https:\/\/kalendare365.eu\/index.php?rest_route=\/wp\/v2\/users\/1"}],"replies":[{"embeddable":true,"href":"https:\/\/kalendare365.eu\/index.php?rest_route=%2Fwp%2Fv2%2Fcomments&post=3112"}],"version-history":[{"count":3,"href":"https:\/\/kalendare365.eu\/index.php?rest_route=\/wp\/v2\/posts\/3112\/revisions"}],"predecessor-version":[{"id":3754,"href":"https:\/\/kalendare365.eu\/index.php?rest_route=\/wp\/v2\/posts\/3112\/revisions\/3754"}],"wp:attachment":[{"href":"https:\/\/kalendare365.eu\/index.php?rest_route=%2Fwp%2Fv2%2Fmedia&parent=3112"}],"wp:term":[{"taxonomy":"category","embeddable":true,"href":"https:\/\/kalendare365.eu\/index.php?rest_route=%2Fwp%2Fv2%2Fcategories&post=3112"},{"taxonomy":"post_tag","embeddable":true,"href":"https:\/\/kalendare365.eu\/index.php?rest_route=%2Fwp%2Fv2%2Ftags&post=3112"}],"curies":[{"name":"wp","href":"https:\/\/api.w.org\/{rel}","templated":true}]}}