{"id":3116,"date":"2025-06-13T14:35:00","date_gmt":"2025-06-13T11:35:00","guid":{"rendered":"https:\/\/kalendare365.eu\/?p=3116"},"modified":"2026-07-02T13:08:49","modified_gmt":"2026-07-02T10:08:49","slug":"kalendar-2009","status":"publish","type":"post","link":"https:\/\/kalendare365.eu\/?p=3116","title":{"rendered":"Kalend\u00e1\u0159 2009"},"content":{"rendered":"\n<p class=\"wp-block-paragraph\">Ro\u010dn\u00ed kalend\u00e1\u0159 2009 vytvo\u0159en\u00fd na jednom listu form\u00e1tu A4 p\u0159edstavuje jednoduch\u00fd a rychl\u00fd zp\u016fsob, jak zjistit, na kter\u00fd den v t\u00fddnu p\u0159ipadlo libovoln\u00e9 datum tohoto roku. D\u00edky \u010desk\u00fdm popisk\u016fm, p\u0159ehledn\u00e9 m\u0159\u00ed\u017ece a barevn\u00e9mu zv\u00fdrazn\u011bn\u00ed ned\u011bl\u00ed je vhodn\u00fd pro ka\u017edodenn\u00ed pou\u017eit\u00ed, retrospektivn\u00ed pl\u00e1nov\u00e1n\u00ed i ov\u011b\u0159ov\u00e1n\u00ed v\u00fdro\u010d\u00ed \u010di narozenin bez nutnosti listovat v\u00edce str\u00e1nkami nebo otev\u00edrat elektronick\u00e9 n\u00e1stroje.<\/p>\n\n\n\n<h2 class=\"wp-block-heading\">Struktura a rozlo\u017een\u00ed ro\u010dn\u00edho kalend\u00e1\u0159e 2009<\/h2>\n\n\n\n<p class=\"wp-block-paragraph\">Kalend\u00e1\u0159 zobrazuje v\u0161ech dvan\u00e1ct m\u011bs\u00edc\u016f roku 2009 v uspo\u0159\u00e1d\u00e1n\u00ed t\u0159\u00ed sloupc\u016f a \u010dty\u0159 \u0159\u00e1dk\u016f. Ka\u017ed\u00fd blok p\u0159edstavuje jeden m\u011bs\u00edc, od ledna a\u017e po prosinec, a umo\u017e\u0148uje rychlou orientaci v cel\u00e9m roce na jedin\u00e9 str\u00e1nce.<\/p>\n\n\n\n<h3 class=\"wp-block-heading\">Z\u00e1kladn\u00ed informace o roce 2009<\/h3>\n\n\n\n<p class=\"wp-block-paragraph\">Rok 2009 nebyl p\u0159estupn\u00fd, \u00fanor tedy obsahoval 28 dn\u00ed. Prvn\u00ed leden p\u0159ipadl na \u010dtvrtek a stejn\u011b tak i posledn\u00ed prosinec. Toto rozlo\u017een\u00ed ovliv\u0148uje strukturu jednotliv\u00fdch m\u011bs\u00edc\u016f a jejich n\u00e1vaznost v kalend\u00e1\u0159i.<\/p>\n\n\n\n<h3 class=\"wp-block-heading\">M\u011bs\u00ed\u010dn\u00ed bloky<\/h3>\n\n\n\n<p class=\"wp-block-paragraph\">Ka\u017ed\u00fd m\u011bs\u00edc je ozna\u010den v\u00fdrazn\u00fdm nadpisem v horn\u00ed \u010d\u00e1sti bloku. Pod n\u00edm se nach\u00e1z\u00ed \u0159ada \u010desk\u00fdch zkratek dn\u016f v t\u00fddnu (Po, \u00dat, St, \u010ct, P\u00e1, So, Ne). Pod t\u011bmito zkratkami jsou ve sloupc\u00edch uvedeny jednotliv\u00e9 dny m\u011bs\u00edce bez pr\u00e1zdn\u00fdch bun\u011bk, co\u017e zaji\u0161\u0165uje kompaktn\u00ed a \u010dist\u00fd vzhled.<\/p>\n\n\n\n<h2 class=\"wp-block-heading\">Vizu\u00e1ln\u00ed proveden\u00ed a barevn\u00e9 zv\u00fdrazn\u011bn\u00ed<\/h2>\n\n\n\n<p class=\"wp-block-paragraph\">Kalend\u00e1\u0159 vyu\u017e\u00edv\u00e1 jednoduch\u00e9 grafick\u00e9 prvky, kter\u00e9 podporuj\u00ed rychlou orientaci.<\/p>\n\n\n\n<h3 class=\"wp-block-heading\">Barevn\u00e9 prvky<\/h3>\n\n\n\n<p class=\"wp-block-paragraph\">Ned\u011ble jsou vyti\u0161t\u011bny \u010derven\u011b, aby bylo okam\u017eit\u011b patrn\u00e9, kdy kon\u010d\u00ed pracovn\u00ed t\u00fdden. Ostatn\u00ed dny jsou zobrazeny tmavou barvou, nej\u010dast\u011bji \u010dernou nebo tmav\u011b \u0161edou. Jednotliv\u00e9 m\u011bs\u00edce mohou b\u00fdt dopln\u011bny jemn\u00fdmi pastelov\u00fdmi odst\u00edny pozad\u00ed \u010di r\u00e1me\u010dk\u016f, kter\u00e9 pom\u00e1haj\u00ed vizu\u00e1ln\u011b odd\u011blit jednotliv\u00e9 bloky.<\/p>\n\n\n\n<h3 class=\"wp-block-heading\">Minimalistick\u00e9 zpracov\u00e1n\u00ed<\/h3>\n\n\n\n<p class=\"wp-block-paragraph\">Kalend\u00e1\u0159 neobsahuje ozna\u010den\u00ed st\u00e1tn\u00edch \u010di c\u00edrkevn\u00edch sv\u00e1tk\u016f ani \u010d\u00edslov\u00e1n\u00ed t\u00fddn\u016f. D\u00edky tomu p\u016fsob\u00ed univerz\u00e1ln\u011b a je vhodn\u00fd pro \u0161irok\u00e9 spektrum u\u017eivatel\u016f, kte\u0159\u00ed preferuj\u00ed \u010dist\u00fd a neru\u0161iv\u00fd design.<\/p>\n\n\n\n<h2 class=\"wp-block-heading\">Jak zjistit den v t\u00fddnu podle kalend\u00e1\u0159e 2009<\/h2>\n\n\n\n<p class=\"wp-block-paragraph\">Pou\u017eit\u00ed kalend\u00e1\u0159e je velmi intuitivn\u00ed. Najde\u0161 blok s po\u017eadovan\u00fdm m\u011bs\u00edcem, v \u0159\u00e1dku zkratek dn\u016f vyhled\u00e1\u0161 odpov\u00eddaj\u00edc\u00ed sloupec a pod n\u00edm najde\u0161 konkr\u00e9tn\u00ed datum. Barva \u010d\u00edsla ti okam\u017eit\u011b napov\u00ed, zda \u0161lo o ned\u011bli, nebo jin\u00fd den v t\u00fddnu.<\/p>\n\n\n\n<h2 class=\"wp-block-heading\">V\u00fdhody a nev\u00fdhody jednolist\u00e9ho kalend\u00e1\u0159e 2009<\/h2>\n\n\n\n<h3 class=\"wp-block-heading\">V\u00fdhody<\/h3>\n\n\n\n<p class=\"wp-block-paragraph\">\u2013 Cel\u00fd rok na jednom listu \u0161et\u0159\u00ed \u010das i m\u00edsto. \u2013 Barevn\u00e9 zv\u00fdrazn\u011bn\u00ed ned\u011bl\u00ed usnad\u0148uje orientaci. \u2013 Jednoduch\u00fd a \u010dist\u00fd design se soust\u0159ed\u00ed na z\u00e1kladn\u00ed funkci \u2013 rychl\u00e9 ur\u010den\u00ed dne v t\u00fddnu.<\/p>\n\n\n\n<h3 class=\"wp-block-heading\">Nev\u00fdhody<\/h3>\n\n\n\n<p class=\"wp-block-paragraph\">\u2013 Absence \u010d\u00edslov\u00e1n\u00ed t\u00fddn\u016f m\u016f\u017ee omezit administrativn\u00ed \u010di projektov\u00e9 pl\u00e1nov\u00e1n\u00ed. \u2013 Neozna\u010den\u00e9 sv\u00e1tky vy\u017eaduj\u00ed dopl\u0148kov\u00fd zdroj informac\u00ed. \u2013 V\u00edcebarevn\u00e9 proveden\u00ed m\u016f\u017ee zv\u00fd\u0161it spot\u0159ebu inkoustu p\u0159i dom\u00e1c\u00edm tisku.<\/p>\n\n\n\n<figure class=\"wp-block-image size-full\"><img loading=\"lazy\" decoding=\"async\" width=\"800\" height=\"566\" src=\"https:\/\/kalendare365.eu\/wp-content\/uploads\/2025\/06\/kalendar-2009.webp\" alt=\"\" class=\"wp-image-3118\" srcset=\"https:\/\/kalendare365.eu\/wp-content\/uploads\/2025\/06\/kalendar-2009.webp 800w, https:\/\/kalendare365.eu\/wp-content\/uploads\/2025\/06\/kalendar-2009-300x212.webp 300w, https:\/\/kalendare365.eu\/wp-content\/uploads\/2025\/06\/kalendar-2009-768x543.webp 768w\" sizes=\"auto, (max-width: 800px) 100vw, 800px\" \/><\/figure>\n\n\n\n<p class=\"has-text-align-center wp-block-paragraph\"><a href=\"https:\/\/kalendare365.eu\/wp-content\/uploads\/2025\/06\/kalendar-2009.pdf\" target=\"_blank\" rel=\"noreferrer noopener nofollow\">PDF<\/a><\/p>\n\n\n\n<h2 class=\"wp-block-heading\">Z\u00e1v\u011br<\/h2>\n\n\n\n<p class=\"wp-block-paragraph\">Jednolist\u00fd ro\u010dn\u00ed kalend\u00e1\u0159 2009 je praktick\u00fdm n\u00e1strojem pro ka\u017ed\u00e9ho, kdo pot\u0159ebuje rychle zjistit den v t\u00fddnu nebo se orientovat v uplynul\u00e9m roce. D\u00edky \u010desk\u00fdm popisk\u016fm, p\u0159ehledn\u00e9 struktu\u0159e a \u010derven\u00e9mu zv\u00fdrazn\u011bn\u00ed ned\u011bl\u00ed nab\u00edz\u00ed jasn\u00fd a okam\u017eit\u00fd p\u0159ehled bez zbyte\u010dn\u00fdch prvk\u016f. Je vhodn\u00fd pro dom\u00e1c\u00ed i kancel\u00e1\u0159sk\u00e9 pou\u017eit\u00ed, pro pl\u00e1nov\u00e1n\u00ed, p\u0159ipom\u00edn\u00e1n\u00ed v\u00fdro\u010d\u00ed i pro jednoduch\u00e9 retrospektivn\u00ed ov\u011b\u0159en\u00ed d\u016fle\u017eit\u00fdch dat.<\/p>\n","protected":false},"excerpt":{"rendered":"<p>Ro\u010dn\u00ed kalend\u00e1\u0159 2009 vytvo\u0159en\u00fd na jednom listu form\u00e1tu A4 p\u0159edstavuje jednoduch\u00fd a rychl\u00fd zp\u016fsob, jak zjistit, na kter\u00fd den v t\u00fddnu p\u0159ipadlo libovoln\u00e9 datum tohoto roku. D\u00edky \u010desk\u00fdm popisk\u016fm, p\u0159ehledn\u00e9 m\u0159\u00ed\u017ece a barevn\u00e9mu zv\u00fdrazn\u011bn\u00ed ned\u011bl\u00ed je vhodn\u00fd pro ka\u017edodenn\u00ed pou\u017eit\u00ed, retrospektivn\u00ed pl\u00e1nov\u00e1n\u00ed i ov\u011b\u0159ov\u00e1n\u00ed v\u00fdro\u010d\u00ed \u010di narozenin bez nutnosti listovat v\u00edce str\u00e1nkami nebo otev\u00edrat elektronick\u00e9 [&hellip;]<\/p>\n","protected":false},"author":1,"featured_media":0,"comment_status":"open","ping_status":"closed","sticky":false,"template":"","format":"standard","meta":{"footnotes":""},"categories":[1],"tags":[],"class_list":["post-3116","post","type-post","status-publish","format-standard","hentry","category-vyrocni"],"_links":{"self":[{"href":"https:\/\/kalendare365.eu\/index.php?rest_route=\/wp\/v2\/posts\/3116","targetHints":{"allow":["GET"]}}],"collection":[{"href":"https:\/\/kalendare365.eu\/index.php?rest_route=\/wp\/v2\/posts"}],"about":[{"href":"https:\/\/kalendare365.eu\/index.php?rest_route=\/wp\/v2\/types\/post"}],"author":[{"embeddable":true,"href":"https:\/\/kalendare365.eu\/index.php?rest_route=\/wp\/v2\/users\/1"}],"replies":[{"embeddable":true,"href":"https:\/\/kalendare365.eu\/index.php?rest_route=%2Fwp%2Fv2%2Fcomments&post=3116"}],"version-history":[{"count":2,"href":"https:\/\/kalendare365.eu\/index.php?rest_route=\/wp\/v2\/posts\/3116\/revisions"}],"predecessor-version":[{"id":3753,"href":"https:\/\/kalendare365.eu\/index.php?rest_route=\/wp\/v2\/posts\/3116\/revisions\/3753"}],"wp:attachment":[{"href":"https:\/\/kalendare365.eu\/index.php?rest_route=%2Fwp%2Fv2%2Fmedia&parent=3116"}],"wp:term":[{"taxonomy":"category","embeddable":true,"href":"https:\/\/kalendare365.eu\/index.php?rest_route=%2Fwp%2Fv2%2Fcategories&post=3116"},{"taxonomy":"post_tag","embeddable":true,"href":"https:\/\/kalendare365.eu\/index.php?rest_route=%2Fwp%2Fv2%2Ftags&post=3116"}],"curies":[{"name":"wp","href":"https:\/\/api.w.org\/{rel}","templated":true}]}}