{"id":3126,"date":"2025-06-13T14:47:16","date_gmt":"2025-06-13T11:47:16","guid":{"rendered":"https:\/\/kalendare365.eu\/?p=3126"},"modified":"2026-06-29T00:15:43","modified_gmt":"2026-06-28T21:15:43","slug":"kalendar-2007","status":"publish","type":"post","link":"https:\/\/kalendare365.eu\/?p=3126","title":{"rendered":"Kalend\u00e1\u0159 2007"},"content":{"rendered":"\n<p class=\"wp-block-paragraph\">Jednostr\u00e1nkov\u00fd kalend\u00e1\u0159 2007 ve form\u00e1tu A4 pat\u0159\u00ed mezi nejobl\u00edben\u011bj\u0161\u00ed n\u00e1stroje pro rychlou orientaci v datech. D\u00edky \u010desk\u00fdm n\u00e1zv\u016fm m\u011bs\u00edc\u016f a dn\u016f, p\u0159ehledn\u00e9mu rozlo\u017een\u00ed a decentn\u00edmu barevn\u00e9mu proveden\u00ed nab\u00edz\u00ed praktick\u00fd a vizu\u00e1ln\u011b p\u0159\u00edjemn\u00fd zp\u016fsob, jak si kdykoli ov\u011b\u0159it den v t\u00fddnu. Tento typ kalend\u00e1\u0159e je vhodn\u00fd do kancel\u00e1\u0159e, dom\u00e1c\u00ed pracovny i osobn\u00edho di\u00e1\u0159e, proto\u017ee spojuje jednoduchost, \u010dist\u00fd design a okam\u017eitou \u010ditelnost.<\/p>\n\n\n\n<h2 class=\"wp-block-heading\">Obecn\u00e9 informace o roce 2007<\/h2>\n\n\n\n<p class=\"wp-block-paragraph\">Rok 2007 nebyl p\u0159estupn\u00fd, co\u017e znamen\u00e1, \u017ee \u00fanor m\u011bl standardn\u00edch 28 dn\u016f. Prvn\u00ed leden p\u0159ipadl na pond\u011bl\u00ed a posledn\u00ed prosinec rovn\u011b\u017e na pond\u011bl\u00ed, tak\u017ee rok za\u010dal i skon\u010dil stejn\u00fdm dnem v t\u00fddnu. Celkem 104 v\u00edkendov\u00fdch dn\u016f (52 sobot a 52 ned\u011bl\u00ed) je v kalend\u00e1\u0159i zv\u00fdrazn\u011bno \u010dervenou barvou, aby bylo mo\u017en\u00e9 rychle odli\u0161it pracovn\u00ed dny od v\u00edkendu.<\/p>\n\n\n\n<h2 class=\"wp-block-heading\">Struktura a rozlo\u017een\u00ed kalend\u00e1\u0159e<\/h2>\n\n\n\n<p class=\"wp-block-paragraph\">Ro\u010dn\u00ed kalend\u00e1\u0159 2007 je rozd\u011blen do t\u0159\u00ed vertik\u00e1ln\u00edch sloupc\u016f a \u010dty\u0159 horizont\u00e1ln\u00edch \u0159ad, kter\u00e9 spole\u010dn\u011b pojmou v\u0161ech dvan\u00e1ct m\u011bs\u00edc\u016f. Ka\u017ed\u00fd blok za\u010d\u00edn\u00e1 tu\u010dn\u00fdm n\u00e1zvem m\u011bs\u00edce, pod n\u00edm\u017e se nach\u00e1z\u00ed \u0159ada zkratek dn\u016f v t\u00fddnu: Po, \u00dat, St, \u010ct, P\u00e1, So, Ne. Datumov\u00e1 \u010d\u00edsla jsou uspo\u0159\u00e1d\u00e1na plynule pod t\u011bmito zkratkami bez pr\u00e1zdn\u00fdch pol\u00ed na za\u010d\u00e1tku \u010di konci m\u011bs\u00edce, co\u017e zaji\u0161\u0165uje kompaktn\u00ed a \u010dist\u00fd vzhled.<\/p>\n\n\n\n<h2 class=\"wp-block-heading\">Barevn\u00e9 proveden\u00ed<\/h2>\n\n\n\n<p class=\"wp-block-paragraph\">Kalend\u00e1\u0159 vyu\u017e\u00edv\u00e1 jemn\u00e9 pastelov\u00e9 odst\u00edny nebo decentn\u00ed r\u00e1me\u010dky, kter\u00e9 pom\u00e1haj\u00ed vizu\u00e1ln\u011b odd\u011blit jednotliv\u00e9 m\u011bs\u00edce. Ned\u011ble jsou vyti\u0161t\u011bny \u010derven\u011b, zat\u00edmco pracovn\u00ed dny a soboty z\u016fst\u00e1vaj\u00ed v tmav\u00e9 barv\u011b. Tento barevn\u00fd syst\u00e9m umo\u017e\u0148uje okam\u017eitou orientaci a podporuje rychl\u00e9 vyhled\u00e1v\u00e1n\u00ed konkr\u00e9tn\u00edch dat.<\/p>\n\n\n\n<h2 class=\"wp-block-heading\">Jak naj\u00edt den v t\u00fddnu<\/h2>\n\n\n\n<p class=\"wp-block-paragraph\">Pro ur\u010den\u00ed dne v t\u00fddnu sta\u010d\u00ed postupovat podle jednoduch\u00e9ho vizu\u00e1ln\u00edho sch\u00e9matu: \u2013 Vyhledat blok s po\u017eadovan\u00fdm m\u011bs\u00edcem. \u2013 Naj\u00edt odpov\u00eddaj\u00edc\u00ed sloupec podle zkratky dne v t\u00fddnu. \u2013 Pod t\u00edmto sloupcem naj\u00edt konkr\u00e9tn\u00ed datum. \u010cerven\u00e9 \u010d\u00edslo ozna\u010duje ned\u011bli, ostatn\u00ed barvy p\u0159edstavuj\u00ed pracovn\u00ed dny nebo sobotu.<\/p>\n\n\n\n<h2 class=\"wp-block-heading\">V\u00fdhody<\/h2>\n\n\n\n<p class=\"wp-block-paragraph\">\u2013 P\u0159ehled cel\u00e9ho roku na jedin\u00e9 str\u00e1nce. \u2013 Pastelov\u00e9 odst\u00edny a \u010derven\u00e9 ned\u011ble pro rychlou orientaci. \u2013 Jednoduch\u00e9 zpracov\u00e1n\u00ed bez \u010d\u00edslov\u00e1n\u00ed t\u00fddn\u016f a bez nadbyte\u010dn\u00fdch informac\u00ed.<\/p>\n\n\n\n<h2 class=\"wp-block-heading\">Nev\u00fdhody<\/h2>\n\n\n\n<p class=\"wp-block-paragraph\">\u2013 Absence \u010d\u00edslov\u00e1n\u00ed t\u00fddn\u016f m\u016f\u017ee komplikovat administrativn\u00ed pl\u00e1nov\u00e1n\u00ed. \u2013 Neozna\u010duje st\u00e1tn\u00ed ani c\u00edrkevn\u00ed sv\u00e1tky. \u2013 V\u00edcebarevn\u00fd tisk m\u016f\u017ee zv\u00fd\u0161it spot\u0159ebu inkoustu \u010di toneru.<\/p>\n\n\n\n<figure class=\"wp-block-image size-full\"><img loading=\"lazy\" decoding=\"async\" width=\"800\" height=\"566\" src=\"https:\/\/kalendare365.eu\/wp-content\/uploads\/2025\/06\/kalendar-2007.webp\" alt=\"\" class=\"wp-image-3128\" srcset=\"https:\/\/kalendare365.eu\/wp-content\/uploads\/2025\/06\/kalendar-2007.webp 800w, https:\/\/kalendare365.eu\/wp-content\/uploads\/2025\/06\/kalendar-2007-300x212.webp 300w, https:\/\/kalendare365.eu\/wp-content\/uploads\/2025\/06\/kalendar-2007-768x543.webp 768w\" sizes=\"auto, (max-width: 800px) 100vw, 800px\" \/><\/figure>\n\n\n\n<p class=\"has-text-align-center wp-block-paragraph\"><a href=\"https:\/\/kalendare365.eu\/wp-content\/uploads\/2025\/06\/kalendar-2007.pdf\" target=\"_blank\" rel=\"noreferrer noopener nofollow\">PDF<\/a><\/p>\n\n\n\n<h2 class=\"wp-block-heading\">Z\u00e1v\u011br<\/h2>\n\n\n\n<p class=\"wp-block-paragraph\">Jedinolist\u00fd kalend\u00e1\u0159 2007 v \u010de\u0161tin\u011b p\u0159edstavuje praktickou pom\u016fcku pro ka\u017ed\u00e9ho, kdo pot\u0159ebuje rychle zjistit den v t\u00fddnu u libovoln\u00e9ho data. D\u00edky p\u0159ehledn\u00e9 struktu\u0159e, v\u00fdrazn\u00fdm m\u011bs\u00ed\u010dn\u00edm nadpis\u016fm a jasn\u00e9mu barevn\u00e9mu rozli\u0161en\u00ed v\u00edkend\u016f nab\u00edz\u00ed estetick\u00e9 a funk\u010dn\u00ed \u0159e\u0161en\u00ed pro ka\u017edodenn\u00ed pou\u017eit\u00ed.<\/p>\n","protected":false},"excerpt":{"rendered":"<p>Jednostr\u00e1nkov\u00fd kalend\u00e1\u0159 2007 ve form\u00e1tu A4 pat\u0159\u00ed mezi nejobl\u00edben\u011bj\u0161\u00ed n\u00e1stroje pro rychlou orientaci v datech. D\u00edky \u010desk\u00fdm n\u00e1zv\u016fm m\u011bs\u00edc\u016f a dn\u016f, p\u0159ehledn\u00e9mu rozlo\u017een\u00ed a decentn\u00edmu barevn\u00e9mu proveden\u00ed nab\u00edz\u00ed praktick\u00fd a vizu\u00e1ln\u011b p\u0159\u00edjemn\u00fd zp\u016fsob, jak si kdykoli ov\u011b\u0159it den v t\u00fddnu. Tento typ kalend\u00e1\u0159e je vhodn\u00fd do kancel\u00e1\u0159e, dom\u00e1c\u00ed pracovny i osobn\u00edho di\u00e1\u0159e, proto\u017ee spojuje jednoduchost, [&hellip;]<\/p>\n","protected":false},"author":1,"featured_media":0,"comment_status":"open","ping_status":"closed","sticky":false,"template":"","format":"standard","meta":{"footnotes":""},"categories":[1],"tags":[],"class_list":["post-3126","post","type-post","status-publish","format-standard","hentry","category-vyrocni"],"_links":{"self":[{"href":"https:\/\/kalendare365.eu\/index.php?rest_route=\/wp\/v2\/posts\/3126","targetHints":{"allow":["GET"]}}],"collection":[{"href":"https:\/\/kalendare365.eu\/index.php?rest_route=\/wp\/v2\/posts"}],"about":[{"href":"https:\/\/kalendare365.eu\/index.php?rest_route=\/wp\/v2\/types\/post"}],"author":[{"embeddable":true,"href":"https:\/\/kalendare365.eu\/index.php?rest_route=\/wp\/v2\/users\/1"}],"replies":[{"embeddable":true,"href":"https:\/\/kalendare365.eu\/index.php?rest_route=%2Fwp%2Fv2%2Fcomments&post=3126"}],"version-history":[{"count":3,"href":"https:\/\/kalendare365.eu\/index.php?rest_route=\/wp\/v2\/posts\/3126\/revisions"}],"predecessor-version":[{"id":3751,"href":"https:\/\/kalendare365.eu\/index.php?rest_route=\/wp\/v2\/posts\/3126\/revisions\/3751"}],"wp:attachment":[{"href":"https:\/\/kalendare365.eu\/index.php?rest_route=%2Fwp%2Fv2%2Fmedia&parent=3126"}],"wp:term":[{"taxonomy":"category","embeddable":true,"href":"https:\/\/kalendare365.eu\/index.php?rest_route=%2Fwp%2Fv2%2Fcategories&post=3126"},{"taxonomy":"post_tag","embeddable":true,"href":"https:\/\/kalendare365.eu\/index.php?rest_route=%2Fwp%2Fv2%2Ftags&post=3126"}],"curies":[{"name":"wp","href":"https:\/\/api.w.org\/{rel}","templated":true}]}}