{"id":3131,"date":"2025-06-13T14:56:21","date_gmt":"2025-06-13T11:56:21","guid":{"rendered":"https:\/\/kalendare365.eu\/?p=3131"},"modified":"2026-06-29T00:13:49","modified_gmt":"2026-06-28T21:13:49","slug":"kalendar-2006","status":"publish","type":"post","link":"https:\/\/kalendare365.eu\/?p=3131","title":{"rendered":"Kalend\u00e1\u0159 2006"},"content":{"rendered":"\n<p class=\"wp-block-paragraph\">Ro\u010dn\u00ed <strong>kalend\u00e1\u0159 2006<\/strong> na jednom listu form\u00e1tu A4 p\u0159edstavuje praktick\u00fd a vizu\u00e1ln\u011b \u010dist\u00fd zp\u016fsob, jak rychle zjistit, na kter\u00fd den v t\u00fddnu p\u0159ipadlo libovoln\u00e9 datum tohoto roku. D\u00edky \u010desk\u00fdm n\u00e1zv\u016fm m\u011bs\u00edc\u016f a dn\u016f, jednoduch\u00e9mu rozlo\u017een\u00ed a decentn\u00edmu v\u00edc\u00adebarevn\u00e9mu designu se hod\u00ed do kancel\u00e1\u0159e, dom\u00e1c\u00ed pracovny i osobn\u00edho di\u00e1\u0159e. Minimalistick\u00e9 proveden\u00ed bez sv\u00e1tk\u016f a bez \u010d\u00edslov\u00e1n\u00ed t\u00fddn\u016f zd\u016fraz\u0148uje jeho hlavn\u00ed \u00fa\u010del \u2013 p\u0159ehledn\u00e9 zobrazen\u00ed cel\u00e9ho roku na jedn\u00e9 str\u00e1nce.<\/p>\n\n\n\n<h2 class=\"wp-block-heading\">Obecn\u00e9 informace o roce 2006<\/h2>\n\n\n\n<p class=\"wp-block-paragraph\">Rok 2006 nebyl p\u0159estupn\u00fd, \u00fanor tedy obsahoval standardn\u00edch 28 dn\u00ed. Prvn\u00ed den roku \u2013 1. leden \u2013 p\u0159ipadl na ned\u011bli, a stejn\u011b tak i posledn\u00ed den \u2013 31. prosinec. Rok tak za\u010dal i skon\u010dil stejn\u00fdm dnem v t\u00fddnu. Celkem 52 ned\u011bl je v kalend\u00e1\u0159i snadno rozpoznateln\u00fdch d\u00edky \u010derven\u00e9mu zv\u00fdrazn\u011bn\u00ed.<\/p>\n\n\n\n<h2 class=\"wp-block-heading\">Form\u00e1t a rozlo\u017een\u00ed kalend\u00e1\u0159e<\/h2>\n\n\n\n<p class=\"wp-block-paragraph\">Kalend\u00e1\u0159 je strukturov\u00e1n do t\u0159\u00ed svisl\u00fdch sloupc\u016f a \u010dty\u0159 vodorovn\u00fdch \u0159ad, co\u017e vytv\u00e1\u0159\u00ed dvan\u00e1ct samostatn\u00fdch blok\u016f pro jednotliv\u00e9 m\u011bs\u00edce. Nad ka\u017ed\u00fdm blokem je uveden tu\u010dn\u00fd n\u00e1zev m\u011bs\u00edce (nap\u0159\u00edklad B\u0158EZEN 2006). Pod n\u00edm se nach\u00e1z\u00ed \u0159ada sedmi zkratek dn\u016f v t\u00fddnu: Po, \u00dat, St, \u010ct, P\u00e1, So, Ne.<\/p>\n\n\n\n<p class=\"wp-block-paragraph\">Datumov\u00e1 \u010d\u00edsla jsou um\u00edst\u011bna p\u0159\u00edmo pod t\u011bmito zkratkami bez pr\u00e1zdn\u00fdch pol\u00ed\u010dek na okraj\u00edch, tak\u017ee dny plynule navazuj\u00ed a cel\u00fd m\u011bs\u00edc p\u016fsob\u00ed kompaktn\u011b a p\u0159ehledn\u011b.<\/p>\n\n\n\n<h2 class=\"wp-block-heading\">Barevn\u00e9 proveden\u00ed<\/h2>\n\n\n\n<p class=\"wp-block-paragraph\">Ka\u017ed\u00fd m\u011bs\u00edc je odli\u0161en jemn\u00fdm pastelov\u00fdm podkladem nebo tenkou r\u00e1me\u010dkovou linkou, co\u017e usnad\u0148uje orientaci v jednotliv\u00fdch sekc\u00edch. Ned\u011ble jsou vyzna\u010deny \u010derven\u011b, zat\u00edmco pracovn\u00ed dny a soboty maj\u00ed tmavou kontrastn\u00ed barvu. Kalend\u00e1\u0159 neobsahuje \u017e\u00e1dn\u00e9 ikonky sv\u00e1tk\u016f ani dal\u0161\u00ed grafick\u00e9 symboly, \u010d\u00edm\u017e si zachov\u00e1v\u00e1 minimalistick\u00fd a \u010dist\u00fd vzhled.<\/p>\n\n\n\n<h2 class=\"wp-block-heading\">Jak zjistit den v t\u00fddnu<\/h2>\n\n\n\n<ul class=\"wp-block-list\">\n<li>Vyhled\u00e1n\u00ed m\u011bs\u00edce podle tu\u010dn\u00e9ho nadpisu.<\/li>\n\n\n\n<li>Identifikace sloupce podle zkratky dne v t\u00fddnu (Po\u2013Ne).<\/li>\n\n\n\n<li>Nalezen\u00ed data v odpov\u00eddaj\u00edc\u00edm sloupci. \u010cerven\u00e9 \u010d\u00edslo ozna\u010duje ned\u011bli, ostatn\u00ed barvy pracovn\u00ed dny nebo sobotu.<\/li>\n<\/ul>\n\n\n\n<h2 class=\"wp-block-heading\">V\u00fdhody<\/h2>\n\n\n\n<ul class=\"wp-block-list\">\n<li>P\u0159ehled cel\u00e9ho roku na jedn\u00e9 str\u00e1nce \u0161et\u0159\u00ed \u010das i m\u00edsto.<\/li>\n\n\n\n<li>Barevn\u00e9 odli\u0161en\u00ed zvy\u0161uje orientaci.<\/li>\n\n\n\n<li>Minimalistick\u00fd design bez ru\u0161iv\u00fdch prvk\u016f.<\/li>\n<\/ul>\n\n\n\n<h2 class=\"wp-block-heading\">Nev\u00fdhody<\/h2>\n\n\n\n<ul class=\"wp-block-list\">\n<li>Chyb\u011bj\u00edc\u00ed \u010d\u00edslov\u00e1n\u00ed t\u00fddn\u016f m\u016f\u017ee komplikovat administrativn\u00ed pl\u00e1nov\u00e1n\u00ed.<\/li>\n\n\n\n<li>Nezv\u00fdrazn\u011bn\u00e9 sv\u00e1tky vy\u017eaduj\u00ed dopl\u0148kov\u00fd zdroj.<\/li>\n\n\n\n<li>V\u00edcebarevn\u00fd tisk m\u016f\u017ee zv\u00fd\u0161it spot\u0159ebu inkoustu \u010di toneru.<\/li>\n<\/ul>\n\n\n\n<figure class=\"wp-block-image size-full\"><img loading=\"lazy\" decoding=\"async\" width=\"800\" height=\"566\" src=\"https:\/\/kalendare365.eu\/wp-content\/uploads\/2025\/06\/kalendar-2006.webp\" alt=\"\" class=\"wp-image-3132\" srcset=\"https:\/\/kalendare365.eu\/wp-content\/uploads\/2025\/06\/kalendar-2006.webp 800w, https:\/\/kalendare365.eu\/wp-content\/uploads\/2025\/06\/kalendar-2006-300x212.webp 300w, https:\/\/kalendare365.eu\/wp-content\/uploads\/2025\/06\/kalendar-2006-768x543.webp 768w\" sizes=\"auto, (max-width: 800px) 100vw, 800px\" \/><\/figure>\n\n\n\n<p class=\"has-text-align-center wp-block-paragraph\"><a href=\"https:\/\/kalendare365.eu\/wp-content\/uploads\/2025\/06\/kalendar-2006.pdf\" target=\"_blank\" rel=\"noreferrer noopener nofollow\">PDF<\/a><\/p>\n\n\n\n<h2 class=\"wp-block-heading\">Z\u00e1v\u011br<\/h2>\n\n\n\n<p class=\"wp-block-paragraph\">Jedinolist\u00fd <strong>kalend\u00e1\u0159 2006<\/strong> v \u010de\u0161tin\u011b je ide\u00e1ln\u00edm pomocn\u00edkem pro ka\u017ed\u00e9ho, kdo pot\u0159ebuje rychle zjistit den v t\u00fddnu libovoln\u00e9ho data \u2013 a\u0165 u\u017e jde o rodinn\u00e9 ud\u00e1losti, pracovn\u00ed pl\u00e1nov\u00e1n\u00ed nebo zp\u011btn\u00e9 dohled\u00e1v\u00e1n\u00ed informac\u00ed. D\u00edky p\u0159ehledn\u00e9mu rozlo\u017een\u00ed, barevn\u00fdm akcent\u016fm a \u010derven\u011b vyzna\u010den\u00fdm ned\u011bl\u00edm nab\u00edz\u00ed praktick\u00fd a esteticky vyv\u00e1\u017een\u00fd p\u0159ehled cel\u00e9ho roku na jednom m\u00edst\u011b.<\/p>\n","protected":false},"excerpt":{"rendered":"<p>Ro\u010dn\u00ed kalend\u00e1\u0159 2006 na jednom listu form\u00e1tu A4 p\u0159edstavuje praktick\u00fd a vizu\u00e1ln\u011b \u010dist\u00fd zp\u016fsob, jak rychle zjistit, na kter\u00fd den v t\u00fddnu p\u0159ipadlo libovoln\u00e9 datum tohoto roku. D\u00edky \u010desk\u00fdm n\u00e1zv\u016fm m\u011bs\u00edc\u016f a dn\u016f, jednoduch\u00e9mu rozlo\u017een\u00ed a decentn\u00edmu v\u00edc\u00adebarevn\u00e9mu designu se hod\u00ed do kancel\u00e1\u0159e, dom\u00e1c\u00ed pracovny i osobn\u00edho di\u00e1\u0159e. Minimalistick\u00e9 proveden\u00ed bez sv\u00e1tk\u016f a bez \u010d\u00edslov\u00e1n\u00ed [&hellip;]<\/p>\n","protected":false},"author":1,"featured_media":0,"comment_status":"open","ping_status":"closed","sticky":false,"template":"","format":"standard","meta":{"footnotes":""},"categories":[1],"tags":[],"class_list":["post-3131","post","type-post","status-publish","format-standard","hentry","category-vyrocni"],"_links":{"self":[{"href":"https:\/\/kalendare365.eu\/index.php?rest_route=\/wp\/v2\/posts\/3131","targetHints":{"allow":["GET"]}}],"collection":[{"href":"https:\/\/kalendare365.eu\/index.php?rest_route=\/wp\/v2\/posts"}],"about":[{"href":"https:\/\/kalendare365.eu\/index.php?rest_route=\/wp\/v2\/types\/post"}],"author":[{"embeddable":true,"href":"https:\/\/kalendare365.eu\/index.php?rest_route=\/wp\/v2\/users\/1"}],"replies":[{"embeddable":true,"href":"https:\/\/kalendare365.eu\/index.php?rest_route=%2Fwp%2Fv2%2Fcomments&post=3131"}],"version-history":[{"count":2,"href":"https:\/\/kalendare365.eu\/index.php?rest_route=\/wp\/v2\/posts\/3131\/revisions"}],"predecessor-version":[{"id":3750,"href":"https:\/\/kalendare365.eu\/index.php?rest_route=\/wp\/v2\/posts\/3131\/revisions\/3750"}],"wp:attachment":[{"href":"https:\/\/kalendare365.eu\/index.php?rest_route=%2Fwp%2Fv2%2Fmedia&parent=3131"}],"wp:term":[{"taxonomy":"category","embeddable":true,"href":"https:\/\/kalendare365.eu\/index.php?rest_route=%2Fwp%2Fv2%2Fcategories&post=3131"},{"taxonomy":"post_tag","embeddable":true,"href":"https:\/\/kalendare365.eu\/index.php?rest_route=%2Fwp%2Fv2%2Ftags&post=3131"}],"curies":[{"name":"wp","href":"https:\/\/api.w.org\/{rel}","templated":true}]}}