{"id":3139,"date":"2025-06-13T15:02:59","date_gmt":"2025-06-13T12:02:59","guid":{"rendered":"https:\/\/kalendare365.eu\/?p=3139"},"modified":"2026-06-29T00:12:04","modified_gmt":"2026-06-28T21:12:04","slug":"kalendar-2004","status":"publish","type":"post","link":"https:\/\/kalendare365.eu\/?p=3139","title":{"rendered":"Kalend\u00e1\u0159 2004"},"content":{"rendered":"\n<p class=\"wp-block-paragraph\">Ro\u010dn\u00ed kalend\u00e1\u0159 pro rok 2004 p\u0159edstavuje praktick\u00fd jednolist\u00fd p\u0159ehled, kter\u00fd umo\u017e\u0148uje rychle zjistit, na kter\u00fd den v t\u00fddnu p\u0159ipad\u00e1 libovoln\u00e9 datum. D\u00edky \u010desk\u00fdm n\u00e1zv\u016fm m\u011bs\u00edc\u016f a dn\u016f, minimalistick\u00e9mu zpracov\u00e1n\u00ed a jemn\u00e9mu barevn\u00e9mu odli\u0161en\u00ed jednotliv\u00fdch sekc\u00ed nab\u00edz\u00ed p\u0159ehlednou a vizu\u00e1ln\u011b p\u0159\u00edjemnou pom\u016fcku pro dom\u00e1c\u00ed i kancel\u00e1\u0159sk\u00e9 pou\u017eit\u00ed.<\/p>\n\n\n\n<h2 class=\"wp-block-heading\">Obecn\u00e9 informace o roce 2004<\/h2>\n\n\n\n<p class=\"wp-block-paragraph\">Rok 2004 byl p\u0159estupn\u00fd, co\u017e znamen\u00e1, \u017ee \u00fanor m\u011bl 29 dn\u00ed a celkov\u00fd po\u010det dn\u00ed v roce dos\u00e1hl 366. Prvn\u00ed den roku p\u0159ipadl na \u010dtvrtek, zat\u00edmco posledn\u00ed den \u2013 31. prosinec \u2013 na p\u00e1tek. V pr\u016fb\u011bhu roku se objevilo 52 ned\u011bl\u00ed, kter\u00e9 jsou v kalend\u00e1\u0159i zv\u00fdrazn\u011bny \u010dervenou barvou pro snadn\u011bj\u0161\u00ed orientaci.<\/p>\n\n\n\n<h2 class=\"wp-block-heading\">Form\u00e1t a rozvr\u017een\u00ed kalend\u00e1\u0159e<\/h2>\n\n\n\n<p class=\"wp-block-paragraph\">Kalend\u00e1\u0159 je navr\u017een jako jednolist\u00fd dokument form\u00e1tu A4, na kter\u00e9m jsou v\u0161echny m\u011bs\u00edce rozm\u00edst\u011bny do t\u0159\u00ed vertik\u00e1ln\u00edch sloupc\u016f a \u010dty\u0159 vodorovn\u00fdch \u0159\u00e1dk\u016f. Ka\u017ed\u00fd blok za\u010d\u00edn\u00e1 nadpisem ve tvaru \u201eM\u011aS\u00cdC 2004\u201c, pod n\u00edm\u017e n\u00e1sleduje \u0159ada zkratek dn\u016f v t\u00fddnu: Po, \u00dat, St, \u010ct, P\u00e1, So, Ne.<\/p>\n\n\n\n<p class=\"wp-block-paragraph\">Datumov\u00e1 \u010d\u00edsla jsou uspo\u0159\u00e1d\u00e1na kompaktn\u011b, bez pr\u00e1zdn\u00fdch bun\u011bk na za\u010d\u00e1tku \u010di konci m\u011bs\u00edce. D\u00edky tomu p\u016fsob\u00ed cel\u00fd kalend\u00e1\u0159 \u010dist\u011b, p\u0159ehledn\u011b a bez zbyte\u010dn\u00fdch vizu\u00e1ln\u00edch prvk\u016f.<\/p>\n\n\n\n<h2 class=\"wp-block-heading\">Barevn\u00e9 proveden\u00ed a vizu\u00e1ln\u00ed styl<\/h2>\n\n\n\n<p class=\"wp-block-paragraph\">Ka\u017ed\u00fd m\u011bs\u00edc je odli\u0161en jemn\u00fdm pastelov\u00fdm odst\u00ednem nebo decentn\u00edm r\u00e1me\u010dkem, co\u017e usnad\u0148uje orientaci v jednotliv\u00fdch sekc\u00edch. Pracovn\u00ed dny a soboty jsou vyti\u0161t\u011bny tmavou barvou, zat\u00edmco ned\u011ble jsou zv\u00fdrazn\u011bny \u010derven\u011b. Kalend\u00e1\u0159 neobsahuje ozna\u010den\u00ed st\u00e1tn\u00edch sv\u00e1tk\u016f ani \u010d\u00edslov\u00e1n\u00ed t\u00fddn\u016f, aby z\u016fstal univerz\u00e1ln\u00ed a minimalistick\u00fd.<\/p>\n\n\n\n<h2 class=\"wp-block-heading\">Jak v kalend\u00e1\u0159i naj\u00edt den v t\u00fddnu<\/h2>\n\n\n\n<ul class=\"wp-block-list\">\n<li>Vyhledejte p\u0159\u00edslu\u0161n\u00fd m\u011bs\u00edc podle nadpisu.<\/li>\n\n\n\n<li>Pod \u0159adou zkratek dn\u016f najd\u011bte sloupec, ve kter\u00e9m se nach\u00e1z\u00ed hledan\u00e9 datum.<\/li>\n\n\n\n<li>\u010cerven\u011b vyti\u0161t\u011bn\u00e9 \u010d\u00edslo ozna\u010duje ned\u011bli, ostatn\u00ed dny odpov\u00eddaj\u00ed pracovn\u00edmu t\u00fddnu nebo sobot\u011b.<\/li>\n<\/ul>\n\n\n\n<h2 class=\"wp-block-heading\">V\u00fdhody a nev\u00fdhody jednolist\u00e9ho kalend\u00e1\u0159e 2004<\/h2>\n\n\n\n<h3 class=\"wp-block-heading\">V\u00fdhody<\/h3>\n\n\n\n<ul class=\"wp-block-list\">\n<li>Cel\u00fd rok je p\u0159ehledn\u011b zobrazen na jedin\u00e9 str\u00e1nce.<\/li>\n\n\n\n<li>Pastelov\u00e9 barvy a \u010derven\u00e9 ned\u011ble zlep\u0161uj\u00ed orientaci.<\/li>\n\n\n\n<li>Minimalistick\u00e9 zpracov\u00e1n\u00ed bez sv\u00e1tk\u016f a t\u00fddn\u016f umo\u017e\u0148uje univerz\u00e1ln\u00ed vyu\u017eit\u00ed.<\/li>\n<\/ul>\n\n\n\n<h3 class=\"wp-block-heading\">Nev\u00fdhody<\/h3>\n\n\n\n<ul class=\"wp-block-list\">\n<li>Absence \u010d\u00edslov\u00e1n\u00ed t\u00fddn\u016f m\u016f\u017ee omezit pou\u017eit\u00ed v administrativ\u011b \u010di pl\u00e1nov\u00e1n\u00ed projekt\u016f.<\/li>\n\n\n\n<li>Neozna\u010den\u00e9 sv\u00e1tky vy\u017eaduj\u00ed dopl\u0148kov\u00fd zdroj informac\u00ed.<\/li>\n\n\n\n<li>V\u00edcebarevn\u00fd tisk m\u016f\u017ee zv\u00fd\u0161it spot\u0159ebu inkoustu nebo toneru.<\/li>\n<\/ul>\n\n\n\n<figure class=\"wp-block-image size-full\"><img loading=\"lazy\" decoding=\"async\" width=\"800\" height=\"566\" src=\"https:\/\/kalendare365.eu\/wp-content\/uploads\/2025\/06\/kalendar-2004.webp\" alt=\"\" class=\"wp-image-3140\" srcset=\"https:\/\/kalendare365.eu\/wp-content\/uploads\/2025\/06\/kalendar-2004.webp 800w, https:\/\/kalendare365.eu\/wp-content\/uploads\/2025\/06\/kalendar-2004-300x212.webp 300w, https:\/\/kalendare365.eu\/wp-content\/uploads\/2025\/06\/kalendar-2004-768x543.webp 768w\" sizes=\"auto, (max-width: 800px) 100vw, 800px\" \/><\/figure>\n\n\n\n<p class=\"has-text-align-center wp-block-paragraph\"><a href=\"https:\/\/kalendare365.eu\/wp-content\/uploads\/2025\/06\/kalendar-2004.pdf\" target=\"_blank\" rel=\"noreferrer noopener nofollow\">PDF<\/a><\/p>\n\n\n\n<h2 class=\"wp-block-heading\">Z\u00e1v\u011br<\/h2>\n\n\n\n<p class=\"wp-block-paragraph\">Jednolist\u00fd kalend\u00e1\u0159 2004 v \u010desk\u00e9m jazyce je praktick\u00fdm n\u00e1strojem pro ka\u017ed\u00e9ho, kdo pot\u0159ebuje rychl\u00fd a p\u0159ehledn\u00fd zp\u016fsob, jak zjistit den v t\u00fddnu pro libovoln\u00e9 datum. Kombinace \u010dist\u00e9ho designu, pastelov\u00e9ho odli\u0161en\u00ed m\u011bs\u00edc\u016f a v\u00fdrazn\u00e9ho ozna\u010den\u00ed ned\u011bl\u00ed vytv\u00e1\u0159\u00ed funk\u010dn\u00ed a esteticky vyv\u00e1\u017een\u00fd dokument, kter\u00fd se hod\u00ed do dom\u00e1c\u00edho prost\u0159ed\u00ed i kancel\u00e1\u0159e.<\/p>\n","protected":false},"excerpt":{"rendered":"<p>Ro\u010dn\u00ed kalend\u00e1\u0159 pro rok 2004 p\u0159edstavuje praktick\u00fd jednolist\u00fd p\u0159ehled, kter\u00fd umo\u017e\u0148uje rychle zjistit, na kter\u00fd den v t\u00fddnu p\u0159ipad\u00e1 libovoln\u00e9 datum. D\u00edky \u010desk\u00fdm n\u00e1zv\u016fm m\u011bs\u00edc\u016f a dn\u016f, minimalistick\u00e9mu zpracov\u00e1n\u00ed a jemn\u00e9mu barevn\u00e9mu odli\u0161en\u00ed jednotliv\u00fdch sekc\u00ed nab\u00edz\u00ed p\u0159ehlednou a vizu\u00e1ln\u011b p\u0159\u00edjemnou pom\u016fcku pro dom\u00e1c\u00ed i kancel\u00e1\u0159sk\u00e9 pou\u017eit\u00ed. Obecn\u00e9 informace o roce 2004 Rok 2004 byl p\u0159estupn\u00fd, [&hellip;]<\/p>\n","protected":false},"author":1,"featured_media":0,"comment_status":"open","ping_status":"closed","sticky":false,"template":"","format":"standard","meta":{"footnotes":""},"categories":[1],"tags":[],"class_list":["post-3139","post","type-post","status-publish","format-standard","hentry","category-vyrocni"],"_links":{"self":[{"href":"https:\/\/kalendare365.eu\/index.php?rest_route=\/wp\/v2\/posts\/3139","targetHints":{"allow":["GET"]}}],"collection":[{"href":"https:\/\/kalendare365.eu\/index.php?rest_route=\/wp\/v2\/posts"}],"about":[{"href":"https:\/\/kalendare365.eu\/index.php?rest_route=\/wp\/v2\/types\/post"}],"author":[{"embeddable":true,"href":"https:\/\/kalendare365.eu\/index.php?rest_route=\/wp\/v2\/users\/1"}],"replies":[{"embeddable":true,"href":"https:\/\/kalendare365.eu\/index.php?rest_route=%2Fwp%2Fv2%2Fcomments&post=3139"}],"version-history":[{"count":2,"href":"https:\/\/kalendare365.eu\/index.php?rest_route=\/wp\/v2\/posts\/3139\/revisions"}],"predecessor-version":[{"id":3749,"href":"https:\/\/kalendare365.eu\/index.php?rest_route=\/wp\/v2\/posts\/3139\/revisions\/3749"}],"wp:attachment":[{"href":"https:\/\/kalendare365.eu\/index.php?rest_route=%2Fwp%2Fv2%2Fmedia&parent=3139"}],"wp:term":[{"taxonomy":"category","embeddable":true,"href":"https:\/\/kalendare365.eu\/index.php?rest_route=%2Fwp%2Fv2%2Fcategories&post=3139"},{"taxonomy":"post_tag","embeddable":true,"href":"https:\/\/kalendare365.eu\/index.php?rest_route=%2Fwp%2Fv2%2Ftags&post=3139"}],"curies":[{"name":"wp","href":"https:\/\/api.w.org\/{rel}","templated":true}]}}