{"id":3143,"date":"2025-06-13T15:08:55","date_gmt":"2025-06-13T12:08:55","guid":{"rendered":"https:\/\/kalendare365.eu\/?p=3143"},"modified":"2026-06-29T00:10:29","modified_gmt":"2026-06-28T21:10:29","slug":"kalendar-2003","status":"publish","type":"post","link":"https:\/\/kalendare365.eu\/?p=3143","title":{"rendered":"Kalend\u00e1\u0159 2003"},"content":{"rendered":"\n<p class=\"wp-block-paragraph\">Ro\u010dn\u00ed kalend\u00e1\u0159 2003 ve form\u00e1tu A4 p\u0159edstavuje praktick\u00fd jednolist\u00fd p\u0159ehled, kter\u00fd umo\u017e\u0148uje rychle zjistit, na kter\u00fd den v t\u00fddnu p\u0159ipad\u00e1 libovoln\u00e9 datum. D\u00edky \u010desk\u00fdm n\u00e1zv\u016fm m\u011bs\u00edc\u016f a dn\u016f, p\u0159ehledn\u00e9mu rozlo\u017een\u00ed a pastelov\u00e9mu barevn\u00e9mu odli\u0161en\u00ed jednotliv\u00fdch blok\u016f nab\u00edz\u00ed kalend\u00e1\u0159 \u010dist\u00fd, univerz\u00e1ln\u00ed a vizu\u00e1ln\u011b p\u0159\u00edjemn\u00fd n\u00e1stroj pro dom\u00e1c\u00ed i kancel\u00e1\u0159sk\u00e9 pou\u017eit\u00ed. Absence \u010d\u00edslov\u00e1n\u00ed t\u00fddn\u016f a neozna\u010den\u00e9 sv\u00e1tky zachov\u00e1vaj\u00ed minimalistick\u00fd vzhled, kter\u00fd vyhovuje u\u017eivatel\u016fm hledaj\u00edc\u00edm jednoduchost a okam\u017eitou orientaci.<\/p>\n\n\n\n<h2 class=\"wp-block-heading\">Obecn\u00e9 informace o roce 2003<\/h2>\n\n\n\n<p class=\"wp-block-paragraph\">Rok 2003 nebyl p\u0159estupn\u00fd, \u00fanor tedy obsahoval standardn\u00edch 28 dn\u016f. Prvn\u00ed den roku, 1. ledna 2003, p\u0159ipadl na st\u0159edu a stejn\u011b tak i posledn\u00ed den roku, 31. prosince 2003. V pr\u016fb\u011bhu roku se objevilo celkem 52 ned\u011bl\u00ed, kter\u00e9 jsou v kalend\u00e1\u0159i zv\u00fdrazn\u011bny \u010dervenou barvou, aby u\u017eivatel snadno rozpoznal v\u00edkendov\u00e9 dny.<\/p>\n\n\n\n<h2 class=\"wp-block-heading\">Form\u00e1t a rozlo\u017een\u00ed kalend\u00e1\u0159e 2003<\/h2>\n\n\n\n<p class=\"wp-block-paragraph\">Kalend\u00e1\u0159 je koncipov\u00e1n jako jednolist\u00fd p\u0159ehled v\u0161ech dvan\u00e1cti m\u011bs\u00edc\u016f, uspo\u0159\u00e1dan\u00fdch do t\u0159\u00ed vertik\u00e1ln\u00edch sloupc\u016f a \u010dty\u0159 vodorovn\u00fdch \u0159\u00e1dk\u016f. Ka\u017ed\u00fd m\u011bs\u00ed\u010dn\u00ed blok za\u010d\u00edn\u00e1 v\u00fdrazn\u00fdm n\u00e1zvem m\u011bs\u00edce a rokem, nap\u0159\u00edklad B\u0158EZEN 2003. Pod nadpisem se nach\u00e1z\u00ed \u0159\u00e1dek se zkratkami dn\u016f v t\u00fddnu: Po, \u00dat, St, \u010ct, P\u00e1, So, Ne.<\/p>\n\n\n\n<p class=\"wp-block-paragraph\">Datumov\u00e1 \u010d\u00edsla jsou v jednotliv\u00fdch sloupc\u00edch \u0159azena plynule, bez pr\u00e1zdn\u00fdch pol\u00ed na za\u010d\u00e1tku \u010di konci m\u011bs\u00edce. D\u00edky tomu je kalend\u00e1\u0159 kompaktn\u00ed, p\u0159ehledn\u00fd a umo\u017e\u0148uje rychlou orientaci bez zbyte\u010dn\u00fdch vizu\u00e1ln\u00edch prvk\u016f.<\/p>\n\n\n\n<h2 class=\"wp-block-heading\">Barevn\u00e9 proveden\u00ed<\/h2>\n\n\n\n<p class=\"wp-block-paragraph\">Ka\u017ed\u00fd m\u011bs\u00edc je odli\u0161en jemn\u00fdm pastelov\u00fdm odst\u00ednem, kter\u00fd usnad\u0148uje vizu\u00e1ln\u00ed rozpozn\u00e1n\u00ed jednotliv\u00fdch blok\u016f. Ned\u011ble jsou vyti\u0161t\u011bny \u010derven\u011b, zat\u00edmco pracovn\u00ed dny a soboty jsou uvedeny v tmav\u00e9 barv\u011b. Kalend\u00e1\u0159 neobsahuje \u017e\u00e1dn\u00e9 zv\u00fdrazn\u011bn\u00ed sv\u00e1tk\u016f, jmenin ani v\u00fdznamn\u00fdch dn\u016f, co\u017e podporuje jeho univerz\u00e1ln\u00ed vyu\u017eit\u00ed a \u010dist\u00fd design.<\/p>\n\n\n\n<h2 class=\"wp-block-heading\">Jak zjistit den v t\u00fddnu<\/h2>\n\n\n\n<p class=\"wp-block-paragraph\">Pro ur\u010den\u00ed dne v t\u00fddnu sta\u010d\u00ed postupovat n\u00e1sledovn\u011b:<\/p>\n\n\n\n<ul class=\"wp-block-list\">\n<li>Vyhledat blok odpov\u00eddaj\u00edc\u00ed po\u017eadovan\u00e9mu m\u011bs\u00edci.<\/li>\n\n\n\n<li>V \u0159\u00e1dku zkratek dn\u016f naj\u00edt sloupec odpov\u00eddaj\u00edc\u00ed konkr\u00e9tn\u00edmu dni v t\u00fddnu.<\/li>\n\n\n\n<li>Pod zkratkou vyhledat \u010d\u00edslo dne. \u010cerven\u00e9 \u010d\u00edslo ozna\u010duje ned\u011bli, tmav\u00e9 barvy p\u0159edstavuj\u00ed pracovn\u00ed dny nebo sobotu.<\/li>\n<\/ul>\n\n\n\n<p class=\"wp-block-paragraph\">Tento syst\u00e9m umo\u017e\u0148uje rychl\u00e9 a intuitivn\u00ed ov\u011b\u0159en\u00ed libovoln\u00e9ho data bez nutnosti dal\u0161\u00edho vyhled\u00e1v\u00e1n\u00ed.<\/p>\n\n\n\n<h2 class=\"wp-block-heading\">V\u00fdhody a nev\u00fdhody kalend\u00e1\u0159e 2003<\/h2>\n\n\n\n<h3 class=\"wp-block-heading\">V\u00fdhody<\/h3>\n\n\n\n<ul class=\"wp-block-list\">\n<li>Kompaktn\u00ed p\u0159ehled cel\u00e9ho roku na jedin\u00e9 str\u00e1nce.<\/li>\n\n\n\n<li>Pastelov\u00e9 odli\u0161en\u00ed m\u011bs\u00edc\u016f zvy\u0161uje vizu\u00e1ln\u00ed p\u0159ehlednost.<\/li>\n\n\n\n<li>\u010cerven\u011b ozna\u010den\u00e9 ned\u011ble umo\u017e\u0148uj\u00ed okam\u017eit\u00e9 rozpozn\u00e1n\u00ed v\u00edkend\u016f.<\/li>\n\n\n\n<li>Minimalistick\u00fd design bez \u010d\u00edslov\u00e1n\u00ed t\u00fddn\u016f a sv\u00e1tk\u016f je vhodn\u00fd pro univerz\u00e1ln\u00ed pou\u017eit\u00ed.<\/li>\n<\/ul>\n\n\n\n<h3 class=\"wp-block-heading\">Nev\u00fdhody<\/h3>\n\n\n\n<ul class=\"wp-block-list\">\n<li>Absence \u010d\u00edslov\u00e1n\u00ed t\u00fddn\u016f m\u016f\u017ee b\u00fdt nepraktick\u00e1 p\u0159i administrativn\u00edm pl\u00e1nov\u00e1n\u00ed.<\/li>\n\n\n\n<li>Neozna\u010den\u00e9 sv\u00e1tky vy\u017eaduj\u00ed dopl\u0148kov\u00e9 zdroje informac\u00ed.<\/li>\n\n\n\n<li>V\u00edcebarevn\u00fd tisk m\u016f\u017ee zv\u00fd\u0161it spot\u0159ebu inkoustu nebo toneru.<\/li>\n<\/ul>\n\n\n\n<figure class=\"wp-block-image size-full\"><img loading=\"lazy\" decoding=\"async\" width=\"800\" height=\"566\" src=\"https:\/\/kalendare365.eu\/wp-content\/uploads\/2025\/06\/kalendar-2003.webp\" alt=\"\" class=\"wp-image-3144\" srcset=\"https:\/\/kalendare365.eu\/wp-content\/uploads\/2025\/06\/kalendar-2003.webp 800w, https:\/\/kalendare365.eu\/wp-content\/uploads\/2025\/06\/kalendar-2003-300x212.webp 300w, https:\/\/kalendare365.eu\/wp-content\/uploads\/2025\/06\/kalendar-2003-768x543.webp 768w\" sizes=\"auto, (max-width: 800px) 100vw, 800px\" \/><\/figure>\n\n\n\n<p class=\"has-text-align-center wp-block-paragraph\"><a href=\"https:\/\/kalendare365.eu\/wp-content\/uploads\/2025\/06\/kalendar-2003.pdf\" target=\"_blank\" rel=\"noreferrer noopener nofollow\">PDF<\/a><\/p>\n\n\n\n<h2 class=\"wp-block-heading\">Z\u00e1v\u011br<\/h2>\n\n\n\n<p class=\"wp-block-paragraph\">Jedinolist\u00fd kalend\u00e1\u0159 2003 v \u010de\u0161tin\u011b p\u0159edstavuje jednoduch\u00e9, p\u0159ehledn\u00e9 a esteticky p\u0159\u00edjemn\u00e9 \u0159e\u0161en\u00ed pro ka\u017ed\u00e9ho, kdo pot\u0159ebuje rychle zjistit den v t\u00fddnu libovoln\u00e9ho data. D\u00edky jasn\u00fdm m\u011bs\u00ed\u010dn\u00edm nadpis\u016fm, pastelov\u00e9mu barevn\u00e9mu rozli\u0161en\u00ed a \u010derven\u011b vyzna\u010den\u00fdm ned\u011bl\u00edm nab\u00edz\u00ed kalend\u00e1\u0159 praktick\u00fd n\u00e1stroj, kter\u00fd se hod\u00ed do dom\u00e1c\u00edho prost\u0159ed\u00ed i kancel\u00e1\u0159e. Minimalistick\u00e9 proveden\u00ed bez sv\u00e1tk\u016f a t\u00fddn\u016f zaji\u0161\u0165uje univerz\u00e1ln\u00ed vyu\u017eit\u00ed a \u010dist\u00fd vizu\u00e1ln\u00ed styl.<\/p>\n","protected":false},"excerpt":{"rendered":"<p>Ro\u010dn\u00ed kalend\u00e1\u0159 2003 ve form\u00e1tu A4 p\u0159edstavuje praktick\u00fd jednolist\u00fd p\u0159ehled, kter\u00fd umo\u017e\u0148uje rychle zjistit, na kter\u00fd den v t\u00fddnu p\u0159ipad\u00e1 libovoln\u00e9 datum. D\u00edky \u010desk\u00fdm n\u00e1zv\u016fm m\u011bs\u00edc\u016f a dn\u016f, p\u0159ehledn\u00e9mu rozlo\u017een\u00ed a pastelov\u00e9mu barevn\u00e9mu odli\u0161en\u00ed jednotliv\u00fdch blok\u016f nab\u00edz\u00ed kalend\u00e1\u0159 \u010dist\u00fd, univerz\u00e1ln\u00ed a vizu\u00e1ln\u011b p\u0159\u00edjemn\u00fd n\u00e1stroj pro dom\u00e1c\u00ed i kancel\u00e1\u0159sk\u00e9 pou\u017eit\u00ed. Absence \u010d\u00edslov\u00e1n\u00ed t\u00fddn\u016f a neozna\u010den\u00e9 sv\u00e1tky [&hellip;]<\/p>\n","protected":false},"author":1,"featured_media":0,"comment_status":"open","ping_status":"closed","sticky":false,"template":"","format":"standard","meta":{"footnotes":""},"categories":[1],"tags":[],"class_list":["post-3143","post","type-post","status-publish","format-standard","hentry","category-vyrocni"],"_links":{"self":[{"href":"https:\/\/kalendare365.eu\/index.php?rest_route=\/wp\/v2\/posts\/3143","targetHints":{"allow":["GET"]}}],"collection":[{"href":"https:\/\/kalendare365.eu\/index.php?rest_route=\/wp\/v2\/posts"}],"about":[{"href":"https:\/\/kalendare365.eu\/index.php?rest_route=\/wp\/v2\/types\/post"}],"author":[{"embeddable":true,"href":"https:\/\/kalendare365.eu\/index.php?rest_route=\/wp\/v2\/users\/1"}],"replies":[{"embeddable":true,"href":"https:\/\/kalendare365.eu\/index.php?rest_route=%2Fwp%2Fv2%2Fcomments&post=3143"}],"version-history":[{"count":2,"href":"https:\/\/kalendare365.eu\/index.php?rest_route=\/wp\/v2\/posts\/3143\/revisions"}],"predecessor-version":[{"id":3748,"href":"https:\/\/kalendare365.eu\/index.php?rest_route=\/wp\/v2\/posts\/3143\/revisions\/3748"}],"wp:attachment":[{"href":"https:\/\/kalendare365.eu\/index.php?rest_route=%2Fwp%2Fv2%2Fmedia&parent=3143"}],"wp:term":[{"taxonomy":"category","embeddable":true,"href":"https:\/\/kalendare365.eu\/index.php?rest_route=%2Fwp%2Fv2%2Fcategories&post=3143"},{"taxonomy":"post_tag","embeddable":true,"href":"https:\/\/kalendare365.eu\/index.php?rest_route=%2Fwp%2Fv2%2Ftags&post=3143"}],"curies":[{"name":"wp","href":"https:\/\/api.w.org\/{rel}","templated":true}]}}