{"id":3147,"date":"2025-06-13T15:39:23","date_gmt":"2025-06-13T12:39:23","guid":{"rendered":"https:\/\/kalendare365.eu\/?p=3147"},"modified":"2026-05-19T19:56:22","modified_gmt":"2026-05-19T16:56:22","slug":"kalendar-2002","status":"publish","type":"post","link":"https:\/\/kalendare365.eu\/?p=3147","title":{"rendered":"Kalend\u00e1\u0159 2002"},"content":{"rendered":"\n<p class=\"wp-block-paragraph\">Ro\u010dn\u00ed kalend\u00e1\u0159 2002 ve form\u00e1tu A4 p\u0159edstavuje praktick\u00fd zp\u016fsob, jak rychle zjistit, na kter\u00fd den v t\u00fddnu p\u0159ipadalo libovoln\u00e9 datum. Jednolist\u00e9 uspo\u0159\u00e1d\u00e1n\u00ed je vhodn\u00e9 pro dom\u00e1c\u00ed i kancel\u00e1\u0159sk\u00e9 pou\u017eit\u00ed, a\u0165 u\u017e pot\u0159ebujete ov\u011b\u0159it datum narozen\u00ed, napl\u00e1novat v\u00fdro\u010d\u00ed nebo si jen p\u0159ipomenout ud\u00e1losti z minulosti. P\u0159ehledn\u00e1 v\u00edcebarevn\u00e1 \u0161ablona bez t\u00fddenn\u00edho \u010d\u00edslov\u00e1n\u00ed a bez zv\u00fdrazn\u011bn\u00fdch sv\u00e1tk\u016f zachov\u00e1v\u00e1 univerz\u00e1ln\u00ed a \u010dist\u00fd vzhled.<\/p>\n\n\n\n<hr class=\"wp-block-separator has-alpha-channel-opacity\"\/>\n\n\n\n<h2 class=\"wp-block-heading\">Obecn\u00e9 informace o roce 2002<\/h2>\n\n\n\n<p class=\"wp-block-paragraph\">Rok 2002 nebyl p\u0159estupn\u00fd, \u00fanor tedy obsahoval 28 dn\u00ed. Prvn\u00ed leden p\u0159ipadl na \u00fater\u00fd a stejn\u011b tak i posledn\u00ed den roku, co\u017e znamen\u00e1, \u017ee rok za\u010dal i skon\u010dil stejn\u00fdm dnem v t\u00fddnu. Celkov\u00fdch 365 dn\u00ed je v kalend\u00e1\u0159i rozd\u011bleno na pracovn\u00ed dny, soboty a v\u00fdrazn\u011b ozna\u010den\u00e9 ned\u011ble, co\u017e usnad\u0148uje orientaci p\u0159i zp\u011btn\u00e9m dohled\u00e1v\u00e1n\u00ed ud\u00e1lost\u00ed.<\/p>\n\n\n\n<hr class=\"wp-block-separator has-alpha-channel-opacity\"\/>\n\n\n\n<h2 class=\"wp-block-heading\">Form\u00e1t a rozlo\u017een\u00ed kalend\u00e1\u0159e<\/h2>\n\n\n\n<p class=\"wp-block-paragraph\">Kalend\u00e1\u0159 je navr\u017een jako jednolist\u00fd p\u0159ehled, kde jsou v\u0161echny m\u011bs\u00edce od ledna do prosince uspo\u0159\u00e1d\u00e1ny do t\u0159\u00ed sloupc\u016f a \u010dty\u0159 \u0159\u00e1dk\u016f. Ka\u017ed\u00fd m\u011bs\u00edc je ozna\u010den jasn\u00fdm nadpisem typu m\u011bs\u00edc 2002, pod kter\u00fdm n\u00e1sleduj\u00ed \u010desk\u00e9 zkratky dn\u016f v t\u00fddnu: Po, \u00dat, St, \u010ct, P\u00e1, So, Ne.<\/p>\n\n\n\n<p class=\"wp-block-paragraph\">Datumov\u00e1 \u010d\u00edsla jsou uvedena v souvisl\u00e9m sledu bez pr\u00e1zdn\u00fdch pol\u00ed na za\u010d\u00e1tku \u010di konci m\u011bs\u00edce. Dny tak plynule navazuj\u00ed a u\u017eivatel se nemus\u00ed orientovat v pr\u00e1zdn\u00fdch bu\u0148k\u00e1ch, kter\u00e9 se b\u011b\u017en\u011b objevuj\u00ed u tabulkov\u00fdch kalend\u00e1\u0159\u016f.<\/p>\n\n\n\n<hr class=\"wp-block-separator has-alpha-channel-opacity\"\/>\n\n\n\n<h2 class=\"wp-block-heading\">Barevn\u00e9 proveden\u00ed<\/h2>\n\n\n\n<p class=\"wp-block-paragraph\">V\u00edcebarevn\u00e9 zpracov\u00e1n\u00ed vyu\u017e\u00edv\u00e1 jemn\u00e9 pastelov\u00e9 odst\u00edny pro jednotliv\u00e9 m\u011bs\u00edce, co\u017e pom\u00e1h\u00e1 vizu\u00e1ln\u011b odd\u011blit jednotliv\u00e9 \u010d\u00e1sti roku. Ned\u011ble jsou vyti\u0161t\u011bny \u010derven\u011b, aby byly okam\u017eit\u011b rozpoznateln\u00e9. Pracovn\u00ed dny a soboty jsou zobrazeny v tmav\u00e9 barv\u011b, nej\u010dast\u011bji \u010dern\u00e9 nebo tmav\u011b \u0161ed\u00e9.<\/p>\n\n\n\n<p class=\"wp-block-paragraph\">Kalend\u00e1\u0159 neobsahuje zv\u00fdrazn\u011bn\u00e9 sv\u00e1tky, co\u017e z n\u011bj \u010din\u00ed univerz\u00e1ln\u00ed \u0161ablonu vhodnou pro r\u016fzn\u00e9 \u00fa\u010dely \u2013 od archivace po tvorbu vlastn\u00edch pl\u00e1nova\u010d\u016f.<\/p>\n\n\n\n<hr class=\"wp-block-separator has-alpha-channel-opacity\"\/>\n\n\n\n<h2 class=\"wp-block-heading\">Jak zjistit den v t\u00fddnu<\/h2>\n\n\n\n<p class=\"wp-block-paragraph\">Pro ur\u010den\u00ed dne v t\u00fddnu sta\u010d\u00ed postupovat podle jednoduch\u00e9ho principu:<\/p>\n\n\n\n<p class=\"wp-block-paragraph\">\u2013 Vyhledat p\u0159\u00edslu\u0161n\u00fd m\u011bs\u00edc podle nadpisu.<br>\u2013 V \u0159\u00e1dku zkratek dn\u016f naj\u00edt spr\u00e1vn\u00fd sloupec.<br>\u2013 Pod t\u00edmto sloupcem naj\u00edt konkr\u00e9tn\u00ed datum.<\/p>\n\n\n\n<p class=\"wp-block-paragraph\">\u010cerven\u00e9 \u010d\u00edslo ozna\u010duje ned\u011bli, ostatn\u00ed barvy odpov\u00eddaj\u00ed pracovn\u00edm dn\u016fm nebo sobot\u011b. Tento syst\u00e9m umo\u017e\u0148uje rychl\u00e9 a intuitivn\u00ed vyhled\u00e1v\u00e1n\u00ed bez nutnosti dal\u0161\u00edho v\u00fdpo\u010dtu.<\/p>\n\n\n\n<hr class=\"wp-block-separator has-alpha-channel-opacity\"\/>\n\n\n\n<h2 class=\"wp-block-heading\">V\u00fdhody a nev\u00fdhody kalend\u00e1\u0159e<\/h2>\n\n\n\n<h3 class=\"wp-block-heading\">V\u00fdhody<\/h3>\n\n\n\n<p class=\"wp-block-paragraph\">\u2013 Cel\u00fd rok na jedin\u00e9 str\u00e1nce \u0161et\u0159\u00ed m\u00edsto i \u010das.<br>\u2013 Barevn\u00e9 odli\u0161en\u00ed m\u011bs\u00edc\u016f a \u010derven\u00e9 ned\u011ble zlep\u0161uj\u00ed orientaci.<br>\u2013 Minimalistick\u00e9 proveden\u00ed bez sv\u00e1tk\u016f a t\u00fddn\u016f je vhodn\u00e9 pro univerz\u00e1ln\u00ed pou\u017eit\u00ed.<\/p>\n\n\n\n<h3 class=\"wp-block-heading\">Nev\u00fdhody<\/h3>\n\n\n\n<p class=\"wp-block-paragraph\">\u2013 Absence \u010d\u00edslov\u00e1n\u00ed t\u00fddn\u016f m\u016f\u017ee b\u00fdt nev\u00fdhodou p\u0159i administrativn\u00edm pl\u00e1nov\u00e1n\u00ed.<br>\u2013 Nevyzna\u010den\u00e9 sv\u00e1tky vy\u017eaduj\u00ed dopl\u0148kov\u00fd p\u0159ehled nebo extern\u00ed kalend\u00e1\u0159.<br>\u2013 V\u00edcebarevn\u00fd tisk m\u016f\u017ee zv\u00fd\u0161it spot\u0159ebu inkoustu \u010di toneru.<\/p>\n\n\n\n<hr class=\"wp-block-separator has-alpha-channel-opacity\"\/>\n\n\n\n<figure class=\"wp-block-image size-full\"><img loading=\"lazy\" decoding=\"async\" width=\"800\" height=\"566\" src=\"https:\/\/kalendare365.eu\/wp-content\/uploads\/2025\/06\/kalendar-2002.webp\" alt=\"\" class=\"wp-image-3148\" srcset=\"https:\/\/kalendare365.eu\/wp-content\/uploads\/2025\/06\/kalendar-2002.webp 800w, https:\/\/kalendare365.eu\/wp-content\/uploads\/2025\/06\/kalendar-2002-300x212.webp 300w, https:\/\/kalendare365.eu\/wp-content\/uploads\/2025\/06\/kalendar-2002-768x543.webp 768w\" sizes=\"auto, (max-width: 800px) 100vw, 800px\" \/><\/figure>\n\n\n\n<p class=\"has-text-align-center wp-block-paragraph\"><a href=\"https:\/\/kalendare365.eu\/wp-content\/uploads\/2025\/06\/kalendar-2002.pdf\" target=\"_blank\" rel=\"noreferrer noopener nofollow\">PDF<\/a><\/p>\n\n\n\n<h2 class=\"wp-block-heading\">Z\u00e1v\u011br<\/h2>\n\n\n\n<p class=\"wp-block-paragraph\">Jednolist\u00fd kalend\u00e1\u0159 2002 v \u010de\u0161tin\u011b je praktick\u00fdm \u0159e\u0161en\u00edm pro ka\u017ed\u00e9ho, kdo pot\u0159ebuje rychl\u00fd a p\u0159ehledn\u00fd n\u00e1stroj pro orientaci v datech minul\u00e9ho roku. D\u00edky jasn\u00fdm m\u011bs\u00ed\u010dn\u00edm nadpis\u016fm, pastelov\u00fdm barv\u00e1m a \u010derven\u011b ozna\u010den\u00fdm ned\u011bl\u00edm nab\u00edz\u00ed \u010dist\u00fd a snadno \u010diteln\u00fd p\u0159ehled bez zbyte\u010dn\u00fdch prvk\u016f.<\/p>\n","protected":false},"excerpt":{"rendered":"<p>Ro\u010dn\u00ed kalend\u00e1\u0159 2002 ve form\u00e1tu A4 p\u0159edstavuje praktick\u00fd zp\u016fsob, jak rychle zjistit, na kter\u00fd den v t\u00fddnu p\u0159ipadalo libovoln\u00e9 datum. Jednolist\u00e9 uspo\u0159\u00e1d\u00e1n\u00ed je vhodn\u00e9 pro dom\u00e1c\u00ed i kancel\u00e1\u0159sk\u00e9 pou\u017eit\u00ed, a\u0165 u\u017e pot\u0159ebujete ov\u011b\u0159it datum narozen\u00ed, napl\u00e1novat v\u00fdro\u010d\u00ed nebo si jen p\u0159ipomenout ud\u00e1losti z minulosti. P\u0159ehledn\u00e1 v\u00edcebarevn\u00e1 \u0161ablona bez t\u00fddenn\u00edho \u010d\u00edslov\u00e1n\u00ed a bez zv\u00fdrazn\u011bn\u00fdch sv\u00e1tk\u016f zachov\u00e1v\u00e1 [&hellip;]<\/p>\n","protected":false},"author":1,"featured_media":0,"comment_status":"open","ping_status":"closed","sticky":false,"template":"","format":"standard","meta":{"footnotes":""},"categories":[1],"tags":[],"class_list":["post-3147","post","type-post","status-publish","format-standard","hentry","category-vyrocni"],"_links":{"self":[{"href":"https:\/\/kalendare365.eu\/index.php?rest_route=\/wp\/v2\/posts\/3147","targetHints":{"allow":["GET"]}}],"collection":[{"href":"https:\/\/kalendare365.eu\/index.php?rest_route=\/wp\/v2\/posts"}],"about":[{"href":"https:\/\/kalendare365.eu\/index.php?rest_route=\/wp\/v2\/types\/post"}],"author":[{"embeddable":true,"href":"https:\/\/kalendare365.eu\/index.php?rest_route=\/wp\/v2\/users\/1"}],"replies":[{"embeddable":true,"href":"https:\/\/kalendare365.eu\/index.php?rest_route=%2Fwp%2Fv2%2Fcomments&post=3147"}],"version-history":[{"count":2,"href":"https:\/\/kalendare365.eu\/index.php?rest_route=\/wp\/v2\/posts\/3147\/revisions"}],"predecessor-version":[{"id":3691,"href":"https:\/\/kalendare365.eu\/index.php?rest_route=\/wp\/v2\/posts\/3147\/revisions\/3691"}],"wp:attachment":[{"href":"https:\/\/kalendare365.eu\/index.php?rest_route=%2Fwp%2Fv2%2Fmedia&parent=3147"}],"wp:term":[{"taxonomy":"category","embeddable":true,"href":"https:\/\/kalendare365.eu\/index.php?rest_route=%2Fwp%2Fv2%2Fcategories&post=3147"},{"taxonomy":"post_tag","embeddable":true,"href":"https:\/\/kalendare365.eu\/index.php?rest_route=%2Fwp%2Fv2%2Ftags&post=3147"}],"curies":[{"name":"wp","href":"https:\/\/api.w.org\/{rel}","templated":true}]}}