{"id":3151,"date":"2025-06-13T16:55:43","date_gmt":"2025-06-13T13:55:43","guid":{"rendered":"https:\/\/kalendare365.eu\/?p=3151"},"modified":"2026-06-29T00:00:02","modified_gmt":"2026-06-28T21:00:02","slug":"kalendar-2001","status":"publish","type":"post","link":"https:\/\/kalendare365.eu\/?p=3151","title":{"rendered":"Kalend\u00e1\u0159 2001"},"content":{"rendered":"\n<p class=\"wp-block-paragraph\">Ro\u010dn\u00ed kalend\u00e1\u0159 2001 v podob\u011b jednostr\u00e1nkov\u00e9 \u0161ablony p\u0159edstavuje praktick\u00fd n\u00e1stroj pro ka\u017edodenn\u00ed orientaci v datech i pl\u00e1nov\u00e1n\u00ed osobn\u00edch \u010di pracovn\u00edch aktivit. D\u00edky p\u0159ehledn\u00e9mu rozlo\u017een\u00ed m\u011bs\u00edc\u016f, jasn\u00e9 struktu\u0159e dn\u016f v t\u00fddnu a decentn\u00edmu barevn\u00e9mu proveden\u00ed umo\u017e\u0148uje rychle zjistit, na kter\u00fd den p\u0159ipad\u00e1 libovoln\u00e9 datum. Tento \u010dl\u00e1nek p\u0159edstavuje vlastnosti \u0161ablony, jej\u00ed mo\u017enosti vyu\u017eit\u00ed a doporu\u010den\u00ed pro \u00fapravy, kter\u00e9 z n\u00ed mohou ud\u011blat je\u0161t\u011b u\u017eite\u010dn\u011bj\u0161\u00ed pom\u016fcku.<\/p>\n\n\n\n<h2 class=\"wp-block-heading\">Popis ro\u010dn\u00ed \u0161ablony 2001<\/h2>\n\n\n\n<p class=\"wp-block-paragraph\">Kalend\u00e1\u0159 je navr\u017een na form\u00e1t A4 ve svisl\u00e9 orientaci. Ka\u017ed\u00fd m\u011bs\u00edc je zobrazen v samostatn\u00e9 m\u0159\u00ed\u017ece s n\u00e1zvem um\u00edst\u011bn\u00fdm v horn\u00ed \u010d\u00e1sti. Dny v t\u00fddnu jsou se\u0159azeny vodorovn\u011b od pond\u011bl\u00ed do ned\u011ble, bez uveden\u00ed \u010d\u00edsel t\u00fddn\u016f. Jednotliv\u00e9 datov\u00e9 bu\u0148ky maj\u00ed dostatek prostoru pro kr\u00e1tk\u00e9 pozn\u00e1mky, zna\u010dky nebo osobn\u00ed symboly. St\u00e1tn\u00ed sv\u00e1tky nejsou zv\u00fdrazn\u011bny, co\u017e ponech\u00e1v\u00e1 u\u017eivateli volnost p\u0159i vlastn\u00edm dopl\u0148ov\u00e1n\u00ed v\u00fdznamn\u00fdch dn\u016f.<\/p>\n\n\n\n<h2 class=\"wp-block-heading\">Jak kalend\u00e1\u0159 pou\u017e\u00edvat<\/h2>\n\n\n\n<p class=\"wp-block-paragraph\">Vyhled\u00e1n\u00ed dne narozen\u00ed Sta\u010d\u00ed naj\u00edt p\u0159\u00edslu\u0161n\u00fd m\u011bs\u00edc, vyhledat datum a p\u0159e\u010d\u00edst si n\u00e1zev dne v t\u00fddnu uveden\u00fd nad sloupcem.<\/p>\n\n\n\n<p class=\"wp-block-paragraph\">Pl\u00e1nov\u00e1n\u00ed ud\u00e1lost\u00ed Voln\u00e1 m\u00edsta v bu\u0148k\u00e1ch umo\u017e\u0148uj\u00ed zapisovat sch\u016fzky, oslavy, term\u00edny nebo pracovn\u00ed \u00fakoly.<\/p>\n\n\n\n<p class=\"wp-block-paragraph\">Rodinn\u00fd p\u0159ehled Vedle kalend\u00e1\u0159e lze vytvo\u0159it jednoduchou tabulku, do kter\u00e9 se zapisuj\u00ed jm\u00e9na \u010dlen\u016f rodiny podle jejich d\u016fle\u017eit\u00fdch dat.<\/p>\n\n\n\n<p class=\"wp-block-paragraph\">Sledov\u00e1n\u00ed projekt\u016f Rok lze rozd\u011blit na kvart\u00e1ly a barevn\u011b ozna\u010dit obdob\u00ed, kdy prob\u00edh\u00e1 realizace jednotliv\u00fdch \u00fakol\u016f \u010di projekt\u016f.<\/p>\n\n\n\n<h2 class=\"wp-block-heading\">Design a barevn\u00e9 proveden\u00ed<\/h2>\n\n\n\n<p class=\"wp-block-paragraph\">\u0160ablona vyu\u017e\u00edv\u00e1 sedm barev, z nich\u017e ka\u017ed\u00e1 je p\u0159i\u0159azena jednomu dni v t\u00fddnu. Barevnost se opakuje v horizont\u00e1ln\u00edch \u0159\u00e1dc\u00edch, co\u017e usnad\u0148uje orientaci p\u0159i sledov\u00e1n\u00ed del\u0161\u00edch sekvenc\u00ed dat. Sloupce v\u00edkendov\u00fdch dn\u016f jsou jemn\u011b t\u00f3novan\u00e9, aby vizu\u00e1ln\u011b odli\u0161ily pracovn\u00ed \u010d\u00e1st t\u00fddne. Hlavi\u010dky m\u011bs\u00edc\u016f maj\u00ed pastelov\u00fd odst\u00edn a modern\u00ed bezpatkov\u00e9 p\u00edsmo, kter\u00e9 zaji\u0161\u0165uje dobrou \u010ditelnost i na men\u0161\u00edch monitorech \u010di p\u0159i tisku.<\/p>\n\n\n\n<h2 class=\"wp-block-heading\">V\u00fdhody a mo\u017enosti p\u0159izp\u016fsoben\u00ed<\/h2>\n\n\n\n<p class=\"wp-block-paragraph\">Flexibiln\u00ed prostor Dostatek m\u00edsta v bu\u0148k\u00e1ch umo\u017e\u0148uje zapisovat kr\u00e1tk\u00e9 pozn\u00e1mky, inici\u00e1ly nebo mal\u00e9 grafick\u00e9 zna\u010dky.<\/p>\n\n\n\n<p class=\"wp-block-paragraph\">Barevn\u00e9 \u00fapravy Barevnou paletu lze snadno zm\u011bnit v grafick\u00e9m editoru nebo tabulkov\u00e9m procesoru podle osobn\u00edch preferenc\u00ed.<\/p>\n\n\n\n<p class=\"wp-block-paragraph\">Dopl\u0148ov\u00e1n\u00ed sv\u00e1tk\u016f U\u017eivatel si m\u016f\u017ee ru\u010dn\u011b doplnit st\u00e1tn\u00ed sv\u00e1tky, v\u00fdro\u010d\u00ed nebo rodinn\u00e9 oslavy.<\/p>\n\n\n\n<p class=\"wp-block-paragraph\">Pozn\u00e1mkov\u00fd sloupec Na pravou stranu listu lze p\u0159idat \u00fazk\u00fd sloupec ur\u010den\u00fd pro celoro\u010dn\u00ed pozn\u00e1mky.<\/p>\n\n\n\n<p class=\"wp-block-paragraph\">Mo\u017enosti tisku \u0160ablonu je mo\u017en\u00e9 tisknout nejen na b\u011b\u017en\u00fd pap\u00edr A4, ale tak\u00e9 na plak\u00e1tov\u00fd pap\u00edr \u010di zv\u011bt\u0161en\u00fd form\u00e1t A3 pro lep\u0161\u00ed \u010ditelnost.<\/p>\n\n\n\n<h2 class=\"wp-block-heading\">Praktick\u00e9 tipy pro efektivn\u00ed vyu\u017eit\u00ed<\/h2>\n\n\n\n<p class=\"wp-block-paragraph\">Laminace Zalaminovan\u00fd kalend\u00e1\u0159 lze pou\u017e\u00edvat s fixy na b\u00edl\u00e9 tabule a pozn\u00e1mky tak snadno mazat a p\u0159episovat.<\/p>\n\n\n\n<p class=\"wp-block-paragraph\">Barevn\u00e9 zna\u010dky Pro r\u016fzn\u00e9 typy ud\u00e1lost\u00ed je vhodn\u00e9 vytvo\u0159it vlastn\u00ed legendu, nap\u0159\u00edklad barvu pro rodinn\u00e9 akce, dovolenou nebo pracovn\u00ed term\u00edny.<\/p>\n\n\n\n<p class=\"wp-block-paragraph\">Digit\u00e1ln\u00ed verze Import \u0161ablony do Excelu nebo Google Sheets umo\u017en\u00ed vyu\u017e\u00edt podm\u00edn\u011bn\u00e9 form\u00e1tov\u00e1n\u00ed, nap\u0159\u00edklad automatick\u00e9 zv\u00fdrazn\u011bn\u00ed v\u00edkend\u016f.<\/p>\n\n\n\n<p class=\"wp-block-paragraph\">Sd\u00edlen\u00ed v rodin\u011b Ka\u017ed\u00e9mu \u010dlenu rodiny lze p\u0159ipravit vlastn\u00ed kopii s osobn\u00edmi daty a ud\u00e1lostmi.<\/p>\n\n\n\n<p class=\"wp-block-paragraph\">Archivace Ro\u010dn\u00ed kalend\u00e1\u0159e je vhodn\u00e9 ukl\u00e1dat do po\u0159ada\u010de, aby bylo mo\u017en\u00e9 kdykoli dohledat star\u0161\u00ed data.<\/p>\n\n\n\n<figure class=\"wp-block-image size-full\"><img loading=\"lazy\" decoding=\"async\" width=\"800\" height=\"566\" src=\"https:\/\/kalendare365.eu\/wp-content\/uploads\/2025\/06\/kalendar-2001.webp\" alt=\"\" class=\"wp-image-3152\" srcset=\"https:\/\/kalendare365.eu\/wp-content\/uploads\/2025\/06\/kalendar-2001.webp 800w, https:\/\/kalendare365.eu\/wp-content\/uploads\/2025\/06\/kalendar-2001-300x212.webp 300w, https:\/\/kalendare365.eu\/wp-content\/uploads\/2025\/06\/kalendar-2001-768x543.webp 768w\" sizes=\"auto, (max-width: 800px) 100vw, 800px\" \/><\/figure>\n\n\n\n<p class=\"has-text-align-center wp-block-paragraph\"><a href=\"https:\/\/kalendare365.eu\/wp-content\/uploads\/2025\/06\/kalendar-2001.pdf\" target=\"_blank\" rel=\"noreferrer noopener nofollow\">PDF<\/a><\/p>\n\n\n\n<h2 class=\"wp-block-heading\">Z\u00e1v\u011br<\/h2>\n\n\n\n<p class=\"wp-block-paragraph\">Barevn\u00fd ro\u010dn\u00ed kalend\u00e1\u0159 2001 na jedin\u00e9 str\u00e1nce je praktick\u00fdm a estetick\u00fdm pomocn\u00edkem pro rychlou orientaci v datech i pl\u00e1nov\u00e1n\u00ed ka\u017edodenn\u00edch aktivit. D\u00edky jednoduch\u00e9mu designu, mo\u017enosti dopl\u0148ov\u00e1n\u00ed vlastn\u00edch pozn\u00e1mek a flexibiln\u00edmu p\u0159izp\u016fsoben\u00ed barev \u010di struktury se hod\u00ed pro dom\u00e1c\u00ed i pracovn\u00ed pou\u017eit\u00ed. Sta\u010d\u00ed jej st\u00e1hnout, p\u0159\u00edpadn\u011b upravit podle vlastn\u00edch pot\u0159eb a za\u010d\u00edt vyu\u017e\u00edvat jako p\u0159ehledn\u00fd n\u00e1stroj pro cel\u00fd rok.<\/p>\n","protected":false},"excerpt":{"rendered":"<p>Ro\u010dn\u00ed kalend\u00e1\u0159 2001 v podob\u011b jednostr\u00e1nkov\u00e9 \u0161ablony p\u0159edstavuje praktick\u00fd n\u00e1stroj pro ka\u017edodenn\u00ed orientaci v datech i pl\u00e1nov\u00e1n\u00ed osobn\u00edch \u010di pracovn\u00edch aktivit. D\u00edky p\u0159ehledn\u00e9mu rozlo\u017een\u00ed m\u011bs\u00edc\u016f, jasn\u00e9 struktu\u0159e dn\u016f v t\u00fddnu a decentn\u00edmu barevn\u00e9mu proveden\u00ed umo\u017e\u0148uje rychle zjistit, na kter\u00fd den p\u0159ipad\u00e1 libovoln\u00e9 datum. Tento \u010dl\u00e1nek p\u0159edstavuje vlastnosti \u0161ablony, jej\u00ed mo\u017enosti vyu\u017eit\u00ed a doporu\u010den\u00ed pro \u00fapravy, [&hellip;]<\/p>\n","protected":false},"author":1,"featured_media":0,"comment_status":"open","ping_status":"closed","sticky":false,"template":"","format":"standard","meta":{"footnotes":""},"categories":[1],"tags":[],"class_list":["post-3151","post","type-post","status-publish","format-standard","hentry","category-vyrocni"],"_links":{"self":[{"href":"https:\/\/kalendare365.eu\/index.php?rest_route=\/wp\/v2\/posts\/3151","targetHints":{"allow":["GET"]}}],"collection":[{"href":"https:\/\/kalendare365.eu\/index.php?rest_route=\/wp\/v2\/posts"}],"about":[{"href":"https:\/\/kalendare365.eu\/index.php?rest_route=\/wp\/v2\/types\/post"}],"author":[{"embeddable":true,"href":"https:\/\/kalendare365.eu\/index.php?rest_route=\/wp\/v2\/users\/1"}],"replies":[{"embeddable":true,"href":"https:\/\/kalendare365.eu\/index.php?rest_route=%2Fwp%2Fv2%2Fcomments&post=3151"}],"version-history":[{"count":2,"href":"https:\/\/kalendare365.eu\/index.php?rest_route=\/wp\/v2\/posts\/3151\/revisions"}],"predecessor-version":[{"id":3746,"href":"https:\/\/kalendare365.eu\/index.php?rest_route=\/wp\/v2\/posts\/3151\/revisions\/3746"}],"wp:attachment":[{"href":"https:\/\/kalendare365.eu\/index.php?rest_route=%2Fwp%2Fv2%2Fmedia&parent=3151"}],"wp:term":[{"taxonomy":"category","embeddable":true,"href":"https:\/\/kalendare365.eu\/index.php?rest_route=%2Fwp%2Fv2%2Fcategories&post=3151"},{"taxonomy":"post_tag","embeddable":true,"href":"https:\/\/kalendare365.eu\/index.php?rest_route=%2Fwp%2Fv2%2Ftags&post=3151"}],"curies":[{"name":"wp","href":"https:\/\/api.w.org\/{rel}","templated":true}]}}