{"id":3155,"date":"2025-06-13T17:00:28","date_gmt":"2025-06-13T14:00:28","guid":{"rendered":"https:\/\/kalendare365.eu\/?p=3155"},"modified":"2026-06-28T23:57:23","modified_gmt":"2026-06-28T20:57:23","slug":"kalendar-2000","status":"publish","type":"post","link":"https:\/\/kalendare365.eu\/?p=3155","title":{"rendered":"Kalend\u00e1\u0159 2000"},"content":{"rendered":"\n<p class=\"wp-block-paragraph\">Ro\u010dn\u00ed kalend\u00e1\u0159 pro rok 2000 v podob\u011b jednolist\u00e9 \u0161ablony p\u0159edstavuje praktick\u00fd n\u00e1stroj pro ka\u017ed\u00e9ho, kdo pot\u0159ebuje rychle zjistit, na kter\u00fd den v t\u00fddnu p\u0159ipad\u00e1 konkr\u00e9tn\u00ed datum. A\u0165 u\u017e hled\u00e1te den sv\u00e9ho narozen\u00ed, pl\u00e1nujete rodinn\u00e9 ud\u00e1losti nebo pot\u0159ebujete p\u0159ehled pro osobn\u00ed \u010di pracovn\u00ed organizaci, tato v\u00edcebarevn\u00e1 \u010desk\u00e1 \u0161ablona nab\u00edz\u00ed jasn\u00fd a snadno \u010diteln\u00fd pohled na cel\u00fd rok.<\/p>\n\n\n\n<h2 class=\"wp-block-heading\">Popis \u0161ablony<\/h2>\n\n\n\n<p class=\"wp-block-paragraph\">Kalend\u00e1\u0159 je vytvo\u0159en ve form\u00e1tu A4 na v\u00fd\u0161ku. Dvan\u00e1ct samostatn\u00fdch m\u0159\u00ed\u017eek p\u0159edstavuje jednotliv\u00e9 m\u011bs\u00edce, ka\u017ed\u00fd s v\u00fdrazn\u00fdm n\u00e1zvem um\u00edst\u011bn\u00fdm v horn\u00ed \u010d\u00e1sti tabulky. Sloupce zobrazuj\u00ed dny v t\u00fddnu od pond\u011bl\u00ed do ned\u011ble, zat\u00edmco \u0159\u00e1dky obsahuj\u00ed datumov\u00e9 bu\u0148ky s dostate\u010dn\u00fdm prostorem pro kr\u00e1tk\u00e9 pozn\u00e1mky. T\u00fddenn\u00ed \u010d\u00edsla nejsou uvedena a st\u00e1tn\u00ed sv\u00e1tky nejsou p\u0159edti\u0161t\u011bny, co\u017e umo\u017e\u0148uje u\u017eivateli doplnit si vlastn\u00ed ozna\u010den\u00ed p\u0159esn\u011b podle sv\u00fdch pot\u0159eb.<\/p>\n\n\n\n<h2 class=\"wp-block-heading\">Vyu\u017eit\u00ed kalend\u00e1\u0159e<\/h2>\n\n\n\n<ul class=\"wp-block-list\">\n<li>Vyhled\u00e1n\u00ed dne narozen\u00ed: Sta\u010d\u00ed naj\u00edt m\u011bs\u00edc, datum a p\u0159e\u010d\u00edst odpov\u00eddaj\u00edc\u00ed den v t\u00fddnu.<\/li>\n\n\n\n<li>Rodinn\u00fd archiv: Vedle kalend\u00e1\u0159e lze v\u00e9st vlastn\u00ed tabulku s narozeninami, v\u00fdro\u010d\u00edmi \u010di v\u00fdznamn\u00fdmi ud\u00e1lostmi.<\/li>\n\n\n\n<li>Pl\u00e1nov\u00e1n\u00ed projekt\u016f: Barevn\u00e9 ozna\u010den\u00ed \u00fakol\u016f umo\u017en\u00ed rozd\u011blit rok na etapy a sledovat term\u00edny v p\u0159ehledn\u00e9m uspo\u0159\u00e1d\u00e1n\u00ed.<\/li>\n\n\n\n<li>Osobn\u00ed motivace: Do kalend\u00e1\u0159e lze zapisovat c\u00edle, n\u00e1vyky nebo miln\u00edky, kter\u00e9 chcete b\u011bhem roku budovat.<\/li>\n<\/ul>\n\n\n\n<h2 class=\"wp-block-heading\">Design a barevn\u00e9 sch\u00e9ma<\/h2>\n\n\n\n<p class=\"wp-block-paragraph\">\u0160ablona vyu\u017e\u00edv\u00e1 sedm pastelov\u00fdch odst\u00edn\u016f p\u0159i\u0159azen\u00fdch jednotliv\u00fdm dn\u016fm v t\u00fddnu. Barevn\u00e9 \u0159ady se pravideln\u011b opakuj\u00ed, co\u017e zlep\u0161uje orientaci bez vizu\u00e1ln\u00edho p\u0159et\u00ed\u017een\u00ed. Sloupce v\u00edkend\u016f jsou jemn\u011b podbarven\u00e9 sv\u011btle \u0161ed\u00fdm t\u00f3nem, aby se odli\u0161ily od pracovn\u00edch dn\u016f. Hlavi\u010dky m\u011bs\u00edc\u016f jsou zpracov\u00e1ny kontrastn\u00edm bezpatkov\u00fdm p\u00edsmem, kter\u00e9 zaji\u0161\u0165uje maxim\u00e1ln\u00ed \u010ditelnost.<\/p>\n\n\n\n<h2 class=\"wp-block-heading\">Mo\u017enosti \u00faprav a p\u0159izp\u016fsoben\u00ed<\/h2>\n\n\n\n<ul class=\"wp-block-list\">\n<li>P\u0159id\u00e1n\u00ed sv\u00e1tk\u016f a v\u00fdro\u010d\u00ed: Do bun\u011bk lze ru\u010dn\u011b doplnit vlastn\u00ed seznam sv\u00e1tk\u016f \u010di narozenin.<\/li>\n\n\n\n<li>Zm\u011bna barevn\u00e9 palety: V grafick\u00fdch editorech lze snadno upravit odst\u00edny podle osobn\u00edho vkusu.<\/li>\n\n\n\n<li>Roz\u0161\u00ed\u0159en\u00ed o pozn\u00e1mkov\u00fd sloupec: Na pravou stranu listu lze p\u0159idat \u00fazk\u00fd prostor pro \u00fakoly \u010di koment\u00e1\u0159e.<\/li>\n\n\n\n<li>Digit\u00e1ln\u00ed verze: Po importu do Google Sheets nebo Excelu lze vyu\u017e\u00edt automatick\u00e9 podbarven\u00ed v\u00edkend\u016f \u010di sv\u00e1tk\u016f.<\/li>\n<\/ul>\n\n\n\n<h2 class=\"wp-block-heading\">Tipy pro efektivn\u00ed pr\u00e1ci<\/h2>\n\n\n\n<ul class=\"wp-block-list\">\n<li>Laminace a mazateln\u00e9 fixy: Laminovan\u00fd kalend\u00e1\u0159 umo\u017en\u00ed opakovan\u00e9 p\u0159episov\u00e1n\u00ed.<\/li>\n\n\n\n<li>Barevn\u00e9 legendy: Vytvo\u0159te si jednoduch\u00fd syst\u00e9m barev pro r\u016fzn\u00e9 typy ud\u00e1lost\u00ed.<\/li>\n\n\n\n<li>Sd\u00edlen\u00e9 pl\u00e1nov\u00e1n\u00ed: Vyti\u0161t\u011bn\u00e9 kopie m\u016f\u017eete rozdat rodin\u011b \u010di koleg\u016fm.<\/li>\n\n\n\n<li>Archivace: Uchov\u00e1vejte star\u00e9 kalend\u00e1\u0159e pro sledov\u00e1n\u00ed dlouhodob\u00fdch trend\u016f.<\/li>\n<\/ul>\n\n\n\n<h2 class=\"wp-block-heading\">Zaj\u00edmavosti o roce 2000<\/h2>\n\n\n\n<p class=\"wp-block-paragraph\">Rok 2000 byl p\u0159estupn\u00fd, proto\u017ee spl\u0148uje podm\u00ednku d\u011blen\u00ed \u010dty\u0159mi i \u010dty\u0159mi sty. \u00danor tak m\u011bl 29 dn\u00ed, co\u017e zp\u016fsobilo posun dn\u016f v t\u00fddnu od b\u0159ezna a\u017e do konce roku. Tento posun je z\u00e1sadn\u00ed pro spr\u00e1vn\u00e9 vypln\u011bn\u00ed tabulky a umo\u017e\u0148uje p\u0159esn\u011b ur\u010dit dny narozen\u00ed i dal\u0161\u00edch ud\u00e1lost\u00ed.<\/p>\n\n\n\n<p class=\"wp-block-paragraph\">Pro z\u00e1jemce o v\u00fdpo\u010det dn\u016f v t\u00fddnu existuj\u00ed algoritmy, nap\u0159\u00edklad Zellerova kongruence, nebo online kalkula\u010dky, kter\u00e9 n\u00e1zorn\u011b ukazuj\u00ed principy p\u0159estupn\u00fdch rok\u016f.<\/p>\n\n\n\n<figure class=\"wp-block-image size-full\"><img loading=\"lazy\" decoding=\"async\" width=\"800\" height=\"566\" src=\"https:\/\/kalendare365.eu\/wp-content\/uploads\/2025\/06\/kalendar-2000.webp\" alt=\"\" class=\"wp-image-3156\" srcset=\"https:\/\/kalendare365.eu\/wp-content\/uploads\/2025\/06\/kalendar-2000.webp 800w, https:\/\/kalendare365.eu\/wp-content\/uploads\/2025\/06\/kalendar-2000-300x212.webp 300w, https:\/\/kalendare365.eu\/wp-content\/uploads\/2025\/06\/kalendar-2000-768x543.webp 768w\" sizes=\"auto, (max-width: 800px) 100vw, 800px\" \/><\/figure>\n\n\n\n<p class=\"has-text-align-center wp-block-paragraph\"><a href=\"https:\/\/kalendare365.eu\/wp-content\/uploads\/2025\/06\/kalendar-2000.pdf\" target=\"_blank\" rel=\"noreferrer noopener nofollow\">PDF<\/a><\/p>\n\n\n\n<h2 class=\"wp-block-heading\">Z\u00e1v\u011br<\/h2>\n\n\n\n<p class=\"wp-block-paragraph\">Kalend\u00e1\u0159 roku 2000 na jedn\u00e9 str\u00e1nce je elegantn\u00ed, p\u0159ehledn\u00fd a univerz\u00e1ln\u00ed n\u00e1stroj pro ka\u017edodenn\u00ed i dlouhodob\u00e9 pl\u00e1nov\u00e1n\u00ed. D\u00edky v\u00edcebarevn\u00e9mu zpracov\u00e1n\u00ed, prostoru pro pozn\u00e1mky a mo\u017enosti vlastn\u00edch \u00faprav se snadno p\u0159izp\u016fsob\u00ed osobn\u00edm i pracovn\u00edm pot\u0159eb\u00e1m. Sta\u010d\u00ed jej vytisknout, doplnit podle vlastn\u00edch preferenc\u00ed a za\u010d\u00edt vyu\u017e\u00edvat jako praktick\u00e9ho pr\u016fvodce cel\u00fdm rokem.<\/p>\n","protected":false},"excerpt":{"rendered":"<p>Ro\u010dn\u00ed kalend\u00e1\u0159 pro rok 2000 v podob\u011b jednolist\u00e9 \u0161ablony p\u0159edstavuje praktick\u00fd n\u00e1stroj pro ka\u017ed\u00e9ho, kdo pot\u0159ebuje rychle zjistit, na kter\u00fd den v t\u00fddnu p\u0159ipad\u00e1 konkr\u00e9tn\u00ed datum. A\u0165 u\u017e hled\u00e1te den sv\u00e9ho narozen\u00ed, pl\u00e1nujete rodinn\u00e9 ud\u00e1losti nebo pot\u0159ebujete p\u0159ehled pro osobn\u00ed \u010di pracovn\u00ed organizaci, tato v\u00edcebarevn\u00e1 \u010desk\u00e1 \u0161ablona nab\u00edz\u00ed jasn\u00fd a snadno \u010diteln\u00fd pohled na cel\u00fd [&hellip;]<\/p>\n","protected":false},"author":1,"featured_media":0,"comment_status":"open","ping_status":"closed","sticky":false,"template":"","format":"standard","meta":{"footnotes":""},"categories":[1],"tags":[],"class_list":["post-3155","post","type-post","status-publish","format-standard","hentry","category-vyrocni"],"_links":{"self":[{"href":"https:\/\/kalendare365.eu\/index.php?rest_route=\/wp\/v2\/posts\/3155","targetHints":{"allow":["GET"]}}],"collection":[{"href":"https:\/\/kalendare365.eu\/index.php?rest_route=\/wp\/v2\/posts"}],"about":[{"href":"https:\/\/kalendare365.eu\/index.php?rest_route=\/wp\/v2\/types\/post"}],"author":[{"embeddable":true,"href":"https:\/\/kalendare365.eu\/index.php?rest_route=\/wp\/v2\/users\/1"}],"replies":[{"embeddable":true,"href":"https:\/\/kalendare365.eu\/index.php?rest_route=%2Fwp%2Fv2%2Fcomments&post=3155"}],"version-history":[{"count":2,"href":"https:\/\/kalendare365.eu\/index.php?rest_route=\/wp\/v2\/posts\/3155\/revisions"}],"predecessor-version":[{"id":3745,"href":"https:\/\/kalendare365.eu\/index.php?rest_route=\/wp\/v2\/posts\/3155\/revisions\/3745"}],"wp:attachment":[{"href":"https:\/\/kalendare365.eu\/index.php?rest_route=%2Fwp%2Fv2%2Fmedia&parent=3155"}],"wp:term":[{"taxonomy":"category","embeddable":true,"href":"https:\/\/kalendare365.eu\/index.php?rest_route=%2Fwp%2Fv2%2Fcategories&post=3155"},{"taxonomy":"post_tag","embeddable":true,"href":"https:\/\/kalendare365.eu\/index.php?rest_route=%2Fwp%2Fv2%2Ftags&post=3155"}],"curies":[{"name":"wp","href":"https:\/\/api.w.org\/{rel}","templated":true}]}}