{"id":3159,"date":"2025-06-13T17:11:40","date_gmt":"2025-06-13T14:11:40","guid":{"rendered":"https:\/\/kalendare365.eu\/?p=3159"},"modified":"2026-06-23T12:26:22","modified_gmt":"2026-06-23T09:26:22","slug":"kalendar-1999","status":"publish","type":"post","link":"https:\/\/kalendare365.eu\/?p=3159","title":{"rendered":"Kalend\u00e1\u0159 1999"},"content":{"rendered":"\n<p class=\"wp-block-paragraph\">Ro\u010dn\u00ed kalend\u00e1\u0159 pro rok 1999 na jednom listu p\u0159edstavuje praktick\u00fd n\u00e1stroj, kter\u00fd spojuje jednoduchost, vizu\u00e1ln\u00ed p\u0159ehlednost a mo\u017enost \u0161irok\u00e9ho vyu\u017eit\u00ed. A\u0165 u\u017e pot\u0159ebuje\u0161 zp\u011btn\u011b dohledat konkr\u00e9tn\u00ed datum, pl\u00e1novat projekty, nebo si jen vytvo\u0159it vlastn\u00ed archiv ud\u00e1lost\u00ed, tato \u0161ablona nab\u00edz\u00ed jasnou orientaci v cel\u00e9m roce bez ru\u0161iv\u00fdch prvk\u016f. D\u00edky \u010dist\u00e9mu designu a pastelov\u00fdm barv\u00e1m se hod\u00ed jak pro osobn\u00ed, tak pracovn\u00ed pou\u017eit\u00ed.<\/p>\n\n\n\n<hr class=\"wp-block-separator has-alpha-channel-opacity\"\/>\n\n\n\n<h2 class=\"wp-block-heading\">Struktura a rozvr\u017een\u00ed kalend\u00e1\u0159e<\/h2>\n\n\n\n<p class=\"wp-block-paragraph\">Kalend\u00e1\u0159 je vytvo\u0159en ve form\u00e1tu A4 na v\u00fd\u0161ku a rozd\u011blen do dvan\u00e1cti samostatn\u00fdch m\u0159\u00ed\u017eek, kter\u00e9 reprezentuj\u00ed jednotliv\u00e9 m\u011bs\u00edce roku 1999. Ka\u017ed\u00e1 m\u0159\u00ed\u017eka obsahuje n\u00e1zev m\u011bs\u00edce a tabulku se sloupci pro dny v t\u00fddnu od pond\u011bl\u00ed do ned\u011ble. \u0158\u00e1dky pak postupn\u011b zobrazuj\u00ed data od 1. do 28\u201331 podle d\u00e9lky m\u011bs\u00edce.<\/p>\n\n\n\n<p class=\"wp-block-paragraph\">Bu\u0148ky jsou navr\u017eeny tak, aby poskytly dostatek prostoru pro kr\u00e1tk\u00e9 pozn\u00e1mky, symboly nebo barevn\u00e9 zna\u010dky. D\u00edky tomu m\u016f\u017ee kalend\u00e1\u0159 slou\u017eit nejen jako orienta\u010dn\u00ed pom\u016fcka, ale i jako jednoduch\u00fd pl\u00e1novac\u00ed n\u00e1stroj.<\/p>\n\n\n\n<hr class=\"wp-block-separator has-alpha-channel-opacity\"\/>\n\n\n\n<h2 class=\"wp-block-heading\">Mo\u017enosti vyu\u017eit\u00ed kalend\u00e1\u0159e<\/h2>\n\n\n\n<p class=\"wp-block-paragraph\">Vyhled\u00e1n\u00ed dne narozen\u00ed<br>Sta\u010d\u00ed naj\u00edt p\u0159\u00edslu\u0161n\u00fd m\u011bs\u00edc, vyhledat konkr\u00e9tn\u00ed datum a nad n\u00edm ode\u010d\u00edst den v t\u00fddnu. Kalend\u00e1\u0159 tak umo\u017e\u0148uje rychle zjistit, na kter\u00fd den p\u0159ipadly narozeniny, v\u00fdro\u010d\u00ed \u010di jin\u00e9 ud\u00e1losti v roce 1999.<\/p>\n\n\n\n<p class=\"wp-block-paragraph\">Rodinn\u00e9 pl\u00e1nov\u00e1n\u00ed<br>Vedle jednotliv\u00fdch dat lze doplnit jm\u00e9na \u010dlen\u016f rodiny, p\u0159ipom\u00ednky k oslav\u00e1m nebo d\u016fle\u017eit\u00e9 miln\u00edky.<\/p>\n\n\n\n<p class=\"wp-block-paragraph\">Pracovn\u00ed organizace<br>Barevn\u00e9 zv\u00fdrazn\u011bn\u00ed pom\u016f\u017ee odli\u0161it projektov\u00e9 f\u00e1ze, term\u00edny odevzd\u00e1n\u00ed \u010di sch\u016fzky. Kalend\u00e1\u0159 tak m\u016f\u017ee slou\u017eit jako jednoduch\u00fd ro\u010dn\u00ed pl\u00e1n.<\/p>\n\n\n\n<p class=\"wp-block-paragraph\">Osobn\u00ed c\u00edle<br>Dny lze ozna\u010dovat podle spln\u011bn\u00fdch \u00fakol\u016f, sportovn\u00edch aktivit nebo studijn\u00edch n\u00e1vyk\u016f. Kalend\u00e1\u0159 se tak st\u00e1v\u00e1 vizu\u00e1ln\u00edm motiv\u00e1torem.<\/p>\n\n\n\n<hr class=\"wp-block-separator has-alpha-channel-opacity\"\/>\n\n\n\n<h2 class=\"wp-block-heading\">Design a barevn\u00e9 proveden\u00ed<\/h2>\n\n\n\n<p class=\"wp-block-paragraph\">Ka\u017ed\u00fd den v t\u00fddnu je ozna\u010den jin\u00fdm pastelov\u00fdm odst\u00ednem, kter\u00fd se opakuje v jednotliv\u00fdch \u0159\u00e1dc\u00edch. D\u00edky tomu je snadn\u00e9 sledovat horizont\u00e1ln\u00ed linii dat. V\u00edkendov\u00e9 sloupce jsou jemn\u011b podbarven\u00e9 neutr\u00e1ln\u00ed \u0161edou nebo sv\u011btl\u00fdm t\u00f3nem, aby vizu\u00e1ln\u011b vystupovaly a usnadnily orientaci.<\/p>\n\n\n\n<p class=\"wp-block-paragraph\">Hlavi\u010dky m\u011bs\u00edc\u016f maj\u00ed decentn\u00ed pastelov\u00e9 pozad\u00ed a jsou zpracov\u00e1ny modern\u00edm bezpatkov\u00fdm p\u00edsmem, kter\u00e9 podporuje \u010dist\u00fd a profesion\u00e1ln\u00ed vzhled.<\/p>\n\n\n\n<hr class=\"wp-block-separator has-alpha-channel-opacity\"\/>\n\n\n\n<h2 class=\"wp-block-heading\">\u00dapravy a p\u0159izp\u016fsoben\u00ed \u0161ablony<\/h2>\n\n\n\n<p class=\"wp-block-paragraph\">Dopln\u011bn\u00ed sv\u00e1tk\u016f<br>Do kalend\u00e1\u0159e lze ru\u010dn\u011b nebo v grafick\u00e9m editoru p\u0159idat st\u00e1tn\u00ed sv\u00e1tky, rodinn\u00e9 ud\u00e1losti \u010di firemn\u00ed term\u00edny.<\/p>\n\n\n\n<p class=\"wp-block-paragraph\">Zm\u011bna barevn\u00e9 palety<br>V aplikac\u00edch jako Adobe Illustrator, InDesign nebo Excel lze snadno upravit barvy podle vlastn\u00edho stylu.<\/p>\n\n\n\n<p class=\"wp-block-paragraph\">P\u0159id\u00e1n\u00ed pozn\u00e1mkov\u00e9ho prostoru<br>Na pravou stranu listu lze vlo\u017eit \u00fazk\u00fd sloupec pro celoro\u010dn\u00ed \u00fakoly, d\u016fle\u017eit\u00e1 \u010d\u00edsla nebo rychl\u00e9 pozn\u00e1mky.<\/p>\n\n\n\n<p class=\"wp-block-paragraph\">Digit\u00e1ln\u00ed verze<br>Po importu do Google Sheets nebo Excelu lze vyu\u017e\u00edt podm\u00edn\u011bn\u00e9 form\u00e1tov\u00e1n\u00ed, automatick\u00e9 zv\u00fdrazn\u011bn\u00ed v\u00edkend\u016f nebo dopln\u011bn\u00ed sv\u00e1tk\u016f podle datab\u00e1ze.<\/p>\n\n\n\n<hr class=\"wp-block-separator has-alpha-channel-opacity\"\/>\n\n\n\n<h2 class=\"wp-block-heading\">Praktick\u00e9 tipy pro pou\u017e\u00edv\u00e1n\u00ed<\/h2>\n\n\n\n<p class=\"wp-block-paragraph\">Laminace a opakovan\u00e9 pou\u017eit\u00ed<br>Po zalaminov\u00e1n\u00ed lze kalend\u00e1\u0159 pou\u017e\u00edvat s mazac\u00edmi fixy po cel\u00fd rok.<\/p>\n\n\n\n<p class=\"wp-block-paragraph\">Barevn\u00e1 legenda<br>Vytvo\u0159 si jednoduch\u00fd syst\u00e9m barev pro r\u016fzn\u00e9 typy ud\u00e1lost\u00ed.<\/p>\n\n\n\n<p class=\"wp-block-paragraph\">Sd\u00edlen\u00ed s rodinou a kolegy<br>Kalend\u00e1\u0159 m\u016f\u017ee slou\u017eit jako spole\u010dn\u00fd pl\u00e1novac\u00ed n\u00e1stroj pro t\u00fdm nebo dom\u00e1cnost.<\/p>\n\n\n\n<p class=\"wp-block-paragraph\">Archivace minul\u00fdch let<br>Ulo\u017een\u00e9 kalend\u00e1\u0159e pom\u00e1haj\u00ed uchovat vzpom\u00ednky a sledovat dlouhodob\u00e9 zm\u011bny.<\/p>\n\n\n\n<hr class=\"wp-block-separator has-alpha-channel-opacity\"\/>\n\n\n\n<h2 class=\"wp-block-heading\">Zaj\u00edmavosti o roce 1999<\/h2>\n\n\n\n<p class=\"wp-block-paragraph\">Rok 1999 nebyl p\u0159estupn\u00fd, \u00fanor tedy obsahoval 28 dn\u00ed. Oproti p\u0159edchoz\u00edmu roku se tak dny v t\u00fddnu posunuly o jeden. Tento rok z\u00e1rove\u0148 symbolicky uzav\u00edral 2. tis\u00edcilet\u00ed a p\u0159edch\u00e1zel obdob\u00ed obav spojen\u00fdch s tzv. Y2K probl\u00e9mem, kter\u00fd vyvol\u00e1val nejistotu v oblasti po\u010d\u00edta\u010dov\u00fdch syst\u00e9m\u016f.<\/p>\n\n\n\n<p class=\"wp-block-paragraph\">V \u010desk\u00e9m kontextu byl rok 1999 v\u00fdznamn\u00fd tak\u00e9 t\u00edm, \u017ee \u010cesk\u00e1 republika z\u00edskala status kandid\u00e1tsk\u00e9 zem\u011b pro vstup do Evropsk\u00e9 unie.<\/p>\n\n\n\n<hr class=\"wp-block-separator has-alpha-channel-opacity\"\/>\n\n\n\n<figure class=\"wp-block-image size-full\"><img loading=\"lazy\" decoding=\"async\" width=\"800\" height=\"566\" src=\"https:\/\/kalendare365.eu\/wp-content\/uploads\/2025\/06\/kalendar-1999.webp\" alt=\"\" class=\"wp-image-3160\" srcset=\"https:\/\/kalendare365.eu\/wp-content\/uploads\/2025\/06\/kalendar-1999.webp 800w, https:\/\/kalendare365.eu\/wp-content\/uploads\/2025\/06\/kalendar-1999-300x212.webp 300w, https:\/\/kalendare365.eu\/wp-content\/uploads\/2025\/06\/kalendar-1999-768x543.webp 768w\" sizes=\"auto, (max-width: 800px) 100vw, 800px\" \/><\/figure>\n\n\n\n<p class=\"has-text-align-center wp-block-paragraph\"><a href=\"https:\/\/kalendare365.eu\/wp-content\/uploads\/2025\/06\/kalendar-1999.pdf\" target=\"_blank\" rel=\"noreferrer noopener nofollow\">PDF<\/a><\/p>\n\n\n\n<h2 class=\"wp-block-heading\">Z\u00e1v\u011br<\/h2>\n\n\n\n<p class=\"wp-block-paragraph\">Kalend\u00e1\u0159 roku 1999 na jedn\u00e9 str\u00e1nce p\u0159edstavuje spojen\u00ed jednoduchosti, p\u0159ehlednosti a \u0161irok\u00fdch mo\u017enost\u00ed vyu\u017eit\u00ed. Nab\u00edz\u00ed prostor pro vlastn\u00ed pozn\u00e1mky, umo\u017e\u0148uje rychlou orientaci v datech a d\u00edky \u010dist\u00e9mu designu se hod\u00ed pro osobn\u00ed i pracovn\u00ed pl\u00e1nov\u00e1n\u00ed. A\u0165 u\u017e jej pou\u017eije\u0161 pro archivaci, organizaci nebo kreativn\u00ed projekty, poskytne ti jasn\u00fd a praktick\u00fd p\u0159ehled cel\u00e9ho roku.<\/p>\n\n\n\n<p class=\"wp-block-paragraph\">Pokud chce\u0161 j\u00edt je\u0161t\u011b d\u00e1l a pochopit matematick\u00e9 ur\u010dov\u00e1n\u00ed dn\u016f v t\u00fddnu, m\u016f\u017ee\u0161 vyzkou\u0161et Zellerovu kongruenci nebo modern\u00ed online kalkula\u010dky. Stejn\u00e1 \u0161ablona m\u016f\u017ee b\u00fdt u\u017eite\u010dn\u00e1 i pro genealogick\u00fd v\u00fdzkum a mapov\u00e1n\u00ed historick\u00fdch dat.<\/p>\n","protected":false},"excerpt":{"rendered":"<p>Ro\u010dn\u00ed kalend\u00e1\u0159 pro rok 1999 na jednom listu p\u0159edstavuje praktick\u00fd n\u00e1stroj, kter\u00fd spojuje jednoduchost, vizu\u00e1ln\u00ed p\u0159ehlednost a mo\u017enost \u0161irok\u00e9ho vyu\u017eit\u00ed. A\u0165 u\u017e pot\u0159ebuje\u0161 zp\u011btn\u011b dohledat konkr\u00e9tn\u00ed datum, pl\u00e1novat projekty, nebo si jen vytvo\u0159it vlastn\u00ed archiv ud\u00e1lost\u00ed, tato \u0161ablona nab\u00edz\u00ed jasnou orientaci v cel\u00e9m roce bez ru\u0161iv\u00fdch prvk\u016f. D\u00edky \u010dist\u00e9mu designu a pastelov\u00fdm barv\u00e1m se hod\u00ed [&hellip;]<\/p>\n","protected":false},"author":1,"featured_media":0,"comment_status":"open","ping_status":"closed","sticky":false,"template":"","format":"standard","meta":{"footnotes":""},"categories":[1],"tags":[],"class_list":["post-3159","post","type-post","status-publish","format-standard","hentry","category-vyrocni"],"_links":{"self":[{"href":"https:\/\/kalendare365.eu\/index.php?rest_route=\/wp\/v2\/posts\/3159","targetHints":{"allow":["GET"]}}],"collection":[{"href":"https:\/\/kalendare365.eu\/index.php?rest_route=\/wp\/v2\/posts"}],"about":[{"href":"https:\/\/kalendare365.eu\/index.php?rest_route=\/wp\/v2\/types\/post"}],"author":[{"embeddable":true,"href":"https:\/\/kalendare365.eu\/index.php?rest_route=\/wp\/v2\/users\/1"}],"replies":[{"embeddable":true,"href":"https:\/\/kalendare365.eu\/index.php?rest_route=%2Fwp%2Fv2%2Fcomments&post=3159"}],"version-history":[{"count":2,"href":"https:\/\/kalendare365.eu\/index.php?rest_route=\/wp\/v2\/posts\/3159\/revisions"}],"predecessor-version":[{"id":3744,"href":"https:\/\/kalendare365.eu\/index.php?rest_route=\/wp\/v2\/posts\/3159\/revisions\/3744"}],"wp:attachment":[{"href":"https:\/\/kalendare365.eu\/index.php?rest_route=%2Fwp%2Fv2%2Fmedia&parent=3159"}],"wp:term":[{"taxonomy":"category","embeddable":true,"href":"https:\/\/kalendare365.eu\/index.php?rest_route=%2Fwp%2Fv2%2Fcategories&post=3159"},{"taxonomy":"post_tag","embeddable":true,"href":"https:\/\/kalendare365.eu\/index.php?rest_route=%2Fwp%2Fv2%2Ftags&post=3159"}],"curies":[{"name":"wp","href":"https:\/\/api.w.org\/{rel}","templated":true}]}}