{"id":3163,"date":"2025-06-13T17:17:02","date_gmt":"2025-06-13T14:17:02","guid":{"rendered":"https:\/\/kalendare365.eu\/?p=3163"},"modified":"2026-06-23T12:24:35","modified_gmt":"2026-06-23T09:24:35","slug":"kalendar-1998","status":"publish","type":"post","link":"https:\/\/kalendare365.eu\/?p=3163","title":{"rendered":"Kalend\u00e1\u0159 1998"},"content":{"rendered":"\n<p class=\"wp-block-paragraph\">Ro\u010dn\u00ed kalend\u00e1\u0159 pro rok 1998 p\u0159edstavuje praktick\u00fd a vizu\u00e1ln\u011b \u010dist\u00fd n\u00e1stroj, kter\u00fd spojuje estetiku s funk\u010dnost\u00ed. Umo\u017e\u0148uje rychle zjistit, na jak\u00fd den v t\u00fddnu p\u0159ipad\u00e1 konkr\u00e9tn\u00ed datum, a z\u00e1rove\u0148 nab\u00edz\u00ed dostatek prostoru pro osobn\u00ed pozn\u00e1mky, pl\u00e1nov\u00e1n\u00ed i archivaci d\u016fle\u017eit\u00fdch ud\u00e1lost\u00ed. D\u00edky p\u0159ehledn\u00e9mu rozlo\u017een\u00ed, pastelov\u00fdm barv\u00e1m a mo\u017enosti \u00faprav je vhodn\u00fd pro dom\u00e1c\u00ed, pracovn\u00ed i studijn\u00ed vyu\u017eit\u00ed. Tento \u010dl\u00e1nek shrnuje vlastnosti \u0161ablony, jej\u00ed mo\u017enosti a tipy, jak z n\u00ed vyt\u011b\u017eit maximum.<\/p>\n\n\n\n<hr class=\"wp-block-separator has-alpha-channel-opacity\"\/>\n\n\n\n<h2 class=\"wp-block-heading\">Charakteristika ro\u010dn\u00edho kalend\u00e1\u0159e 1998<\/h2>\n\n\n\n<h3 class=\"wp-block-heading\">P\u0159ehledn\u00e9 rozlo\u017een\u00ed na jednom listu<\/h3>\n\n\n\n<p class=\"wp-block-paragraph\">Kalend\u00e1\u0159 je navr\u017een na form\u00e1tu A4 v portr\u00e9tov\u00e9 orientaci. Dvan\u00e1ct samostatn\u00fdch m\u0159\u00ed\u017eek p\u0159edstavuje jednotliv\u00e9 m\u011bs\u00edce roku 1998, p\u0159i\u010dem\u017e ka\u017ed\u00fd m\u011bs\u00edc je ozna\u010den n\u00e1zvem um\u00edst\u011bn\u00fdm nad tabulkou. Sloupce odpov\u00eddaj\u00ed dn\u016fm v t\u00fddnu od pond\u011bl\u00ed do ned\u011ble a \u0159\u00e1dky obsahuj\u00ed jednotliv\u00e1 data. Bu\u0148ky maj\u00ed dostate\u010dnou velikost pro ru\u010dn\u00ed z\u00e1pis kr\u00e1tk\u00fdch pozn\u00e1mek, symbol\u016f \u010di \u00fakol\u016f.<\/p>\n\n\n\n<h3 class=\"wp-block-heading\">Barevn\u00e9 sch\u00e9ma a typografie<\/h3>\n\n\n\n<p class=\"wp-block-paragraph\">\u0160ablona pracuje se sedmi pastelov\u00fdmi odst\u00edny, kter\u00e9 se opakuj\u00ed podle dn\u016f v t\u00fddnu. D\u00edky tomu je mo\u017en\u00e9 snadno sledovat \u0159\u00e1dky i sloupce bez ztr\u00e1ty orientace. V\u00edkendov\u00e9 dny jsou zv\u00fdrazn\u011bny jemn\u00fdm podbarven\u00edm, aby vizu\u00e1ln\u011b vystupovaly z pracovn\u00edho t\u00fddne. Hlavi\u010dky m\u011bs\u00edc\u016f jsou dopln\u011bny sv\u011btlej\u0161\u00edmi bloky a modern\u00edm bezpatkov\u00fdm p\u00edsmem, kter\u00e9 podporuje \u010ditelnost.<\/p>\n\n\n\n<hr class=\"wp-block-separator has-alpha-channel-opacity\"\/>\n\n\n\n<h2 class=\"wp-block-heading\">Mo\u017enosti vyu\u017eit\u00ed kalend\u00e1\u0159e<\/h2>\n\n\n\n<h3 class=\"wp-block-heading\">Den narozen\u00ed a osobn\u00ed data<\/h3>\n\n\n\n<p class=\"wp-block-paragraph\">Kalend\u00e1\u0159 umo\u017e\u0148uje rychle zjistit, na jak\u00fd den v t\u00fddnu p\u0159ipadlo konkr\u00e9tn\u00ed datum v roce 1998. Sta\u010d\u00ed vyhledat m\u011bs\u00edc, naj\u00edt p\u0159\u00edslu\u0161n\u00e9 \u010d\u00edslo a p\u0159e\u010d\u00edst odpov\u00eddaj\u00edc\u00ed den.<\/p>\n\n\n\n<h3 class=\"wp-block-heading\">Rodinn\u00e9 ud\u00e1losti a v\u00fdro\u010d\u00ed<\/h3>\n\n\n\n<p class=\"wp-block-paragraph\">Po stran\u011b kalend\u00e1\u0159e lze vytvo\u0159it vlastn\u00ed sloupec pro jm\u00e9na \u010dlen\u016f rodiny, v\u00fdro\u010d\u00ed nebo jin\u00e9 osobn\u00ed ud\u00e1losti. Kalend\u00e1\u0159 tak m\u016f\u017ee slou\u017eit jako jednoduch\u00fd rodinn\u00fd pl\u00e1nova\u010d.<\/p>\n\n\n\n<h3 class=\"wp-block-heading\">Projektov\u00e9 a pracovn\u00ed pl\u00e1nov\u00e1n\u00ed<\/h3>\n\n\n\n<p class=\"wp-block-paragraph\">Barevn\u00e9 ozna\u010den\u00ed obdob\u00ed, term\u00edn\u016f a \u00fakol\u016f pom\u00e1h\u00e1 p\u0159i organizaci projekt\u016f. Pastelov\u00e9 barvy umo\u017e\u0148uj\u00ed p\u0159ehledn\u00e9 rozli\u0161en\u00ed jednotliv\u00fdch aktivit.<\/p>\n\n\n\n<h3 class=\"wp-block-heading\">Osobn\u00ed c\u00edle a n\u00e1vyky<\/h3>\n\n\n\n<p class=\"wp-block-paragraph\">Kalend\u00e1\u0159 je vhodn\u00fd i pro sledov\u00e1n\u00ed dlouhodob\u00fdch n\u00e1vyk\u016f, jako je cvi\u010den\u00ed, studium nebo pravideln\u00e9 aktivity. Jednotliv\u00e9 dny lze ozna\u010dovat barvami \u010di symboly.<\/p>\n\n\n\n<hr class=\"wp-block-separator has-alpha-channel-opacity\"\/>\n\n\n\n<h2 class=\"wp-block-heading\">\u00dapravy a personalizace<\/h2>\n\n\n\n<h3 class=\"wp-block-heading\">P\u0159id\u00e1n\u00ed sv\u00e1tk\u016f a ud\u00e1lost\u00ed<\/h3>\n\n\n\n<p class=\"wp-block-paragraph\">Do \u0161ablony lze ru\u010dn\u011b doplnit st\u00e1tn\u00ed sv\u00e1tky, jmeniny nebo rodinn\u00e9 oslavy. V digit\u00e1ln\u00ed podob\u011b je mo\u017en\u00e9 vyu\u017e\u00edt i automatick\u00e9 podbarven\u00ed v\u00edkend\u016f \u010di sv\u00e1tk\u016f.<\/p>\n\n\n\n<h3 class=\"wp-block-heading\">Zm\u011bna barev a stylu<\/h3>\n\n\n\n<p class=\"wp-block-paragraph\">Kalend\u00e1\u0159 lze otev\u0159\u00edt v aplikac\u00edch jako Excel, Google Sheets, Illustrator nebo InDesign a upravit barevnou paletu podle vlastn\u00edch preferenc\u00ed.<\/p>\n\n\n\n<h3 class=\"wp-block-heading\">Pozn\u00e1mkov\u00fd sloupec<\/h3>\n\n\n\n<p class=\"wp-block-paragraph\">Na prav\u00fd okraj listu lze p\u0159idat \u00fazk\u00fd sloupec pro celoro\u010dn\u00ed \u00fakoly, kontakty nebo d\u016fle\u017eit\u00e9 pozn\u00e1mky.<\/p>\n\n\n\n<h3 class=\"wp-block-heading\">Digit\u00e1ln\u00ed verze<\/h3>\n\n\n\n<p class=\"wp-block-paragraph\">Po importu do tabulkov\u00e9ho editoru lze vyu\u017e\u00edt podm\u00edn\u011bn\u00e9 form\u00e1tov\u00e1n\u00ed, automatick\u00e9 zv\u00fdrazn\u011bn\u00ed v\u00edkend\u016f nebo propojen\u00ed s dal\u0161\u00edmi daty.<\/p>\n\n\n\n<hr class=\"wp-block-separator has-alpha-channel-opacity\"\/>\n\n\n\n<h2 class=\"wp-block-heading\">Praktick\u00e9 tipy pro pou\u017e\u00edv\u00e1n\u00ed<\/h2>\n\n\n\n<h3 class=\"wp-block-heading\">Laminace a opakovan\u00e9 pou\u017eit\u00ed<\/h3>\n\n\n\n<p class=\"wp-block-paragraph\">Laminovan\u00fd kalend\u00e1\u0159 umo\u017e\u0148uje ps\u00e1t a mazat pomoc\u00ed such\u00fdch fix\u016f, co\u017e je ide\u00e1ln\u00ed pro dynamick\u00e9 pl\u00e1nov\u00e1n\u00ed.<\/p>\n\n\n\n<h3 class=\"wp-block-heading\">Barevn\u00e9 kl\u00ed\u010de<\/h3>\n\n\n\n<p class=\"wp-block-paragraph\">Vytvo\u0159en\u00ed jednoduch\u00e9 legendy pom\u016f\u017ee rychle rozli\u0161it typy aktivit, nap\u0159\u00edklad rodinn\u00e9 ud\u00e1losti, pracovn\u00ed term\u00edny nebo volno\u010dasov\u00e9 aktivity.<\/p>\n\n\n\n<h3 class=\"wp-block-heading\">Sd\u00edlen\u00ed s ostatn\u00edmi<\/h3>\n\n\n\n<p class=\"wp-block-paragraph\">Vyti\u0161t\u011bn\u00e9 kopie lze rozdat rodin\u011b \u010di koleg\u016fm, aby m\u011bli p\u0159ehled o spole\u010dn\u00fdch pl\u00e1nech.<\/p>\n\n\n\n<h3 class=\"wp-block-heading\">Archivace<\/h3>\n\n\n\n<p class=\"wp-block-paragraph\">Uchov\u00e1v\u00e1n\u00ed vypln\u011bn\u00fdch kalend\u00e1\u0159\u016f poskytuje retrospektivu ud\u00e1lost\u00ed a umo\u017e\u0148uje sledovat dlouhodob\u00e9 vzorce a zm\u011bny.<\/p>\n\n\n\n<hr class=\"wp-block-separator has-alpha-channel-opacity\"\/>\n\n\n\n<h2 class=\"wp-block-heading\">Zaj\u00edmavosti o roce 1998<\/h2>\n\n\n\n<h3 class=\"wp-block-heading\">Nep\u0159estupn\u00fd rok<\/h3>\n\n\n\n<p class=\"wp-block-paragraph\">Rok 1998 nebyl p\u0159estupn\u00fd, \u00fanor m\u011bl tedy 28 dn\u00ed. Dny v t\u00fddnu se oproti roku 1997 posunuly o jeden den dop\u0159edu a 1. ledna 1998 p\u0159ipadl na \u010dtvrtek.<\/p>\n\n\n\n<h3 class=\"wp-block-heading\">V\u00fdznamn\u00e9 ud\u00e1losti v \u010desk\u00e9m prost\u0159ed\u00ed<\/h3>\n\n\n\n<p class=\"wp-block-paragraph\">V roce 1998 se p\u0159ipom\u00ednalo 50 let od konce druh\u00e9 sv\u011btov\u00e9 v\u00e1lky, co\u017e doprov\u00e1zela \u0159ada vzpom\u00ednkov\u00fdch akc\u00ed.<\/p>\n\n\n\n<h3 class=\"wp-block-heading\">Technologick\u00e9 souvislosti<\/h3>\n\n\n\n<p class=\"wp-block-paragraph\">V oblasti technologi\u00ed se intenzivn\u011b \u0159e\u0161il probl\u00e9m Y2K. Mnoho organizac\u00ed za\u010dalo testovat sv\u00e9 syst\u00e9my kv\u016fli obav\u00e1m z p\u0159echodu do roku 2000.<\/p>\n\n\n\n<hr class=\"wp-block-separator has-alpha-channel-opacity\"\/>\n\n\n\n<figure class=\"wp-block-image size-full\"><img loading=\"lazy\" decoding=\"async\" width=\"800\" height=\"566\" src=\"https:\/\/kalendare365.eu\/wp-content\/uploads\/2025\/06\/kalendar-1998.webp\" alt=\"\" class=\"wp-image-3164\" srcset=\"https:\/\/kalendare365.eu\/wp-content\/uploads\/2025\/06\/kalendar-1998.webp 800w, https:\/\/kalendare365.eu\/wp-content\/uploads\/2025\/06\/kalendar-1998-300x212.webp 300w, https:\/\/kalendare365.eu\/wp-content\/uploads\/2025\/06\/kalendar-1998-768x543.webp 768w\" sizes=\"auto, (max-width: 800px) 100vw, 800px\" \/><\/figure>\n\n\n\n<p class=\"has-text-align-center wp-block-paragraph\"><a href=\"https:\/\/kalendare365.eu\/wp-content\/uploads\/2025\/06\/kalendar-1998.pdf\" target=\"_blank\" rel=\"noreferrer noopener nofollow\">PDF<\/a><\/p>\n\n\n\n<h2 class=\"wp-block-heading\">Z\u00e1v\u011br<\/h2>\n\n\n\n<p class=\"wp-block-paragraph\">Ro\u010dn\u00ed kalend\u00e1\u0159 1998 na jednom listu je elegantn\u00ed a praktick\u00fd n\u00e1stroj, kter\u00fd spojuje vizu\u00e1ln\u00ed p\u0159ehlednost s \u0161irok\u00fdmi mo\u017enostmi vyu\u017eit\u00ed. D\u00edky pastelov\u00fdm barv\u00e1m, dostate\u010dn\u00e9mu prostoru pro pozn\u00e1mky a mo\u017enosti \u00faprav se hod\u00ed pro osobn\u00ed i pracovn\u00ed pl\u00e1nov\u00e1n\u00ed. M\u016f\u017eete jej vytisknout, laminovat, sd\u00edlet s ostatn\u00edmi nebo propojit s digit\u00e1ln\u00edmi n\u00e1stroji. A\u0165 u\u017e jej pou\u017e\u00edv\u00e1te pro organizaci, archivaci nebo \u010dist\u011b pro z\u00e1jem o minulost, poskytne v\u00e1m jasn\u00fd a strukturovan\u00fd pohled na cel\u00fd rok 1998.<\/p>\n","protected":false},"excerpt":{"rendered":"<p>Ro\u010dn\u00ed kalend\u00e1\u0159 pro rok 1998 p\u0159edstavuje praktick\u00fd a vizu\u00e1ln\u011b \u010dist\u00fd n\u00e1stroj, kter\u00fd spojuje estetiku s funk\u010dnost\u00ed. Umo\u017e\u0148uje rychle zjistit, na jak\u00fd den v t\u00fddnu p\u0159ipad\u00e1 konkr\u00e9tn\u00ed datum, a z\u00e1rove\u0148 nab\u00edz\u00ed dostatek prostoru pro osobn\u00ed pozn\u00e1mky, pl\u00e1nov\u00e1n\u00ed i archivaci d\u016fle\u017eit\u00fdch ud\u00e1lost\u00ed. D\u00edky p\u0159ehledn\u00e9mu rozlo\u017een\u00ed, pastelov\u00fdm barv\u00e1m a mo\u017enosti \u00faprav je vhodn\u00fd pro dom\u00e1c\u00ed, pracovn\u00ed i studijn\u00ed [&hellip;]<\/p>\n","protected":false},"author":1,"featured_media":0,"comment_status":"open","ping_status":"closed","sticky":false,"template":"","format":"standard","meta":{"footnotes":""},"categories":[1],"tags":[],"class_list":["post-3163","post","type-post","status-publish","format-standard","hentry","category-vyrocni"],"_links":{"self":[{"href":"https:\/\/kalendare365.eu\/index.php?rest_route=\/wp\/v2\/posts\/3163","targetHints":{"allow":["GET"]}}],"collection":[{"href":"https:\/\/kalendare365.eu\/index.php?rest_route=\/wp\/v2\/posts"}],"about":[{"href":"https:\/\/kalendare365.eu\/index.php?rest_route=\/wp\/v2\/types\/post"}],"author":[{"embeddable":true,"href":"https:\/\/kalendare365.eu\/index.php?rest_route=\/wp\/v2\/users\/1"}],"replies":[{"embeddable":true,"href":"https:\/\/kalendare365.eu\/index.php?rest_route=%2Fwp%2Fv2%2Fcomments&post=3163"}],"version-history":[{"count":2,"href":"https:\/\/kalendare365.eu\/index.php?rest_route=\/wp\/v2\/posts\/3163\/revisions"}],"predecessor-version":[{"id":3743,"href":"https:\/\/kalendare365.eu\/index.php?rest_route=\/wp\/v2\/posts\/3163\/revisions\/3743"}],"wp:attachment":[{"href":"https:\/\/kalendare365.eu\/index.php?rest_route=%2Fwp%2Fv2%2Fmedia&parent=3163"}],"wp:term":[{"taxonomy":"category","embeddable":true,"href":"https:\/\/kalendare365.eu\/index.php?rest_route=%2Fwp%2Fv2%2Fcategories&post=3163"},{"taxonomy":"post_tag","embeddable":true,"href":"https:\/\/kalendare365.eu\/index.php?rest_route=%2Fwp%2Fv2%2Ftags&post=3163"}],"curies":[{"name":"wp","href":"https:\/\/api.w.org\/{rel}","templated":true}]}}