{"id":3171,"date":"2025-06-13T18:56:05","date_gmt":"2025-06-13T15:56:05","guid":{"rendered":"https:\/\/kalendare365.eu\/?p=3171"},"modified":"2026-06-23T12:09:29","modified_gmt":"2026-06-23T09:09:29","slug":"kalendar-1996","status":"publish","type":"post","link":"https:\/\/kalendare365.eu\/?p=3171","title":{"rendered":"Kalend\u00e1\u0159 1996"},"content":{"rendered":"\n<p class=\"wp-block-paragraph\">Ro\u010dn\u00ed kalend\u00e1\u0159 pro rok 1996 p\u0159edstavuje praktick\u00fd n\u00e1stroj pro ka\u017ed\u00e9ho, kdo pot\u0159ebuje rychle zjistit den v t\u00fddnu, pl\u00e1novat osobn\u00ed i pracovn\u00ed aktivity nebo si zp\u011btn\u011b ov\u011b\u0159it d\u016fle\u017eit\u00e1 data. Proto\u017ee \u0161lo o p\u0159estupn\u00fd rok, nab\u00edz\u00ed kalend\u00e1\u0159 je\u0161t\u011b \u0161ir\u0161\u00ed mo\u017enosti vyu\u017eit\u00ed \u2013 od genealogick\u00e9ho b\u00e1d\u00e1n\u00ed a\u017e po organizaci dlouhodob\u00fdch projekt\u016f. Barevn\u00e1 \u010desk\u00e1 \u0161ablona na jednom listu poskytuje jasnou orientaci v cel\u00e9m roce a dostatek prostoru pro vlastn\u00ed pozn\u00e1mky.<\/p>\n\n\n\n<hr class=\"wp-block-separator has-alpha-channel-opacity\"\/>\n\n\n\n<h2 class=\"wp-block-heading\">Popis ro\u010dn\u00ed \u0161ablony<\/h2>\n\n\n\n<p class=\"wp-block-paragraph\">Kalend\u00e1\u0159 je vytvo\u0159en na form\u00e1t A4 v portr\u00e9tov\u00e9 orientaci. Str\u00e1nka je rozd\u011blena do dvan\u00e1cti pravideln\u00fdch m\u0159\u00ed\u017eek, z nich\u017e ka\u017ed\u00e1 p\u0159edstavuje jeden m\u011bs\u00edc. Nad jednotliv\u00fdmi m\u0159\u00ed\u017ekami je uveden n\u00e1zev m\u011bs\u00edce v dob\u0159e \u010diteln\u00e9 typografii. Sloupce odpov\u00eddaj\u00ed dn\u016fm v t\u00fddnu od pond\u011bl\u00ed do ned\u011ble a \u0159\u00e1dky zobrazuj\u00ed jednotliv\u00e1 data. Ka\u017ed\u00e1 bu\u0148ka m\u00e1 dostate\u010dnou plochu pro kr\u00e1tk\u00e9 pozn\u00e1mky, zna\u010dky nebo inici\u00e1ly.<\/p>\n\n\n\n<hr class=\"wp-block-separator has-alpha-channel-opacity\"\/>\n\n\n\n<h2 class=\"wp-block-heading\">Mo\u017enosti vyu\u017eit\u00ed kalend\u00e1\u0159e<\/h2>\n\n\n\n<p class=\"wp-block-paragraph\">Vyhled\u00e1n\u00ed dne narozen\u00ed<br>Kalend\u00e1\u0159 umo\u017e\u0148uje snadno zjistit, na jak\u00fd den v t\u00fddnu p\u0159ipadlo konkr\u00e9tn\u00ed datum. Sta\u010d\u00ed naj\u00edt p\u0159\u00edslu\u0161n\u00fd m\u011bs\u00edc a datum a pod n\u00edm ode\u010d\u00edst den v t\u00fddnu.<\/p>\n\n\n\n<p class=\"wp-block-paragraph\">Pl\u00e1nov\u00e1n\u00ed rodinn\u00fdch ud\u00e1lost\u00ed<br>Vedle kalend\u00e1\u0159e lze v\u00e9st seznam oslavenc\u016f, v\u00fdro\u010d\u00ed \u010di d\u016fle\u017eit\u00fdch rodinn\u00fdch akc\u00ed, aby byl p\u0159ehled v\u017edy po ruce.<\/p>\n\n\n\n<p class=\"wp-block-paragraph\">Projektov\u00e1 organizace<br>Barevn\u00e9 ozna\u010den\u00ed \u00fakol\u016f, term\u00edn\u016f a miln\u00edk\u016f pom\u00e1h\u00e1 sledovat pr\u016fb\u011bh dlouhodob\u00fdch projekt\u016f.<\/p>\n\n\n\n<p class=\"wp-block-paragraph\">Osobn\u00ed n\u00e1vyky a v\u00fdzvy<br>Kalend\u00e1\u0159 lze vyu\u017e\u00edt jako jednoduch\u00fd habit tracker \u2013 nap\u0159\u00edklad pro sport, \u010dten\u00ed nebo jin\u00e9 pravideln\u00e9 aktivity.<\/p>\n\n\n\n<hr class=\"wp-block-separator has-alpha-channel-opacity\"\/>\n\n\n\n<h2 class=\"wp-block-heading\">Design a barevn\u00e9 zpracov\u00e1n\u00ed<\/h2>\n\n\n\n<p class=\"wp-block-paragraph\">Ka\u017ed\u00fd den v t\u00fddnu je odli\u0161en jemn\u00fdm pastelov\u00fdm odst\u00ednem, kter\u00fd se pravideln\u011b st\u0159\u00edd\u00e1 a usnad\u0148uje orientaci v \u0159\u00e1dc\u00edch. V\u00edkendov\u00e9 sloupce jsou podbarveny sv\u011btle \u0161edou, tak\u017ee je mo\u017en\u00e9 je okam\u017eit\u011b vizu\u00e1ln\u011b odli\u0161it od pracovn\u00edch dn\u016f. Hlavi\u010dky m\u011bs\u00edc\u016f vyu\u017e\u00edvaj\u00ed kontrastn\u00ed bezpatkov\u00e9 p\u00edsmo na pastelov\u00e9m pozad\u00ed, co\u017e dod\u00e1v\u00e1 kalend\u00e1\u0159i modern\u00ed a \u010dist\u00fd vzhled.<\/p>\n\n\n\n<hr class=\"wp-block-separator has-alpha-channel-opacity\"\/>\n\n\n\n<h2 class=\"wp-block-heading\">\u00dapravy a p\u0159izp\u016fsoben\u00ed<\/h2>\n\n\n\n<p class=\"wp-block-paragraph\">Ru\u010dn\u00ed dopln\u011bn\u00ed sv\u00e1tk\u016f<br>Do kalend\u00e1\u0159e lze snadno doplnit st\u00e1tn\u00ed sv\u00e1tky, rodinn\u00e9 oslavy nebo v\u00fdro\u010d\u00ed.<\/p>\n\n\n\n<p class=\"wp-block-paragraph\">Zm\u011bna barevn\u00e9 palety<br>V aplikac\u00edch jako Excel, Google Sheets nebo InDesign je mo\u017en\u00e9 upravit barvy podle vlastn\u00edho stylu.<\/p>\n\n\n\n<p class=\"wp-block-paragraph\">P\u0159id\u00e1n\u00ed prostoru pro pozn\u00e1mky<br>Pod\u00e9l prav\u00e9ho okraje lze doplnit sloupec pro \u00fakoly, kontakty nebo kr\u00e1tk\u00e9 pozn\u00e1mky.<\/p>\n\n\n\n<p class=\"wp-block-paragraph\">Digit\u00e1ln\u00ed verze s automatick\u00fdm zv\u00fdrazn\u011bn\u00edm<br>Podm\u00edn\u011bn\u00e9 form\u00e1tov\u00e1n\u00ed umo\u017en\u00ed automaticky zv\u00fdraznit v\u00edkendy, sv\u00e1tky nebo specifick\u00e9 ud\u00e1losti.<\/p>\n\n\n\n<hr class=\"wp-block-separator has-alpha-channel-opacity\"\/>\n\n\n\n<h2 class=\"wp-block-heading\">Praktick\u00e9 tipy pro pou\u017e\u00edv\u00e1n\u00ed<\/h2>\n\n\n\n<p class=\"wp-block-paragraph\">Laminace pro opakovan\u00e9 pou\u017eit\u00ed<br>Po zalaminov\u00e1n\u00ed lze kalend\u00e1\u0159 pou\u017e\u00edvat s fixy na b\u00edlou tabuli a snadno mazat.<\/p>\n\n\n\n<p class=\"wp-block-paragraph\">Barevn\u00e1 legenda<br>Vytvo\u0159en\u00ed jednoduch\u00e9 legendy pom\u016f\u017ee rychle rozli\u0161it typy aktivit.<\/p>\n\n\n\n<p class=\"wp-block-paragraph\">V\u00edce kopi\u00ed pro rodinu \u010di t\u00fdm<br>Ka\u017ed\u00fd \u010dlen dom\u00e1cnosti nebo kolega m\u016f\u017ee m\u00edt vlastn\u00ed p\u0159ehled.<\/p>\n\n\n\n<p class=\"wp-block-paragraph\">Archivace vypln\u011bn\u00fdch kalend\u00e1\u0159\u016f<br>Umo\u017en\u00ed zp\u011btn\u011b dohledat d\u016fle\u017eit\u00e9 ud\u00e1losti a sledovat dlouhodob\u00e9 trendy.<\/p>\n\n\n\n<hr class=\"wp-block-separator has-alpha-channel-opacity\"\/>\n\n\n\n<h2 class=\"wp-block-heading\">Zaj\u00edmavosti o roce 1996<\/h2>\n\n\n\n<p class=\"wp-block-paragraph\">Rok 1996 byl p\u0159estupn\u00fd, \u00fanor m\u011bl tedy 29 dn\u00ed. D\u00edky tomu se od b\u0159ezna do prosince posunuly dny v t\u00fddnu o dva dny dop\u0159edu. Prvn\u00ed leden p\u0159ipadl na pond\u011bl\u00ed.<\/p>\n\n\n\n<p class=\"wp-block-paragraph\">V l\u00e9t\u011b se konaly XXVI. letn\u00ed olympijsk\u00e9 hry v Atlant\u011b, kde \u010desk\u00e1 reprezentace z\u00edskala n\u011bkolik medail\u00ed. V \u010cesk\u00e9 republice prob\u011bhly 31. srpna volby do Poslaneck\u00e9 sn\u011bmovny, kter\u00e9 z\u00e1sadn\u011b ovlivnily politickou sc\u00e9nu. Firmy i st\u00e1tn\u00ed instituce z\u00e1rove\u0148 za\u010daly testovat sv\u00e9 syst\u00e9my kv\u016fli bl\u00ed\u017e\u00edc\u00edmu se Y2K probl\u00e9mu.<\/p>\n\n\n\n<hr class=\"wp-block-separator has-alpha-channel-opacity\"\/>\n\n\n\n<figure class=\"wp-block-image size-full\"><img loading=\"lazy\" decoding=\"async\" width=\"800\" height=\"566\" src=\"https:\/\/kalendare365.eu\/wp-content\/uploads\/2025\/06\/kalendar-1996.webp\" alt=\"\" class=\"wp-image-3172\" srcset=\"https:\/\/kalendare365.eu\/wp-content\/uploads\/2025\/06\/kalendar-1996.webp 800w, https:\/\/kalendare365.eu\/wp-content\/uploads\/2025\/06\/kalendar-1996-300x212.webp 300w, https:\/\/kalendare365.eu\/wp-content\/uploads\/2025\/06\/kalendar-1996-768x543.webp 768w\" sizes=\"auto, (max-width: 800px) 100vw, 800px\" \/><\/figure>\n\n\n\n<p class=\"has-text-align-center wp-block-paragraph\"><a href=\"https:\/\/kalendare365.eu\/wp-content\/uploads\/2025\/06\/kalendar-1996.pdf\" target=\"_blank\" rel=\"noreferrer noopener nofollow\">PDF<\/a><\/p>\n\n\n\n<h2 class=\"wp-block-heading\">Z\u00e1v\u011br<\/h2>\n\n\n\n<p class=\"wp-block-paragraph\">Kalend\u00e1\u0159 roku 1996 na jedn\u00e9 str\u00e1nce spojuje p\u0159ehlednost, modern\u00ed vzhled a \u0161irok\u00e9 mo\u017enosti vyu\u017eit\u00ed. D\u00edky jasn\u00e9 struktu\u0159e, dostatku m\u00edsta pro pozn\u00e1mky a mo\u017enosti \u00faprav se hod\u00ed pro osobn\u00ed pl\u00e1nov\u00e1n\u00ed, pr\u00e1ci i archivaci. Sta\u010d\u00ed jej vytisknout nebo upravit v digit\u00e1ln\u00ed podob\u011b a z\u00edsk\u00e1te praktick\u00fd n\u00e1stroj pro cel\u00fd p\u0159estupn\u00fd rok 1996.<\/p>\n","protected":false},"excerpt":{"rendered":"<p>Ro\u010dn\u00ed kalend\u00e1\u0159 pro rok 1996 p\u0159edstavuje praktick\u00fd n\u00e1stroj pro ka\u017ed\u00e9ho, kdo pot\u0159ebuje rychle zjistit den v t\u00fddnu, pl\u00e1novat osobn\u00ed i pracovn\u00ed aktivity nebo si zp\u011btn\u011b ov\u011b\u0159it d\u016fle\u017eit\u00e1 data. Proto\u017ee \u0161lo o p\u0159estupn\u00fd rok, nab\u00edz\u00ed kalend\u00e1\u0159 je\u0161t\u011b \u0161ir\u0161\u00ed mo\u017enosti vyu\u017eit\u00ed \u2013 od genealogick\u00e9ho b\u00e1d\u00e1n\u00ed a\u017e po organizaci dlouhodob\u00fdch projekt\u016f. Barevn\u00e1 \u010desk\u00e1 \u0161ablona na jednom listu poskytuje [&hellip;]<\/p>\n","protected":false},"author":1,"featured_media":0,"comment_status":"open","ping_status":"closed","sticky":false,"template":"","format":"standard","meta":{"footnotes":""},"categories":[1],"tags":[],"class_list":["post-3171","post","type-post","status-publish","format-standard","hentry","category-vyrocni"],"_links":{"self":[{"href":"https:\/\/kalendare365.eu\/index.php?rest_route=\/wp\/v2\/posts\/3171","targetHints":{"allow":["GET"]}}],"collection":[{"href":"https:\/\/kalendare365.eu\/index.php?rest_route=\/wp\/v2\/posts"}],"about":[{"href":"https:\/\/kalendare365.eu\/index.php?rest_route=\/wp\/v2\/types\/post"}],"author":[{"embeddable":true,"href":"https:\/\/kalendare365.eu\/index.php?rest_route=\/wp\/v2\/users\/1"}],"replies":[{"embeddable":true,"href":"https:\/\/kalendare365.eu\/index.php?rest_route=%2Fwp%2Fv2%2Fcomments&post=3171"}],"version-history":[{"count":2,"href":"https:\/\/kalendare365.eu\/index.php?rest_route=\/wp\/v2\/posts\/3171\/revisions"}],"predecessor-version":[{"id":3738,"href":"https:\/\/kalendare365.eu\/index.php?rest_route=\/wp\/v2\/posts\/3171\/revisions\/3738"}],"wp:attachment":[{"href":"https:\/\/kalendare365.eu\/index.php?rest_route=%2Fwp%2Fv2%2Fmedia&parent=3171"}],"wp:term":[{"taxonomy":"category","embeddable":true,"href":"https:\/\/kalendare365.eu\/index.php?rest_route=%2Fwp%2Fv2%2Fcategories&post=3171"},{"taxonomy":"post_tag","embeddable":true,"href":"https:\/\/kalendare365.eu\/index.php?rest_route=%2Fwp%2Fv2%2Ftags&post=3171"}],"curies":[{"name":"wp","href":"https:\/\/api.w.org\/{rel}","templated":true}]}}