{"id":3179,"date":"2025-06-13T20:44:17","date_gmt":"2025-06-13T17:44:17","guid":{"rendered":"https:\/\/kalendare365.eu\/?p=3179"},"modified":"2026-06-23T12:03:49","modified_gmt":"2026-06-23T09:03:49","slug":"kalendar-1994","status":"publish","type":"post","link":"https:\/\/kalendare365.eu\/?p=3179","title":{"rendered":"Kalend\u00e1\u0159 1994"},"content":{"rendered":"\n<p class=\"wp-block-paragraph\">Ro\u010dn\u00ed kalend\u00e1\u0159 pro rok 1994 na jednom listu p\u0159edstavuje praktick\u00fd n\u00e1stroj pro ka\u017ed\u00e9ho, kdo pot\u0159ebuje rychle zjistit, na kter\u00fd den v t\u00fddnu p\u0159ipadalo konkr\u00e9tn\u00ed datum. Hod\u00ed se p\u0159i p\u00e1tr\u00e1n\u00ed po dni narozen\u00ed, p\u0159i pr\u00e1ci s rodinn\u00fdmi archivy, p\u0159i pl\u00e1nov\u00e1n\u00ed projekt\u016f i p\u0159i organizaci osobn\u00edch aktivit. P\u0159ehledn\u00e1 v\u00edcebarevn\u00e1 \u0161ablona v \u010de\u0161tin\u011b nab\u00edz\u00ed \u010dist\u00fd design bez ru\u0161iv\u00fdch prvk\u016f, jako jsou \u010d\u00edsla t\u00fddn\u016f nebo p\u0159edti\u0161t\u011bn\u00e9 sv\u00e1tky, a poskytuje dostatek prostoru pro vlastn\u00ed pozn\u00e1mky.<\/p>\n\n\n\n<h2 class=\"wp-block-heading\">Popis \u0161ablony<\/h2>\n\n\n\n<p class=\"wp-block-paragraph\">Kalend\u00e1\u0159 je navr\u017een na form\u00e1tu A4 v portr\u00e9tn\u00ed orientaci. Ka\u017ed\u00fd z dvan\u00e1cti m\u011bs\u00edc\u016f je zobrazen v samostatn\u00e9 m\u0159\u00ed\u017ece s jasn\u011b ozna\u010den\u00fdm n\u00e1zvem v horn\u00ed \u010d\u00e1sti. Sloupce odpov\u00eddaj\u00ed dn\u016fm v t\u00fddnu od pond\u011bl\u00ed do ned\u011ble a \u0159\u00e1dky obsahuj\u00ed jednotliv\u00e9 dny m\u011bs\u00edce. Velikost bun\u011bk umo\u017e\u0148uje pohodln\u00fd ru\u010dn\u00ed z\u00e1pis pozn\u00e1mek, symbol\u016f nebo jmen.<\/p>\n\n\n\n<h2 class=\"wp-block-heading\">Vyu\u017eit\u00ed kalend\u00e1\u0159e<\/h2>\n\n\n\n<p class=\"wp-block-paragraph\">ur\u010den\u00ed dne narozen\u00ed<br>Kalend\u00e1\u0159 umo\u017e\u0148uje snadno naj\u00edt den v t\u00fddnu pro libovoln\u00e9 datum. Sta\u010d\u00ed vyhledat m\u011bs\u00edc, naj\u00edt konkr\u00e9tn\u00ed den a p\u0159e\u010d\u00edst odpov\u00eddaj\u00edc\u00ed \u00fadaj.<\/p>\n\n\n\n<p class=\"wp-block-paragraph\">rodinn\u00fd archiv<br>Vedle kalend\u00e1\u0159e lze v\u00e9st seznam v\u00fdznamn\u00fdch rodinn\u00fdch ud\u00e1lost\u00ed, narozenin a v\u00fdro\u010d\u00ed.<\/p>\n\n\n\n<p class=\"wp-block-paragraph\">pracovn\u00ed pl\u00e1nov\u00e1n\u00ed<br>Barevn\u00e9 ozna\u010den\u00ed projekt\u016f, term\u00edn\u016f a sch\u016fzek pom\u016f\u017ee udr\u017eet p\u0159ehled o pracovn\u00edch povinnostech.<\/p>\n\n\n\n<p class=\"wp-block-paragraph\">osobn\u00ed c\u00edle<br>Kalend\u00e1\u0159 m\u016f\u017ee slou\u017eit jako vizu\u00e1ln\u00ed motivace p\u0159i sledov\u00e1n\u00ed sportovn\u00edch aktivit, studijn\u00edch pl\u00e1n\u016f nebo osobn\u00edch v\u00fdzev.<\/p>\n\n\n\n<h2 class=\"wp-block-heading\">Design a barevn\u00e9 sch\u00e9ma<\/h2>\n\n\n\n<p class=\"wp-block-paragraph\">barevn\u00e9 rozli\u0161en\u00ed dn\u016f<br>Ka\u017ed\u00fd den v t\u00fddnu je ozna\u010den jinou pastelovou barvou, co\u017e usnad\u0148uje orientaci.<\/p>\n\n\n\n<p class=\"wp-block-paragraph\">v\u00edkendov\u00e9 zv\u00fdrazn\u011bn\u00ed<br>Sloupce soboty a ned\u011ble jsou jemn\u011b podbarveny sv\u011btle \u0161edou barvou.<\/p>\n\n\n\n<p class=\"wp-block-paragraph\">modern\u00ed typografie<br>Hlavi\u010dky m\u011bs\u00edc\u016f vyu\u017e\u00edvaj\u00ed kontrastn\u00ed bezpatkov\u00e9 p\u00edsmo na pastelov\u00e9m pozad\u00ed, co\u017e podporuje \u010dist\u00fd a modern\u00ed vzhled.<\/p>\n\n\n\n<h2 class=\"wp-block-heading\">Mo\u017enosti \u00faprav<\/h2>\n\n\n\n<p class=\"wp-block-paragraph\">p\u0159id\u00e1n\u00ed sv\u00e1tk\u016f a v\u00fdro\u010d\u00ed<br>Do kalend\u00e1\u0159e lze ru\u010dn\u011b doplnit st\u00e1tn\u00ed sv\u00e1tky, rodinn\u00e9 ud\u00e1losti nebo osobn\u00ed miln\u00edky.<\/p>\n\n\n\n<p class=\"wp-block-paragraph\">zm\u011bna barevn\u00e9ho sch\u00e9matu<br>V aplikac\u00edch jako Excel, Google Sheets, Illustrator \u010di InDesign je mo\u017en\u00e9 upravit barvy podle vlastn\u00edch preferenc\u00ed.<\/p>\n\n\n\n<p class=\"wp-block-paragraph\">p\u0159id\u00e1n\u00ed pozn\u00e1mkov\u00e9ho sloupce<br>Vedle kalend\u00e1\u0159e lze vytvo\u0159it \u00fazk\u00fd prostor pro \u00fakoly, kontakty nebo rychl\u00e9 pozn\u00e1mky.<\/p>\n\n\n\n<p class=\"wp-block-paragraph\">digit\u00e1ln\u00ed verze<br>Po importu do tabulkov\u00e9ho procesoru lze vyu\u017e\u00edt podm\u00edn\u011bn\u00e9 form\u00e1tov\u00e1n\u00ed pro automatick\u00e9 zv\u00fdrazn\u011bn\u00ed v\u00edkend\u016f \u010di sv\u00e1tk\u016f.<\/p>\n\n\n\n<h2 class=\"wp-block-heading\">Praktick\u00e9 tipy<\/h2>\n\n\n\n<p class=\"wp-block-paragraph\">laminace a fixy<br>Zalaminovan\u00fd kalend\u00e1\u0159 umo\u017en\u00ed opakovan\u00e9 maz\u00e1n\u00ed a p\u0159episov\u00e1n\u00ed.<\/p>\n\n\n\n<p class=\"wp-block-paragraph\">barevn\u00e9 zna\u010dky<br>Vytvo\u0159en\u00ed vlastn\u00ed legendy pom\u016f\u017ee rychle rozli\u0161it typy ud\u00e1lost\u00ed.<\/p>\n\n\n\n<p class=\"wp-block-paragraph\">sd\u00edlen\u00ed s rodinou<br>Vyti\u0161t\u011bn\u00e9 kopie lze rozdat \u010dlen\u016fm rodiny pro lep\u0161\u00ed koordinaci.<\/p>\n\n\n\n<p class=\"wp-block-paragraph\">archivace<br>Ro\u010dn\u00ed kalend\u00e1\u0159e je mo\u017en\u00e9 ukl\u00e1dat do po\u0159ada\u010de pro pozd\u011bj\u0161\u00ed dohled\u00e1n\u00ed ud\u00e1lost\u00ed.<\/p>\n\n\n\n<h2 class=\"wp-block-heading\">Zaj\u00edmavosti o roce 1994<\/h2>\n\n\n\n<p class=\"wp-block-paragraph\">nep\u0159estupn\u00fd rok<br>Rok 1994 nebyl p\u0159estupn\u00fd, \u00fanor m\u011bl 28 dn\u00ed a prvn\u00ed leden p\u0159ipadl na sobotu.<\/p>\n\n\n\n<p class=\"wp-block-paragraph\">mistrovstv\u00ed sv\u011bta ve fotbale 1994<br>V USA prob\u011bhlo mistrovstv\u00ed sv\u011bta ve fotbale, kde zv\u00edt\u011bzila Braz\u00edlie.<\/p>\n\n\n\n<p class=\"wp-block-paragraph\">p\u0159\u00edprava \u010cR na vstup do NATO<br>\u010cesk\u00e1 republika v roce 1994 intenzivn\u011b pracovala na kroku, kter\u00fd pozd\u011bji ur\u010dil jej\u00ed bezpe\u010dnostn\u00ed orientaci.<\/p>\n\n\n\n<figure class=\"wp-block-image size-full\"><img loading=\"lazy\" decoding=\"async\" width=\"800\" height=\"566\" src=\"https:\/\/kalendare365.eu\/wp-content\/uploads\/2025\/06\/kalendar-1994.webp\" alt=\"\" class=\"wp-image-3180\" srcset=\"https:\/\/kalendare365.eu\/wp-content\/uploads\/2025\/06\/kalendar-1994.webp 800w, https:\/\/kalendare365.eu\/wp-content\/uploads\/2025\/06\/kalendar-1994-300x212.webp 300w, https:\/\/kalendare365.eu\/wp-content\/uploads\/2025\/06\/kalendar-1994-768x543.webp 768w\" sizes=\"auto, (max-width: 800px) 100vw, 800px\" \/><\/figure>\n\n\n\n<p class=\"has-text-align-center wp-block-paragraph\"><a href=\"https:\/\/kalendare365.eu\/wp-content\/uploads\/2025\/06\/kalendar-1994.pdf\" target=\"_blank\" rel=\"noreferrer noopener nofollow\">PDF<\/a><\/p>\n\n\n\n<h2 class=\"wp-block-heading\">Z\u00e1v\u011br<\/h2>\n\n\n\n<p class=\"wp-block-paragraph\">Kalend\u00e1\u0159 roku 1994 na jedn\u00e9 str\u00e1nce spojuje estetiku, prakti\u010dnost a mo\u017enost \u0161irok\u00e9ho vyu\u017eit\u00ed. D\u00edky p\u0159ehledn\u00e9mu rozvr\u017een\u00ed, dostatku prostoru pro pozn\u00e1mky a variabiln\u00edm \u00faprav\u00e1m si jej snadno p\u0159izp\u016fsob\u00edte vlastn\u00edm pot\u0159eb\u00e1m. A\u0165 u\u017e jej pou\u017eijete pro pl\u00e1nov\u00e1n\u00ed, archivaci nebo osobn\u00ed projekty, poskytne v\u00e1m jasn\u00fd a kompaktn\u00ed p\u0159ehled cel\u00e9ho roku.<\/p>\n","protected":false},"excerpt":{"rendered":"<p>Ro\u010dn\u00ed kalend\u00e1\u0159 pro rok 1994 na jednom listu p\u0159edstavuje praktick\u00fd n\u00e1stroj pro ka\u017ed\u00e9ho, kdo pot\u0159ebuje rychle zjistit, na kter\u00fd den v t\u00fddnu p\u0159ipadalo konkr\u00e9tn\u00ed datum. Hod\u00ed se p\u0159i p\u00e1tr\u00e1n\u00ed po dni narozen\u00ed, p\u0159i pr\u00e1ci s rodinn\u00fdmi archivy, p\u0159i pl\u00e1nov\u00e1n\u00ed projekt\u016f i p\u0159i organizaci osobn\u00edch aktivit. P\u0159ehledn\u00e1 v\u00edcebarevn\u00e1 \u0161ablona v \u010de\u0161tin\u011b nab\u00edz\u00ed \u010dist\u00fd design bez ru\u0161iv\u00fdch [&hellip;]<\/p>\n","protected":false},"author":1,"featured_media":0,"comment_status":"open","ping_status":"closed","sticky":false,"template":"","format":"standard","meta":{"footnotes":""},"categories":[1],"tags":[],"class_list":["post-3179","post","type-post","status-publish","format-standard","hentry","category-vyrocni"],"_links":{"self":[{"href":"https:\/\/kalendare365.eu\/index.php?rest_route=\/wp\/v2\/posts\/3179","targetHints":{"allow":["GET"]}}],"collection":[{"href":"https:\/\/kalendare365.eu\/index.php?rest_route=\/wp\/v2\/posts"}],"about":[{"href":"https:\/\/kalendare365.eu\/index.php?rest_route=\/wp\/v2\/types\/post"}],"author":[{"embeddable":true,"href":"https:\/\/kalendare365.eu\/index.php?rest_route=\/wp\/v2\/users\/1"}],"replies":[{"embeddable":true,"href":"https:\/\/kalendare365.eu\/index.php?rest_route=%2Fwp%2Fv2%2Fcomments&post=3179"}],"version-history":[{"count":2,"href":"https:\/\/kalendare365.eu\/index.php?rest_route=\/wp\/v2\/posts\/3179\/revisions"}],"predecessor-version":[{"id":3735,"href":"https:\/\/kalendare365.eu\/index.php?rest_route=\/wp\/v2\/posts\/3179\/revisions\/3735"}],"wp:attachment":[{"href":"https:\/\/kalendare365.eu\/index.php?rest_route=%2Fwp%2Fv2%2Fmedia&parent=3179"}],"wp:term":[{"taxonomy":"category","embeddable":true,"href":"https:\/\/kalendare365.eu\/index.php?rest_route=%2Fwp%2Fv2%2Fcategories&post=3179"},{"taxonomy":"post_tag","embeddable":true,"href":"https:\/\/kalendare365.eu\/index.php?rest_route=%2Fwp%2Fv2%2Ftags&post=3179"}],"curies":[{"name":"wp","href":"https:\/\/api.w.org\/{rel}","templated":true}]}}