{"id":3183,"date":"2025-06-13T20:55:28","date_gmt":"2025-06-13T17:55:28","guid":{"rendered":"https:\/\/kalendare365.eu\/?p=3183"},"modified":"2026-04-14T13:33:20","modified_gmt":"2026-04-14T10:33:20","slug":"kalendar-1993","status":"publish","type":"post","link":"https:\/\/kalendare365.eu\/?p=3183","title":{"rendered":"Kalend\u00e1\u0159 1993"},"content":{"rendered":"\n<p class=\"wp-block-paragraph\">Rok 1993 byl v\u00fdznamn\u00fdm obdob\u00edm modern\u00edch \u010desk\u00fdch d\u011bjin a p\u0159ehledn\u00fd ro\u010dn\u00ed kalend\u00e1\u0159 na jednom listu m\u016f\u017ee b\u00fdt skv\u011bl\u00fdm pomocn\u00edkem pro ka\u017ed\u00e9ho, kdo chce m\u00edt cel\u00fd rok jasn\u011b uspo\u0159\u00e1dan\u00fd p\u0159ed sebou. Tento typ kalend\u00e1\u0159e umo\u017e\u0148uje rychle zjistit, na kter\u00fd den p\u0159ipad\u00e1 konkr\u00e9tn\u00ed datum, pl\u00e1novat osobn\u00ed i pracovn\u00ed ud\u00e1losti a snadno se orientovat v pr\u016fb\u011bhu cel\u00e9ho roku.<\/p>\n\n\n\n<hr class=\"wp-block-separator has-alpha-channel-opacity\"\/>\n\n\n\n<h2 class=\"wp-block-heading\"><strong>Popis kalend\u00e1\u0159e<\/strong><\/h2>\n\n\n\n<p class=\"wp-block-paragraph\">Ro\u010dn\u00ed kalend\u00e1\u0159 pro rok 1993 je vytvo\u0159en ve form\u00e1tu A4 a orientov\u00e1n na v\u00fd\u0161ku. Obsahuje dvan\u00e1ct samostatn\u00fdch tabulek, z nich\u017e ka\u017ed\u00e1 p\u0159edstavuje jeden m\u011bs\u00edc. N\u00e1zvy m\u011bs\u00edc\u016f jsou v\u00fdrazn\u011b zv\u00fdrazn\u011bny v horn\u00ed \u010d\u00e1sti tabulky a dny v t\u00fddnu jsou uspo\u0159\u00e1d\u00e1ny vodorovn\u011b od pond\u011bl\u00ed do ned\u011ble. Jednotliv\u00e9 datumy jsou p\u0159ehledn\u011b rozm\u00edst\u011bny v p\u0159\u00edslu\u0161n\u00fdch bu\u0148k\u00e1ch.<\/p>\n\n\n\n<p class=\"wp-block-paragraph\">Kalend\u00e1\u0159 ponech\u00e1v\u00e1 dostatek prostoru pro kr\u00e1tk\u00e9 pozn\u00e1mky, symboly \u010di vlastn\u00ed zna\u010dky, tak\u017ee jej lze snadno p\u0159izp\u016fsobit osobn\u00edm pot\u0159eb\u00e1m.<\/p>\n\n\n\n<hr class=\"wp-block-separator has-alpha-channel-opacity\"\/>\n\n\n\n<h2 class=\"wp-block-heading\"><strong>Mo\u017enosti vyu\u017eit\u00ed<\/strong><\/h2>\n\n\n\n<ul class=\"wp-block-list\">\n<li><strong>Narozeniny a v\u00fdro\u010d\u00ed<\/strong> \u2013 rychle zjist\u00edte, na jak\u00fd den p\u0159ipad\u00e1 konkr\u00e9tn\u00ed datum.<\/li>\n\n\n\n<li><strong>Rodinn\u00e9 pl\u00e1nov\u00e1n\u00ed<\/strong> \u2013 m\u016f\u017eete si vytvo\u0159it vlastn\u00ed seznam d\u016fle\u017eit\u00fdch ud\u00e1lost\u00ed a m\u00edt jej st\u00e1le po ruce.<\/li>\n\n\n\n<li><strong>Pracovn\u00ed organizace<\/strong> \u2013 barevn\u00e9 rozli\u0161en\u00ed pom\u00e1h\u00e1 ozna\u010dit kl\u00ed\u010dov\u00e9 term\u00edny, uz\u00e1v\u011brky nebo projektov\u00e9 f\u00e1ze.<\/li>\n\n\n\n<li><strong>Osobn\u00ed c\u00edle<\/strong> \u2013 sledujte dny, kdy jste splnili sportovn\u00ed, studijn\u00ed \u010di jin\u00e9 v\u00fdzvy.<\/li>\n<\/ul>\n\n\n\n<hr class=\"wp-block-separator has-alpha-channel-opacity\"\/>\n\n\n\n<h2 class=\"wp-block-heading\"><strong>Design a barvy<\/strong><\/h2>\n\n\n\n<p class=\"wp-block-paragraph\">Ka\u017ed\u00fd den v t\u00fddnu je odli\u0161en jemn\u00fdm pastelov\u00fdm odst\u00ednem, co\u017e usnad\u0148uje vizu\u00e1ln\u00ed orientaci. V\u00edkendy jsou zv\u00fdrazn\u011bny neutr\u00e1ln\u00edm sv\u011btle \u0161ed\u00fdm t\u00f3nem. Hlavi\u010dky m\u011bs\u00edc\u016f jsou vyvedeny modern\u00edm bezpatkov\u00fdm p\u00edsmem, kter\u00e9 podporuje \u010dist\u00fd a p\u0159ehledn\u00fd vzhled.<\/p>\n\n\n\n<hr class=\"wp-block-separator has-alpha-channel-opacity\"\/>\n\n\n\n<h2 class=\"wp-block-heading\"><strong>Mo\u017enosti \u00faprav<\/strong><\/h2>\n\n\n\n<ul class=\"wp-block-list\">\n<li><strong>Dopln\u011bn\u00ed sv\u00e1tk\u016f a v\u00fdro\u010d\u00ed<\/strong> \u2013 ru\u010dn\u011b nebo v grafick\u00e9m editoru.<\/li>\n\n\n\n<li><strong>Zm\u011bna barevn\u00e9 palety<\/strong> \u2013 nap\u0159\u00edklad v Excelu nebo InDesignu.<\/li>\n\n\n\n<li><strong>P\u0159id\u00e1n\u00ed pozn\u00e1mkov\u00e9ho sloupce<\/strong> \u2013 pro \u00fakoly \u010di d\u016fle\u017eit\u00e9 pozn\u00e1mky.<\/li>\n\n\n\n<li><strong>Digit\u00e1ln\u00ed verze<\/strong> \u2013 import do Google Sheets nebo Excelu s mo\u017enost\u00ed automatick\u00e9ho zv\u00fdrazn\u011bn\u00ed v\u00edkend\u016f a sv\u00e1tk\u016f.<\/li>\n<\/ul>\n\n\n\n<hr class=\"wp-block-separator has-alpha-channel-opacity\"\/>\n\n\n\n<h2 class=\"wp-block-heading\"><strong>Praktick\u00e9 tipy<\/strong><\/h2>\n\n\n\n<ul class=\"wp-block-list\">\n<li><strong>Laminace<\/strong> \u2013 zalaminovan\u00fd kalend\u00e1\u0159 lze pou\u017e\u00edvat opakovan\u011b se such\u00fdmi fixy.<\/li>\n\n\n\n<li><strong>Barevn\u00e9 zna\u010dky<\/strong> \u2013 vytvo\u0159te si vlastn\u00ed legendu pro r\u016fzn\u00e9 typy ud\u00e1lost\u00ed.<\/li>\n\n\n\n<li><strong>Sd\u00edlen\u00ed s rodinou<\/strong> \u2013 vytiskn\u011bte v\u00edce kopi\u00ed pro jednotliv\u00e9 \u010dleny dom\u00e1cnosti.<\/li>\n\n\n\n<li><strong>Archivace<\/strong> \u2013 star\u00e9 kalend\u00e1\u0159e mohou poslou\u017eit jako zaj\u00edmav\u00fd p\u0159ehled minul\u00fdch let.<\/li>\n<\/ul>\n\n\n\n<hr class=\"wp-block-separator has-alpha-channel-opacity\"\/>\n\n\n\n<h2 class=\"wp-block-heading\"><strong>Zaj\u00edmavosti o roce 1993<\/strong><\/h2>\n\n\n\n<p class=\"wp-block-paragraph\">Rok 1993 nebyl p\u0159estupn\u00fd, \u00fanor m\u011bl tedy 28 dn\u00ed. Prvn\u00ed leden p\u0159ipadl na p\u00e1tek. Tento rok se stal historick\u00fdm miln\u00edkem \u2013 do\u0161lo k rozd\u011blen\u00ed \u010ceskoslovenska a vzniku dvou samostatn\u00fdch st\u00e1t\u016f: \u010cesk\u00e9 republiky a Slovenska. Zavedena byla tak\u00e9 \u010desk\u00e1 koruna a za\u010dala ekonomick\u00e1 transformace.<\/p>\n\n\n\n<hr class=\"wp-block-separator has-alpha-channel-opacity\"\/>\n\n\n\n<figure class=\"wp-block-image size-full\"><img loading=\"lazy\" decoding=\"async\" width=\"800\" height=\"566\" src=\"https:\/\/kalendare365.eu\/wp-content\/uploads\/2025\/06\/kalendar-1993.webp\" alt=\"\" class=\"wp-image-3184\" srcset=\"https:\/\/kalendare365.eu\/wp-content\/uploads\/2025\/06\/kalendar-1993.webp 800w, https:\/\/kalendare365.eu\/wp-content\/uploads\/2025\/06\/kalendar-1993-300x212.webp 300w, https:\/\/kalendare365.eu\/wp-content\/uploads\/2025\/06\/kalendar-1993-768x543.webp 768w\" sizes=\"auto, (max-width: 800px) 100vw, 800px\" \/><\/figure>\n\n\n\n<p class=\"has-text-align-center wp-block-paragraph\"><a href=\"https:\/\/kalendare365.eu\/wp-content\/uploads\/2025\/06\/kalendar-1993.pdf\" target=\"_blank\" rel=\"noreferrer noopener nofollow\">PDF<\/a><\/p>\n\n\n\n<h3 class=\"wp-block-heading\"><strong>Z\u00e1v\u011br<\/strong><\/h3>\n\n\n\n<p class=\"wp-block-paragraph\">Ro\u010dn\u00ed kalend\u00e1\u0159 1993 na jednom listu spojuje jednoduchost, p\u0159ehlednost a mo\u017enost \u0161irok\u00e9ho vyu\u017eit\u00ed. D\u00edky \u010dist\u00e9mu designu, barevn\u00e9mu rozvr\u017een\u00ed a prostoru pro vlastn\u00ed pozn\u00e1mky si jej m\u016f\u017eete snadno p\u0159izp\u016fsobit podle sv\u00fdch pot\u0159eb. A\u0165 u\u017e jej pou\u017eijete pro pl\u00e1nov\u00e1n\u00ed, archivaci nebo jako pom\u016fcku p\u0159i genealogick\u00e9m b\u00e1d\u00e1n\u00ed, poskytne v\u00e1m jasn\u00fd a praktick\u00fd pohled na cel\u00fd rok 1993.<\/p>\n","protected":false},"excerpt":{"rendered":"<p>Rok 1993 byl v\u00fdznamn\u00fdm obdob\u00edm modern\u00edch \u010desk\u00fdch d\u011bjin a p\u0159ehledn\u00fd ro\u010dn\u00ed kalend\u00e1\u0159 na jednom listu m\u016f\u017ee b\u00fdt skv\u011bl\u00fdm pomocn\u00edkem pro ka\u017ed\u00e9ho, kdo chce m\u00edt cel\u00fd rok jasn\u011b uspo\u0159\u00e1dan\u00fd p\u0159ed sebou. Tento typ kalend\u00e1\u0159e umo\u017e\u0148uje rychle zjistit, na kter\u00fd den p\u0159ipad\u00e1 konkr\u00e9tn\u00ed datum, pl\u00e1novat osobn\u00ed i pracovn\u00ed ud\u00e1losti a snadno se orientovat v pr\u016fb\u011bhu cel\u00e9ho roku. [&hellip;]<\/p>\n","protected":false},"author":1,"featured_media":0,"comment_status":"open","ping_status":"closed","sticky":false,"template":"","format":"standard","meta":{"footnotes":""},"categories":[1],"tags":[],"class_list":["post-3183","post","type-post","status-publish","format-standard","hentry","category-vyrocni"],"_links":{"self":[{"href":"https:\/\/kalendare365.eu\/index.php?rest_route=\/wp\/v2\/posts\/3183","targetHints":{"allow":["GET"]}}],"collection":[{"href":"https:\/\/kalendare365.eu\/index.php?rest_route=\/wp\/v2\/posts"}],"about":[{"href":"https:\/\/kalendare365.eu\/index.php?rest_route=\/wp\/v2\/types\/post"}],"author":[{"embeddable":true,"href":"https:\/\/kalendare365.eu\/index.php?rest_route=\/wp\/v2\/users\/1"}],"replies":[{"embeddable":true,"href":"https:\/\/kalendare365.eu\/index.php?rest_route=%2Fwp%2Fv2%2Fcomments&post=3183"}],"version-history":[{"count":2,"href":"https:\/\/kalendare365.eu\/index.php?rest_route=\/wp\/v2\/posts\/3183\/revisions"}],"predecessor-version":[{"id":3593,"href":"https:\/\/kalendare365.eu\/index.php?rest_route=\/wp\/v2\/posts\/3183\/revisions\/3593"}],"wp:attachment":[{"href":"https:\/\/kalendare365.eu\/index.php?rest_route=%2Fwp%2Fv2%2Fmedia&parent=3183"}],"wp:term":[{"taxonomy":"category","embeddable":true,"href":"https:\/\/kalendare365.eu\/index.php?rest_route=%2Fwp%2Fv2%2Fcategories&post=3183"},{"taxonomy":"post_tag","embeddable":true,"href":"https:\/\/kalendare365.eu\/index.php?rest_route=%2Fwp%2Fv2%2Ftags&post=3183"}],"curies":[{"name":"wp","href":"https:\/\/api.w.org\/{rel}","templated":true}]}}