{"id":3188,"date":"2025-06-26T09:10:34","date_gmt":"2025-06-26T06:10:34","guid":{"rendered":"https:\/\/kalendare365.eu\/?p=3188"},"modified":"2026-06-23T12:00:42","modified_gmt":"2026-06-23T09:00:42","slug":"s-jakym-rokem-se-kalendar-2025-shoduje","status":"publish","type":"post","link":"https:\/\/kalendare365.eu\/?p=3188","title":{"rendered":"S jak\u00fdm rokem se kalend\u00e1\u0159 2025 shoduje?"},"content":{"rendered":"\n<p class=\"wp-block-paragraph\">Star\u00e9 kalend\u00e1\u0159e n\u00e1s ob\u010das dok\u00e1\u017eou p\u0159ekvapit. Mo\u017en\u00e1 jste doma narazili na kalend\u00e1\u0159 z minul\u00fdch let a napadlo v\u00e1s, zda by mohl b\u00fdt znovu pou\u017eiteln\u00fd. U roku 2025 je odpov\u011b\u010f jednozna\u010dn\u00e1: ano. D\u00edky tomu, \u017ee rok za\u010d\u00edn\u00e1 ve st\u0159edu a nen\u00ed p\u0159estupn\u00fd, jeho struktura p\u0159esn\u011b odpov\u00edd\u00e1 cel\u00e9 \u0159ad\u011b jin\u00fdch let v minulosti i budoucnosti.<\/p>\n\n\n\n<hr class=\"wp-block-separator has-alpha-channel-opacity\"\/>\n\n\n\n<h2 class=\"wp-block-heading\">Z\u00e1kladn\u00ed charakteristiky roku 2025<\/h2>\n\n\n\n<p class=\"wp-block-paragraph\">Rok 2025 nen\u00ed p\u0159estupn\u00fd, co\u017e znamen\u00e1, \u017ee \u00fanor m\u00e1 28 dn\u00ed. Prvn\u00ed den roku, 1. ledna, p\u0159ipad\u00e1 na st\u0159edu. Pr\u00e1v\u011b tato kombinace \u2013 za\u010d\u00e1tek roku uprost\u0159ed t\u00fddne a absence 29. \u00fanora \u2013 ur\u010duje rozlo\u017een\u00ed v\u0161ech dn\u016f v kalend\u00e1\u0159i.<\/p>\n\n\n\n<hr class=\"wp-block-separator has-alpha-channel-opacity\"\/>\n\n\n\n<h2 class=\"wp-block-heading\">Roky, kter\u00e9 maj\u00ed stejn\u00fd kalend\u00e1\u0159 jako 2025<\/h2>\n\n\n\n<p class=\"wp-block-paragraph\">Kalend\u00e1\u0159n\u00ed rozlo\u017een\u00ed roku 2025 je toto\u017en\u00e9 s n\u00e1sleduj\u00edc\u00edmi roky:<\/p>\n\n\n\n<p class=\"wp-block-paragraph\">1919, 1930, 1941, 1947, 1958, 1969, 1975, 1986, 1997, 2003, 2014, 2031, 2042, 2053, 2059, 2070, 2081, 2087, 2098.<\/p>\n\n\n\n<p class=\"wp-block-paragraph\">V\u0161echny tyto roky za\u010d\u00ednaj\u00ed ve st\u0159edu a nejsou p\u0159estupn\u00e9, co\u017e zaji\u0161\u0165uje shodnou strukturu m\u011bs\u00edc\u016f i dn\u016f v t\u00fddnu.<\/p>\n\n\n\n<hr class=\"wp-block-separator has-alpha-channel-opacity\"\/>\n\n\n\n<h2 class=\"wp-block-heading\">Pro\u010d se kalend\u00e1\u0159e opakuj\u00ed<\/h2>\n\n\n\n<p class=\"wp-block-paragraph\">V b\u011b\u017en\u00fdch letech se kalend\u00e1\u0159 posouv\u00e1 o jeden den dop\u0159edu, zat\u00edmco po p\u0159estupn\u00e9m roce o dva dny. D\u00edky tomu se kalend\u00e1\u0159n\u00ed struktura opakuje p\u0159ibli\u017en\u011b v 28let\u00fdch cyklech. V\u00fdjimky mohou nastat kv\u016fli pravidl\u016fm pro p\u0159estupn\u00e9 roky na p\u0159elomu stolet\u00ed, ale z\u00e1kladn\u00ed princip z\u016fst\u00e1v\u00e1 stejn\u00fd.<\/p>\n\n\n\n<hr class=\"wp-block-separator has-alpha-channel-opacity\"\/>\n\n\n\n<h2 class=\"wp-block-heading\">Form\u00e1ty kalend\u00e1\u0159e ke sta\u017een\u00ed<\/h2>\n\n\n\n<p class=\"wp-block-paragraph\">Kalend\u00e1\u0159 pro rok 2025 je dostupn\u00fd ve form\u00e1tech DOCx a PDF. Form\u00e1t DOCx je vhodn\u00fd pro \u00fapravy a dopl\u0148ov\u00e1n\u00ed pozn\u00e1mek, zat\u00edmco PDF je p\u0159ipraven\u00e9 k okam\u017eit\u00e9mu tisku.<\/p>\n\n\n\n<hr class=\"wp-block-separator has-alpha-channel-opacity\"\/>\n\n\n\n<h2 class=\"wp-block-heading\">Tisk na v\u00fd\u0161ku ve form\u00e1tu A4<\/h2>\n\n\n\n<p class=\"wp-block-paragraph\">Kalend\u00e1\u0159 je navr\u017een tak, aby se ve\u0161el na jeden list form\u00e1tu A4 v orientaci na v\u00fd\u0161ku. V\u0161echny m\u011bs\u00edce jsou p\u0159ehledn\u011b uspo\u0159\u00e1d\u00e1ny na jedn\u00e9 str\u00e1nce, co\u017e usnad\u0148uje pl\u00e1nov\u00e1n\u00ed i rychlou orientaci.<\/p>\n\n\n\n<hr class=\"wp-block-separator has-alpha-channel-opacity\"\/>\n\n\n\n<h2 class=\"wp-block-heading\">Tipy pro praktick\u00e9 vyu\u017eit\u00ed<\/h2>\n\n\n\n<p class=\"wp-block-paragraph\">M\u00e1te doma n\u011bkter\u00fd z v\u00fd\u0161e uveden\u00fdch star\u0161\u00edch kalend\u00e1\u0159\u016f? M\u016f\u017eete jej bez obav pou\u017e\u00edt i v roce 2025. Pro lep\u0161\u00ed p\u0159ehlednost se doporu\u010duje zv\u00fdraznit d\u016fle\u017eit\u00e9 ud\u00e1losti barvami nebo symboly. Kalend\u00e1\u0159e na jednom listu jsou ide\u00e1ln\u00ed pro um\u00edst\u011bn\u00ed na ze\u010f, lednici nebo n\u00e1st\u011bnku \u2013 v\u017edy po ruce a snadno \u010diteln\u00e9.<\/p>\n\n\n\n<p class=\"wp-block-paragraph\">Sta\u017een\u00ed PDF | Sta\u017een\u00ed WORD<\/p>\n\n\n\n<hr class=\"wp-block-separator has-alpha-channel-opacity\"\/>\n\n\n\n<figure class=\"wp-block-image size-large\"><img loading=\"lazy\" decoding=\"async\" width=\"724\" height=\"1024\" src=\"https:\/\/kalendare365.eu\/wp-content\/uploads\/2025\/06\/S-jakym-rokem-se-shoduje-kalendar-2025-724x1024.webp\" alt=\"\" class=\"wp-image-3189\" srcset=\"https:\/\/kalendare365.eu\/wp-content\/uploads\/2025\/06\/S-jakym-rokem-se-shoduje-kalendar-2025-724x1024.webp 724w, https:\/\/kalendare365.eu\/wp-content\/uploads\/2025\/06\/S-jakym-rokem-se-shoduje-kalendar-2025-212x300.webp 212w, https:\/\/kalendare365.eu\/wp-content\/uploads\/2025\/06\/S-jakym-rokem-se-shoduje-kalendar-2025-768x1086.webp 768w, https:\/\/kalendare365.eu\/wp-content\/uploads\/2025\/06\/S-jakym-rokem-se-shoduje-kalendar-2025.webp 800w\" sizes=\"auto, (max-width: 724px) 100vw, 724px\" \/><\/figure>\n\n\n\n<p class=\"has-text-align-center wp-block-paragraph\"><a href=\"https:\/\/kalendare365.eu\/wp-content\/uploads\/2025\/06\/S-jakym-rokem-se-shoduje-kalendar-2025.pdf\" target=\"_blank\" rel=\"noreferrer noopener nofollow\">PDF<\/a> | <a href=\"https:\/\/kalendare365.eu\/wp-content\/uploads\/2025\/06\/S-jakym-rokem-se-shoduje-kalendar-2025.docx\" target=\"_blank\" rel=\"noreferrer noopener nofollow\">WORD<\/a><\/p>\n\n\n\n<h2 class=\"wp-block-heading\">Z\u00e1v\u011br<\/h2>\n\n\n\n<p class=\"wp-block-paragraph\">Opakov\u00e1n\u00ed kalend\u00e1\u0159n\u00edch cykl\u016f umo\u017e\u0148uje znovu vyu\u017e\u00edt star\u00e9 kalend\u00e1\u0159e a p\u0159istupovat k pl\u00e1nov\u00e1n\u00ed roku ekologi\u010dt\u011bji i prakti\u010dt\u011bji. Rok 2025 p\u0159esn\u011b zapad\u00e1 do tohoto rytmu, tak\u017ee nab\u00edz\u00ed jednoduch\u00e9 a funk\u010dn\u00ed \u0159e\u0161en\u00ed pro ka\u017edodenn\u00ed organizaci \u010dasu.<\/p>\n","protected":false},"excerpt":{"rendered":"<p>Star\u00e9 kalend\u00e1\u0159e n\u00e1s ob\u010das dok\u00e1\u017eou p\u0159ekvapit. Mo\u017en\u00e1 jste doma narazili na kalend\u00e1\u0159 z minul\u00fdch let a napadlo v\u00e1s, zda by mohl b\u00fdt znovu pou\u017eiteln\u00fd. U roku 2025 je odpov\u011b\u010f jednozna\u010dn\u00e1: ano. D\u00edky tomu, \u017ee rok za\u010d\u00edn\u00e1 ve st\u0159edu a nen\u00ed p\u0159estupn\u00fd, jeho struktura p\u0159esn\u011b odpov\u00edd\u00e1 cel\u00e9 \u0159ad\u011b jin\u00fdch let v minulosti i budoucnosti. Z\u00e1kladn\u00ed charakteristiky [&hellip;]<\/p>\n","protected":false},"author":1,"featured_media":0,"comment_status":"open","ping_status":"closed","sticky":false,"template":"","format":"standard","meta":{"footnotes":""},"categories":[1],"tags":[28],"class_list":["post-3188","post","type-post","status-publish","format-standard","hentry","category-vyrocni","tag-28"],"_links":{"self":[{"href":"https:\/\/kalendare365.eu\/index.php?rest_route=\/wp\/v2\/posts\/3188","targetHints":{"allow":["GET"]}}],"collection":[{"href":"https:\/\/kalendare365.eu\/index.php?rest_route=\/wp\/v2\/posts"}],"about":[{"href":"https:\/\/kalendare365.eu\/index.php?rest_route=\/wp\/v2\/types\/post"}],"author":[{"embeddable":true,"href":"https:\/\/kalendare365.eu\/index.php?rest_route=\/wp\/v2\/users\/1"}],"replies":[{"embeddable":true,"href":"https:\/\/kalendare365.eu\/index.php?rest_route=%2Fwp%2Fv2%2Fcomments&post=3188"}],"version-history":[{"count":2,"href":"https:\/\/kalendare365.eu\/index.php?rest_route=\/wp\/v2\/posts\/3188\/revisions"}],"predecessor-version":[{"id":3734,"href":"https:\/\/kalendare365.eu\/index.php?rest_route=\/wp\/v2\/posts\/3188\/revisions\/3734"}],"wp:attachment":[{"href":"https:\/\/kalendare365.eu\/index.php?rest_route=%2Fwp%2Fv2%2Fmedia&parent=3188"}],"wp:term":[{"taxonomy":"category","embeddable":true,"href":"https:\/\/kalendare365.eu\/index.php?rest_route=%2Fwp%2Fv2%2Fcategories&post=3188"},{"taxonomy":"post_tag","embeddable":true,"href":"https:\/\/kalendare365.eu\/index.php?rest_route=%2Fwp%2Fv2%2Ftags&post=3188"}],"curies":[{"name":"wp","href":"https:\/\/api.w.org\/{rel}","templated":true}]}}