{"id":3198,"date":"2025-07-02T09:27:52","date_gmt":"2025-07-02T06:27:52","guid":{"rendered":"https:\/\/kalendare365.eu\/?p=3198"},"modified":"2026-06-23T11:59:02","modified_gmt":"2026-06-23T08:59:02","slug":"rodinny-kalendar-2025","status":"publish","type":"post","link":"https:\/\/kalendare365.eu\/?p=3198","title":{"rendered":"Rodinn\u00fd kalend\u00e1\u0159 2025"},"content":{"rendered":"\n<p class=\"wp-block-paragraph\">Pl\u00e1nov\u00e1n\u00ed rodinn\u00e9ho \u017eivota m\u016f\u017ee b\u00fdt n\u00e1ro\u010dn\u00e9, zejm\u00e9na pokud se sna\u017e\u00edte sladit pracovn\u00ed povinnosti, \u0161koln\u00ed aktivity a spole\u010dn\u00e9 ud\u00e1losti. Rodinn\u00fd kalend\u00e1\u0159 2025 vytvo\u0159en\u00fd speci\u00e1ln\u011b pro t\u0159\u00ed\u010dlennou dom\u00e1cnost nab\u00edz\u00ed jednoduch\u00e9 a p\u0159ehledn\u00e9 \u0159e\u0161en\u00ed, kter\u00e9 pom\u00e1h\u00e1 udr\u017eet po\u0159\u00e1dek v ka\u017edodenn\u00edm harmonogramu. D\u00edky jasn\u00e9 struktu\u0159e a mo\u017enosti p\u0159izp\u016fsoben\u00ed se st\u00e1v\u00e1 praktick\u00fdm pomocn\u00edkem pro ka\u017edou rodinu, kter\u00e1 chce m\u00edt sv\u00e9 pl\u00e1ny pod kontrolou.<\/p>\n\n\n\n<hr class=\"wp-block-separator has-alpha-channel-opacity\"\/>\n\n\n\n<h2 class=\"wp-block-heading\">Co rodinn\u00fd kalend\u00e1\u0159 obsahuje<\/h2>\n\n\n\n<p class=\"wp-block-paragraph\">Rodinn\u00fd kalend\u00e1\u0159 je navr\u017een tak, aby poskytoval maxim\u00e1ln\u00ed p\u0159ehlednost a snadn\u00e9 pou\u017e\u00edv\u00e1n\u00ed. Ka\u017ed\u00fd m\u011bs\u00edc je zpracov\u00e1n na samostatn\u00e9m listu form\u00e1tu A4, kter\u00fd nab\u00edz\u00ed dostatek prostoru pro v\u0161echny d\u016fle\u017eit\u00e9 pozn\u00e1mky.<\/p>\n\n\n\n<h3 class=\"wp-block-heading\">Hlavn\u00ed prvky kalend\u00e1\u0159e<\/h3>\n\n\n\n<ul class=\"wp-block-list\">\n<li>Dvan\u00e1ct samostatn\u00fdch list\u016f pro jednotliv\u00e9 m\u011bs\u00edce roku<\/li>\n\n\n\n<li>T\u0159i svisl\u00e9 sloupce ur\u010den\u00e9 pro ka\u017ed\u00e9ho \u010dlena rodiny<\/li>\n\n\n\n<li>Pln\u00e9 n\u00e1zvy dn\u016f v t\u00fddnu pro rychlou orientaci<\/li>\n\n\n\n<li>Jeden m\u011bs\u00edc na jedn\u00e9 str\u00e1nce pro maxim\u00e1ln\u00ed p\u0159ehlednost<\/li>\n<\/ul>\n\n\n\n<hr class=\"wp-block-separator has-alpha-channel-opacity\"\/>\n\n\n\n<h2 class=\"wp-block-heading\">V\u00fdhody pou\u017e\u00edv\u00e1n\u00ed rodinn\u00e9ho kalend\u00e1\u0159e<\/h2>\n\n\n\n<p class=\"wp-block-paragraph\">Pap\u00edrov\u00fd rodinn\u00fd kalend\u00e1\u0159 je st\u00e1le jedn\u00edm z nejefektivn\u011bj\u0161\u00edch n\u00e1stroj\u016f pro organizaci dom\u00e1cnosti. Nab\u00edz\u00ed jasn\u00fd vizu\u00e1ln\u00ed p\u0159ehled a podporuje spole\u010dnou komunikaci mezi \u010dleny rodiny.<\/p>\n\n\n\n<h3 class=\"wp-block-heading\">P\u0159\u00ednosy pro ka\u017edodenn\u00ed \u017eivot<\/h3>\n\n\n\n<ul class=\"wp-block-list\">\n<li>Okam\u017eit\u00fd p\u0159ehled o cel\u00e9m m\u011bs\u00edci<\/li>\n\n\n\n<li>Snadn\u00e9 rozli\u0161en\u00ed aktivit jednotliv\u00fdch \u010dlen\u016f<\/li>\n\n\n\n<li>Pou\u017e\u00edv\u00e1n\u00ed bez nutnosti elektronick\u00fdch za\u0159\u00edzen\u00ed<\/li>\n\n\n\n<li>Vytvo\u0159en\u00ed spole\u010dn\u00e9ho m\u00edsta pro sd\u00edlen\u00ed informac\u00ed<\/li>\n<\/ul>\n\n\n\n<hr class=\"wp-block-separator has-alpha-channel-opacity\"\/>\n\n\n\n<h2 class=\"wp-block-heading\">Jak st\u00e1hnout a vytisknout \u0161ablonu<\/h2>\n\n\n\n<p class=\"wp-block-paragraph\">Pou\u017eit\u00ed kalend\u00e1\u0159e je jednoduch\u00e9 a nevy\u017eaduje \u017e\u00e1dn\u00e9 speci\u00e1ln\u00ed technick\u00e9 znalosti. Sta\u010d\u00ed st\u00e1hnout soubor a vytisknout jej na b\u011b\u017en\u00e9 dom\u00e1c\u00ed tisk\u00e1rn\u011b.<\/p>\n\n\n\n<h3 class=\"wp-block-heading\">Postup tisku<\/h3>\n\n\n\n<ul class=\"wp-block-list\">\n<li>St\u00e1hn\u011bte si kalend\u00e1\u0159 ve form\u00e1tu PDF<\/li>\n\n\n\n<li>Otev\u0159ete jej v libovoln\u00e9m PDF prohl\u00ed\u017ee\u010di<\/li>\n\n\n\n<li>Nastavte tisk na form\u00e1t A4 a orientaci na v\u00fd\u0161ku<\/li>\n\n\n\n<li>Zkontrolujte, \u017ee \u0161k\u00e1lov\u00e1n\u00ed je nastaveno na 100 %<\/li>\n\n\n\n<li>Vytiskn\u011bte v\u0161ech dvan\u00e1ct m\u011bs\u00ed\u010dn\u00edch list\u016f<\/li>\n<\/ul>\n\n\n\n<hr class=\"wp-block-separator has-alpha-channel-opacity\"\/>\n\n\n\n<h2 class=\"wp-block-heading\">P\u0159izp\u016fsoben\u00ed kalend\u00e1\u0159e va\u0161\u00ed rodin\u011b<\/h2>\n\n\n\n<p class=\"wp-block-paragraph\">Kalend\u00e1\u0159 je navr\u017een tak, aby se snadno p\u0159izp\u016fsobil pot\u0159eb\u00e1m ka\u017ed\u00e9 dom\u00e1cnosti. Po vyti\u0161t\u011bn\u00ed m\u016f\u017eete jednotliv\u00e9 sloupce ozna\u010dit jm\u00e9ny \u010dlen\u016f rodiny a doplnit je o barevn\u00e9 prvky pro lep\u0161\u00ed orientaci.<\/p>\n\n\n\n<h3 class=\"wp-block-heading\">Doporu\u010den\u00e9 \u00fapravy<\/h3>\n\n\n\n<ul class=\"wp-block-list\">\n<li>Zapi\u0161te jm\u00e9na nad jednotliv\u00e9 sloupce<\/li>\n\n\n\n<li>Pou\u017e\u00edvejte barevn\u00e9 propisky nebo samolepky<\/li>\n\n\n\n<li>Zaznamen\u00e1vejte pracovn\u00ed a \u0161koln\u00ed povinnosti<\/li>\n\n\n\n<li>P\u0159id\u00e1vejte sportovn\u00ed aktivity, kon\u00ed\u010dky a rodinn\u00e9 ud\u00e1losti<\/li>\n<\/ul>\n\n\n\n<hr class=\"wp-block-separator has-alpha-channel-opacity\"\/>\n\n\n\n<h2 class=\"wp-block-heading\">Tipy pro efektivn\u00ed vyu\u017eit\u00ed kalend\u00e1\u0159e<\/h2>\n\n\n\n<p class=\"wp-block-paragraph\">Aby kalend\u00e1\u0159 slou\u017eil co nejl\u00e9pe, je vhodn\u00e9 jej um\u00edstit na viditeln\u00e9 m\u00edsto a pravideln\u011b aktualizovat.<\/p>\n\n\n\n<h3 class=\"wp-block-heading\">Praktick\u00e9 doporu\u010den\u00ed<\/h3>\n\n\n\n<ul class=\"wp-block-list\">\n<li>Zav\u011bste kalend\u00e1\u0159 na m\u00edsto, kde ho uvid\u00ed v\u0161ichni<\/li>\n\n\n\n<li>Ka\u017ed\u00e9 r\u00e1no zkontrolujte pl\u00e1n dne<\/li>\n\n\n\n<li>Zapisujte d\u016fle\u017eit\u00e9 ud\u00e1losti s p\u0159edstihem<\/li>\n\n\n\n<li>Na konci m\u011bs\u00edce si ud\u011blejte kr\u00e1tk\u00e9 rodinn\u00e9 shrnut\u00ed<\/li>\n<\/ul>\n\n\n\n<hr class=\"wp-block-separator has-alpha-channel-opacity\"\/>\n\n\n\n<h2 class=\"wp-block-heading\">Organizace aktivit a sd\u00edlen\u00ed odpov\u011bdnosti<\/h2>\n\n\n\n<p class=\"wp-block-paragraph\">T\u0159i samostatn\u00e9 sloupce umo\u017e\u0148uj\u00ed jasn\u00e9 rozd\u011blen\u00ed povinnost\u00ed. Ka\u017ed\u00fd \u010dlen rodiny m\u00e1 sv\u016fj prostor, co\u017e usnad\u0148uje pl\u00e1nov\u00e1n\u00ed a p\u0159edch\u00e1z\u00ed zbyte\u010dn\u00fdm nedorozum\u011bn\u00edm.<\/p>\n\n\n\n<h3 class=\"wp-block-heading\">V\u00fdhody rozd\u011blen\u00e9ho prostoru<\/h3>\n\n\n\n<ul class=\"wp-block-list\">\n<li>Ka\u017ed\u00fd v\u00ed, co m\u00e1 kdy na starosti<\/li>\n\n\n\n<li>Minimalizace dvoj\u00edch rezervac\u00ed<\/li>\n\n\n\n<li>Podpora spolupr\u00e1ce mezi rodi\u010di<\/li>\n\n\n\n<li>Veden\u00ed d\u00edt\u011bte k samostatnosti<\/li>\n<\/ul>\n\n\n\n<hr class=\"wp-block-separator has-alpha-channel-opacity\"\/>\n\n\n\n<h2 class=\"wp-block-heading\">Dal\u0161\u00ed mo\u017enosti vyu\u017eit\u00ed kalend\u00e1\u0159e<\/h2>\n\n\n\n<p class=\"wp-block-paragraph\">Rodinn\u00fd kalend\u00e1\u0159 m\u016f\u017ee slou\u017eit nejen k pl\u00e1nov\u00e1n\u00ed, ale tak\u00e9 jako kreativn\u00ed prostor pro rodinn\u00e9 projekty nebo uchov\u00e1n\u00ed vzpom\u00ednek.<\/p>\n\n\n\n<h3 class=\"wp-block-heading\">Inspirace pro roz\u0161\u00ed\u0159en\u00ed<\/h3>\n\n\n\n<ul class=\"wp-block-list\">\n<li>M\u011bs\u00ed\u010dn\u00ed c\u00edle a \u00fakoly<\/li>\n\n\n\n<li>Seznam narozenin a v\u00fdro\u010d\u00ed<\/li>\n\n\n\n<li>Prostor pro fotografie nebo kr\u00e1tk\u00e9 z\u00e1pisky<\/li>\n<\/ul>\n\n\n\n<hr class=\"wp-block-separator has-alpha-channel-opacity\"\/>\n\n\n\n<figure class=\"wp-block-image size-large\"><img loading=\"lazy\" decoding=\"async\" width=\"724\" height=\"1024\" src=\"https:\/\/kalendare365.eu\/wp-content\/uploads\/2025\/07\/Rodinny-kalendar-2025-724x1024.webp\" alt=\"\" class=\"wp-image-3199\" srcset=\"https:\/\/kalendare365.eu\/wp-content\/uploads\/2025\/07\/Rodinny-kalendar-2025-724x1024.webp 724w, https:\/\/kalendare365.eu\/wp-content\/uploads\/2025\/07\/Rodinny-kalendar-2025-212x300.webp 212w, https:\/\/kalendare365.eu\/wp-content\/uploads\/2025\/07\/Rodinny-kalendar-2025-768x1086.webp 768w, https:\/\/kalendare365.eu\/wp-content\/uploads\/2025\/07\/Rodinny-kalendar-2025.webp 800w\" sizes=\"auto, (max-width: 724px) 100vw, 724px\" \/><\/figure>\n\n\n\n<p class=\"has-text-align-center wp-block-paragraph\"><a href=\"https:\/\/kalendare365.eu\/wp-content\/uploads\/2025\/07\/Rodinny-kalendar-2025.pdf\" target=\"_blank\" rel=\"noreferrer noopener nofollow\">PDF<\/a> | <a href=\"https:\/\/kalendare365.eu\/wp-content\/uploads\/2025\/07\/Rodinny-kalendar-2025.docx\" target=\"_blank\" rel=\"noreferrer noopener nofollow\">WORD<\/a><\/p>\n\n\n\n<h2 class=\"wp-block-heading\">Z\u00e1v\u011br<\/h2>\n\n\n\n<p class=\"wp-block-paragraph\">Rodinn\u00fd kalend\u00e1\u0159 2025 je praktick\u00fdm a p\u0159ehledn\u00fdm n\u00e1strojem, kter\u00fd pom\u00e1h\u00e1 t\u0159\u00ed\u010dlenn\u00fdm dom\u00e1cnostem l\u00e9pe organizovat ka\u017edodenn\u00ed \u017eivot. D\u00edky jednoduch\u00e9mu sloupcov\u00e9mu uspo\u0159\u00e1d\u00e1n\u00ed, snadn\u00e9mu tisku a mo\u017enosti p\u0159izp\u016fsoben\u00ed se st\u00e1v\u00e1 neoceniteln\u00fdm pomocn\u00edkem p\u0159i pl\u00e1nov\u00e1n\u00ed aktivit, sd\u00edlen\u00ed odpov\u011bdnosti i posilov\u00e1n\u00ed rodinn\u00e9 komunikace. Sta\u010d\u00ed jej st\u00e1hnout, vytisknout a za\u010d\u00edt pou\u017e\u00edvat \u2013 a nov\u00fd rok bude mnohem p\u0159ehledn\u011bj\u0161\u00ed a klidn\u011bj\u0161\u00ed.<\/p>\n","protected":false},"excerpt":{"rendered":"<p>Pl\u00e1nov\u00e1n\u00ed rodinn\u00e9ho \u017eivota m\u016f\u017ee b\u00fdt n\u00e1ro\u010dn\u00e9, zejm\u00e9na pokud se sna\u017e\u00edte sladit pracovn\u00ed povinnosti, \u0161koln\u00ed aktivity a spole\u010dn\u00e9 ud\u00e1losti. Rodinn\u00fd kalend\u00e1\u0159 2025 vytvo\u0159en\u00fd speci\u00e1ln\u011b pro t\u0159\u00ed\u010dlennou dom\u00e1cnost nab\u00edz\u00ed jednoduch\u00e9 a p\u0159ehledn\u00e9 \u0159e\u0161en\u00ed, kter\u00e9 pom\u00e1h\u00e1 udr\u017eet po\u0159\u00e1dek v ka\u017edodenn\u00edm harmonogramu. D\u00edky jasn\u00e9 struktu\u0159e a mo\u017enosti p\u0159izp\u016fsoben\u00ed se st\u00e1v\u00e1 praktick\u00fdm pomocn\u00edkem pro ka\u017edou rodinu, kter\u00e1 chce m\u00edt sv\u00e9 [&hellip;]<\/p>\n","protected":false},"author":1,"featured_media":0,"comment_status":"open","ping_status":"closed","sticky":false,"template":"","format":"standard","meta":{"footnotes":""},"categories":[1],"tags":[28],"class_list":["post-3198","post","type-post","status-publish","format-standard","hentry","category-vyrocni","tag-28"],"_links":{"self":[{"href":"https:\/\/kalendare365.eu\/index.php?rest_route=\/wp\/v2\/posts\/3198","targetHints":{"allow":["GET"]}}],"collection":[{"href":"https:\/\/kalendare365.eu\/index.php?rest_route=\/wp\/v2\/posts"}],"about":[{"href":"https:\/\/kalendare365.eu\/index.php?rest_route=\/wp\/v2\/types\/post"}],"author":[{"embeddable":true,"href":"https:\/\/kalendare365.eu\/index.php?rest_route=\/wp\/v2\/users\/1"}],"replies":[{"embeddable":true,"href":"https:\/\/kalendare365.eu\/index.php?rest_route=%2Fwp%2Fv2%2Fcomments&post=3198"}],"version-history":[{"count":2,"href":"https:\/\/kalendare365.eu\/index.php?rest_route=\/wp\/v2\/posts\/3198\/revisions"}],"predecessor-version":[{"id":3733,"href":"https:\/\/kalendare365.eu\/index.php?rest_route=\/wp\/v2\/posts\/3198\/revisions\/3733"}],"wp:attachment":[{"href":"https:\/\/kalendare365.eu\/index.php?rest_route=%2Fwp%2Fv2%2Fmedia&parent=3198"}],"wp:term":[{"taxonomy":"category","embeddable":true,"href":"https:\/\/kalendare365.eu\/index.php?rest_route=%2Fwp%2Fv2%2Fcategories&post=3198"},{"taxonomy":"post_tag","embeddable":true,"href":"https:\/\/kalendare365.eu\/index.php?rest_route=%2Fwp%2Fv2%2Ftags&post=3198"}],"curies":[{"name":"wp","href":"https:\/\/api.w.org\/{rel}","templated":true}]}}