{"id":3211,"date":"2025-08-07T23:00:13","date_gmt":"2025-08-07T20:00:13","guid":{"rendered":"https:\/\/kalendare365.eu\/?p=3211"},"modified":"2026-03-26T12:56:36","modified_gmt":"2026-03-26T09:56:36","slug":"kalendar-2027","status":"publish","type":"post","link":"https:\/\/kalendare365.eu\/?p=3211","title":{"rendered":"Kalend\u00e1\u0159 2027"},"content":{"rendered":"\n<p class=\"wp-block-paragraph\">Pl\u00e1nov\u00e1n\u00ed roku je mnohem snaz\u0161\u00ed, kdy\u017e m\u00e1\u0161 po ruce kalend\u00e1\u0159, kter\u00fd odpov\u00edd\u00e1 tv\u00e9mu stylu pr\u00e1ce i osobn\u00edm pot\u0159eb\u00e1m. Proto vznikla \u0161irok\u00e1 kolekce kalend\u00e1\u0159ov\u00fdch \u0161ablon pro rok 2027 \u2013 od jednoduch\u00fdch ro\u010dn\u00edch p\u0159ehled\u016f a\u017e po detailn\u00ed t\u00fddenn\u00ed pl\u00e1nova\u010de. V\u0161echny jsou zdarma a p\u0159ipraven\u00e9 k okam\u017eit\u00e9mu pou\u017eit\u00ed.<\/p>\n\n\n\n<hr class=\"wp-block-separator has-alpha-channel-opacity\"\/>\n\n\n\n<h2 class=\"wp-block-heading\"><strong>Kalend\u00e1\u0159e 2027 \u2013 \u0161irok\u00e1 nab\u00eddka \u0161ablon<\/strong><\/h2>\n\n\n\n<p class=\"wp-block-paragraph\">Na str\u00e1nce najde\u0161 pestrou \u0161k\u00e1lu kalend\u00e1\u0159\u016f navr\u017een\u00fdch tak, aby vyhovovaly r\u016fzn\u00fdm \u00fa\u010del\u016fm i estetick\u00fdm preferenc\u00edm. V\u0161echny \u0161ablony jsou dostupn\u00e9 ve form\u00e1tech <strong>PDF<\/strong> a <strong>DOCX<\/strong>, tak\u017ee si m\u016f\u017ee\u0161 vybrat mezi rychl\u00fdm tiskem nebo \u00fapravami ve Wordu.<\/p>\n\n\n\n<h3 class=\"wp-block-heading\"><strong>Nejobl\u00edben\u011bj\u0161\u00ed typy kalend\u00e1\u0159\u016f<\/strong><\/h3>\n\n\n\n<ul class=\"wp-block-list\">\n<li><strong>Ro\u010dn\u00ed kalend\u00e1\u0159 na jedn\u00e9 str\u00e1nce<\/strong><br>Ide\u00e1ln\u00ed pro rychl\u00fd p\u0159ehled v\u0161ech 12 m\u011bs\u00edc\u016f.<\/li>\n\n\n\n<li><strong>Ro\u010dn\u00ed kalend\u00e1\u0159 s m\u00edstem na pozn\u00e1mky<\/strong><br>Pod ka\u017ed\u00fdm m\u011bs\u00edcem je prostor pro \u00fakoly, sch\u016fzky \u010di n\u00e1pady.<\/li>\n\n\n\n<li><strong>M\u011bs\u00ed\u010dn\u00ed kalend\u00e1\u0159 na dvoustranu<\/strong><br>Ka\u017ed\u00fd m\u011bs\u00edc zab\u00edr\u00e1 celou dvojstranu s velk\u00fdmi pol\u00ed\u010dky pro detailn\u00ed pl\u00e1nov\u00e1n\u00ed.<\/li>\n\n\n\n<li><strong>T\u00fddenn\u00ed pl\u00e1nova\u010d<\/strong><br>Rozpis po hodin\u00e1ch, vhodn\u00fd pro p\u0159esn\u00e9 pl\u00e1nov\u00e1n\u00ed dne.<\/li>\n\n\n\n<li><strong>Stoln\u00ed troj\u00faheln\u00edkov\u00fd kalend\u00e1\u0159<\/strong><br>Praktick\u00fd form\u00e1t na pracovn\u00ed st\u016fl.<\/li>\n\n\n\n<li><strong>N\u00e1st\u011bnn\u00fd kalend\u00e1\u0159 A3<\/strong><br>S mo\u017enost\u00ed vlo\u017eit vlastn\u00ed fotografie nebo motiva\u010dn\u00ed cit\u00e1ty.<\/li>\n<\/ul>\n\n\n\n<hr class=\"wp-block-separator has-alpha-channel-opacity\"\/>\n\n\n\n<h2 class=\"wp-block-heading\"><strong>Dostupn\u00e9 form\u00e1ty \u0161ablon<\/strong><\/h2>\n\n\n\n<h3 class=\"wp-block-heading\"><strong>PDF<\/strong><\/h3>\n\n\n\n<ul class=\"wp-block-list\">\n<li>Perfektn\u00ed pro rychl\u00fd tisk doma i v copy centru.<\/li>\n\n\n\n<li>Zachov\u00e1v\u00e1 rozlo\u017een\u00ed i barvy bez nutnosti dal\u0161\u00edho softwaru.<\/li>\n<\/ul>\n\n\n\n<h3 class=\"wp-block-heading\"><strong>DOCX<\/strong><\/h3>\n\n\n\n<ul class=\"wp-block-list\">\n<li>Pln\u011b upraviteln\u00fd form\u00e1t pro Word a kompatibiln\u00ed programy.<\/li>\n\n\n\n<li>Umo\u017e\u0148uje m\u011bnit barvy, p\u00edsmo, rozvr\u017een\u00ed i vkl\u00e1dat obr\u00e1zky \u010di loga.<\/li>\n<\/ul>\n\n\n\n<hr class=\"wp-block-separator has-alpha-channel-opacity\"\/>\n\n\n\n<h2 class=\"wp-block-heading\"><strong>Jak st\u00e1hnout a vytisknout kalend\u00e1\u0159<\/strong><\/h2>\n\n\n\n<ol class=\"wp-block-list\">\n<li>Vyber si \u0161ablonu na str\u00e1nce s kalend\u00e1\u0159i.<\/li>\n\n\n\n<li>Otev\u0159i n\u00e1hled a klikni na <strong>\u201eSt\u00e1hnout PDF\u201c<\/strong> nebo <strong>\u201eSt\u00e1hnout DOCX\u201c<\/strong>.<\/li>\n\n\n\n<li>Ulo\u017e soubor do po\u010d\u00edta\u010de nebo cloudu.\n<ul class=\"wp-block-list\">\n<li><strong>PDF<\/strong>: otev\u0159i v prohl\u00ed\u017ee\u010di a vytiskni.<\/li>\n\n\n\n<li><strong>DOCX<\/strong>: otev\u0159i ve Wordu, uprav podle pot\u0159eby a pot\u00e9 vytiskni.<\/li>\n<\/ul>\n<\/li>\n\n\n\n<li>P\u0159i tisku nastav spr\u00e1vn\u00fd form\u00e1t pap\u00edru (A4, A3 apod.).<\/li>\n<\/ol>\n\n\n\n<hr class=\"wp-block-separator has-alpha-channel-opacity\"\/>\n\n\n\n<h2 class=\"wp-block-heading\"><strong>Tipy pro \u00fapravu kalend\u00e1\u0159\u016f (DOCX)<\/strong><\/h2>\n\n\n\n<ul class=\"wp-block-list\">\n<li><strong>Barevn\u00e9 sch\u00e9ma<\/strong> \u2013 p\u0159izp\u016fsob si kalend\u00e1\u0159 firemn\u00edm nebo rodinn\u00fdm barv\u00e1m.<\/li>\n\n\n\n<li><strong>Volba p\u00edsma<\/strong> \u2013 kombinuj serifov\u00e1 a bezserifov\u00e1 p\u00edsma pro lep\u0161\u00ed \u010ditelnost.<\/li>\n\n\n\n<li><strong>Vkl\u00e1d\u00e1n\u00ed obr\u00e1zk\u016f a log<\/strong> \u2013 p\u0159idej fotografie, cit\u00e1ty nebo firemn\u00ed identitu.<\/li>\n\n\n\n<li><strong>Interaktivn\u00ed prvky<\/strong> \u2013 ve Wordu m\u016f\u017ee\u0161 vlo\u017eit za\u0161krt\u00e1vac\u00ed pol\u00ed\u010dka \u010di odpo\u010d\u00edt\u00e1v\u00e1n\u00ed.<\/li>\n\n\n\n<li><strong>\u00daprava rozvr\u017een\u00ed<\/strong> \u2013 m\u011b\u0148 velikost pol\u00ed\u010dek nebo p\u0159esouvej bloky s pozn\u00e1mkami.<\/li>\n<\/ul>\n\n\n\n<hr class=\"wp-block-separator has-alpha-channel-opacity\"\/>\n\n\n\n<h2 class=\"wp-block-heading has-text-align-center\">St\u00e1hn\u011bte si a vytiskn\u011bte \u0161ablonu kalend\u00e1\u0159e na rok 2027<\/h2>\n\n\n\n<div class=\"wp-block-group is-layout-grid wp-container-core-group-is-layout-7d05cc0d wp-block-group-is-layout-grid\">\n<div class=\"wp-block-group has-global-padding is-layout-constrained wp-block-group-is-layout-constrained\">\n<figure class=\"wp-block-image size-large\"><img loading=\"lazy\" decoding=\"async\" width=\"724\" height=\"1024\" src=\"https:\/\/kalendare365.eu\/wp-content\/uploads\/2025\/08\/kalendar-2027-jednoduchy-724x1024.webp\" alt=\"\" class=\"wp-image-3212\" srcset=\"https:\/\/kalendare365.eu\/wp-content\/uploads\/2025\/08\/kalendar-2027-jednoduchy-724x1024.webp 724w, https:\/\/kalendare365.eu\/wp-content\/uploads\/2025\/08\/kalendar-2027-jednoduchy-212x300.webp 212w, https:\/\/kalendare365.eu\/wp-content\/uploads\/2025\/08\/kalendar-2027-jednoduchy-768x1086.webp 768w, https:\/\/kalendare365.eu\/wp-content\/uploads\/2025\/08\/kalendar-2027-jednoduchy.webp 800w\" sizes=\"auto, (max-width: 724px) 100vw, 724px\" \/><\/figure>\n\n\n\n<p class=\"has-text-align-center wp-block-paragraph\"><a href=\"https:\/\/kalendare365.eu\/wp-content\/uploads\/2025\/08\/kalendar-2027-jednoduchy.pdf\" target=\"_blank\" rel=\"noreferrer noopener nofollow\">PDF<\/a> | <a href=\"https:\/\/kalendare365.eu\/wp-content\/uploads\/2025\/08\/kalendar-2027-jednoduchy.docx\" target=\"_blank\" rel=\"noreferrer noopener nofollow\">WORD<\/a><\/p>\n<\/div>\n\n\n\n<div class=\"wp-block-group has-global-padding is-layout-constrained wp-block-group-is-layout-constrained\">\n<figure class=\"wp-block-image size-full\"><img loading=\"lazy\" decoding=\"async\" width=\"800\" height=\"566\" src=\"https:\/\/kalendare365.eu\/wp-content\/uploads\/2025\/08\/kalendar-2027-tydny.webp\" alt=\"\" class=\"wp-image-3215\" srcset=\"https:\/\/kalendare365.eu\/wp-content\/uploads\/2025\/08\/kalendar-2027-tydny.webp 800w, https:\/\/kalendare365.eu\/wp-content\/uploads\/2025\/08\/kalendar-2027-tydny-300x212.webp 300w, https:\/\/kalendare365.eu\/wp-content\/uploads\/2025\/08\/kalendar-2027-tydny-768x543.webp 768w\" sizes=\"auto, (max-width: 800px) 100vw, 800px\" \/><\/figure>\n\n\n\n<p class=\"has-text-align-center wp-block-paragraph\"><a href=\"https:\/\/kalendare365.eu\/wp-content\/uploads\/2025\/08\/kalendar-2027-tydny.pdf\" target=\"_blank\" rel=\"noreferrer noopener nofollow\">PDF<\/a> | <a href=\"https:\/\/kalendare365.eu\/wp-content\/uploads\/2025\/08\/kalendar-2027-tydny.docx\" target=\"_blank\" rel=\"noreferrer noopener nofollow\">WORD<\/a><\/p>\n<\/div>\n\n\n\n<div class=\"wp-block-group has-global-padding is-layout-constrained wp-block-group-is-layout-constrained\">\n<figure class=\"wp-block-image size-full\"><img loading=\"lazy\" decoding=\"async\" width=\"800\" height=\"566\" src=\"https:\/\/kalendare365.eu\/wp-content\/uploads\/2025\/08\/kalendar-2027-na-poznamky.webp\" alt=\"\" class=\"wp-image-3218\" srcset=\"https:\/\/kalendare365.eu\/wp-content\/uploads\/2025\/08\/kalendar-2027-na-poznamky.webp 800w, https:\/\/kalendare365.eu\/wp-content\/uploads\/2025\/08\/kalendar-2027-na-poznamky-300x212.webp 300w, https:\/\/kalendare365.eu\/wp-content\/uploads\/2025\/08\/kalendar-2027-na-poznamky-768x543.webp 768w\" sizes=\"auto, (max-width: 800px) 100vw, 800px\" \/><\/figure>\n\n\n\n<p class=\"has-text-align-center wp-block-paragraph\"><a href=\"https:\/\/kalendare365.eu\/wp-content\/uploads\/2025\/08\/kalendar-2027-na-poznamky.pdf\" target=\"_blank\" rel=\"noreferrer noopener nofollow\">PDF<\/a> | <a href=\"https:\/\/kalendare365.eu\/wp-content\/uploads\/2025\/08\/kalendar-2027-na-poznamky.docx\" target=\"_blank\" rel=\"noreferrer noopener nofollow\">WORD<\/a><\/p>\n<\/div>\n\n\n\n<div class=\"wp-block-group has-global-padding is-layout-constrained wp-block-group-is-layout-constrained\">\n<figure class=\"wp-block-image size-full\"><img loading=\"lazy\" decoding=\"async\" width=\"800\" height=\"566\" src=\"https:\/\/kalendare365.eu\/wp-content\/uploads\/2025\/08\/fotokalendar-2027.webp\" alt=\"\" class=\"wp-image-3221\" srcset=\"https:\/\/kalendare365.eu\/wp-content\/uploads\/2025\/08\/fotokalendar-2027.webp 800w, https:\/\/kalendare365.eu\/wp-content\/uploads\/2025\/08\/fotokalendar-2027-300x212.webp 300w, https:\/\/kalendare365.eu\/wp-content\/uploads\/2025\/08\/fotokalendar-2027-768x543.webp 768w\" sizes=\"auto, (max-width: 800px) 100vw, 800px\" \/><\/figure>\n\n\n\n<p class=\"has-text-align-center wp-block-paragraph\"><a href=\"https:\/\/kalendare365.eu\/wp-content\/uploads\/2025\/08\/fotokalendar-2027.pdf\" target=\"_blank\" rel=\"noreferrer noopener nofollow\">PDF<\/a> | <a href=\"https:\/\/kalendare365.eu\/wp-content\/uploads\/2025\/08\/fotokalendar-2027.docx\" target=\"_blank\" rel=\"noreferrer noopener nofollow\">WORD<\/a><\/p>\n<\/div>\n\n\n\n<div class=\"wp-block-group has-global-padding is-layout-constrained wp-block-group-is-layout-constrained\">\n<figure class=\"wp-block-image size-large\"><img loading=\"lazy\" decoding=\"async\" width=\"724\" height=\"1024\" src=\"https:\/\/kalendare365.eu\/wp-content\/uploads\/2025\/08\/kalendar-2027-pro-vyrocni-poznamky-724x1024.webp\" alt=\"\" class=\"wp-image-3224\" srcset=\"https:\/\/kalendare365.eu\/wp-content\/uploads\/2025\/08\/kalendar-2027-pro-vyrocni-poznamky-724x1024.webp 724w, https:\/\/kalendare365.eu\/wp-content\/uploads\/2025\/08\/kalendar-2027-pro-vyrocni-poznamky-212x300.webp 212w, https:\/\/kalendare365.eu\/wp-content\/uploads\/2025\/08\/kalendar-2027-pro-vyrocni-poznamky-768x1086.webp 768w, https:\/\/kalendare365.eu\/wp-content\/uploads\/2025\/08\/kalendar-2027-pro-vyrocni-poznamky.webp 800w\" sizes=\"auto, (max-width: 724px) 100vw, 724px\" \/><\/figure>\n\n\n\n<p class=\"has-text-align-center wp-block-paragraph\"><a href=\"https:\/\/kalendare365.eu\/wp-content\/uploads\/2025\/08\/kalendar-2027-pro-vyrocni-poznamky.pdf\" target=\"_blank\" rel=\"noreferrer noopener nofollow\">PDF<\/a> | <a href=\"https:\/\/kalendare365.eu\/wp-content\/uploads\/2025\/08\/kalendar-2027-pro-vyrocni-poznamky.docx\" target=\"_blank\" rel=\"noreferrer noopener nofollow\">WORD<\/a><\/p>\n<\/div>\n\n\n\n<div class=\"wp-block-group has-global-padding is-layout-constrained wp-block-group-is-layout-constrained\">\n<figure class=\"wp-block-image size-full\"><img loading=\"lazy\" decoding=\"async\" width=\"800\" height=\"566\" src=\"https:\/\/kalendare365.eu\/wp-content\/uploads\/2025\/08\/krasny-kalendar-2027.webp\" alt=\"\" class=\"wp-image-3227\" srcset=\"https:\/\/kalendare365.eu\/wp-content\/uploads\/2025\/08\/krasny-kalendar-2027.webp 800w, https:\/\/kalendare365.eu\/wp-content\/uploads\/2025\/08\/krasny-kalendar-2027-300x212.webp 300w, https:\/\/kalendare365.eu\/wp-content\/uploads\/2025\/08\/krasny-kalendar-2027-768x543.webp 768w\" sizes=\"auto, (max-width: 800px) 100vw, 800px\" \/><\/figure>\n\n\n\n<p class=\"has-text-align-center wp-block-paragraph\"><a href=\"https:\/\/kalendare365.eu\/wp-content\/uploads\/2025\/08\/krasny-kalendar-2027.pdf\" target=\"_blank\" rel=\"noreferrer noopener nofollow\">PDF<\/a> | <a href=\"https:\/\/kalendare365.eu\/wp-content\/uploads\/2025\/08\/krasny-kalendar-2027.docx\" target=\"_blank\" rel=\"noreferrer noopener nofollow\">WORD<\/a><\/p>\n<\/div>\n\n\n\n<div class=\"wp-block-group has-global-padding is-layout-constrained wp-block-group-is-layout-constrained\">\n<figure class=\"wp-block-image size-full\"><img loading=\"lazy\" decoding=\"async\" width=\"800\" height=\"566\" src=\"https:\/\/kalendare365.eu\/wp-content\/uploads\/2025\/08\/vicebarevny-kalendar-2027.webp\" alt=\"\" class=\"wp-image-3230\" srcset=\"https:\/\/kalendare365.eu\/wp-content\/uploads\/2025\/08\/vicebarevny-kalendar-2027.webp 800w, https:\/\/kalendare365.eu\/wp-content\/uploads\/2025\/08\/vicebarevny-kalendar-2027-300x212.webp 300w, https:\/\/kalendare365.eu\/wp-content\/uploads\/2025\/08\/vicebarevny-kalendar-2027-768x543.webp 768w\" sizes=\"auto, (max-width: 800px) 100vw, 800px\" \/><\/figure>\n\n\n\n<p class=\"has-text-align-center wp-block-paragraph\"><a href=\"https:\/\/kalendare365.eu\/wp-content\/uploads\/2025\/08\/vicebarevny-kalendar-2027.pdf\" target=\"_blank\" rel=\"noreferrer noopener nofollow\">PDF<\/a> | <a href=\"https:\/\/kalendare365.eu\/wp-content\/uploads\/2025\/08\/vicebarevny-kalendar-2027.docx\" target=\"_blank\" rel=\"noreferrer noopener nofollow\">WORD<\/a><\/p>\n<\/div>\n\n\n\n<div class=\"wp-block-group has-global-padding is-layout-constrained wp-block-group-is-layout-constrained\">\n<figure class=\"wp-block-image size-large\"><img loading=\"lazy\" decoding=\"async\" width=\"724\" height=\"1024\" src=\"https:\/\/kalendare365.eu\/wp-content\/uploads\/2025\/08\/kapesni-kalendar-2027-724x1024.webp\" alt=\"\" class=\"wp-image-3233\" srcset=\"https:\/\/kalendare365.eu\/wp-content\/uploads\/2025\/08\/kapesni-kalendar-2027-724x1024.webp 724w, https:\/\/kalendare365.eu\/wp-content\/uploads\/2025\/08\/kapesni-kalendar-2027-212x300.webp 212w, https:\/\/kalendare365.eu\/wp-content\/uploads\/2025\/08\/kapesni-kalendar-2027-768x1086.webp 768w, https:\/\/kalendare365.eu\/wp-content\/uploads\/2025\/08\/kapesni-kalendar-2027.webp 800w\" sizes=\"auto, (max-width: 724px) 100vw, 724px\" \/><\/figure>\n\n\n\n<p class=\"has-text-align-center wp-block-paragraph\"><a href=\"https:\/\/kalendare365.eu\/wp-content\/uploads\/2025\/08\/kapesni-kalendar-2027.pdf\" target=\"_blank\" rel=\"noreferrer noopener nofollow\">PDF<\/a> | <a href=\"https:\/\/kalendare365.eu\/wp-content\/uploads\/2025\/08\/kapesni-kalendar-2027.docx\" target=\"_blank\" rel=\"noreferrer noopener nofollow\">WORD<\/a><\/p>\n<\/div>\n\n\n\n<div class=\"wp-block-group has-global-padding is-layout-constrained wp-block-group-is-layout-constrained\">\n<figure class=\"wp-block-image size-large\"><img loading=\"lazy\" decoding=\"async\" width=\"724\" height=\"1024\" src=\"https:\/\/kalendare365.eu\/wp-content\/uploads\/2025\/08\/nastenny-kalendar-2027-724x1024.webp\" alt=\"\" class=\"wp-image-3236\" srcset=\"https:\/\/kalendare365.eu\/wp-content\/uploads\/2025\/08\/nastenny-kalendar-2027-724x1024.webp 724w, https:\/\/kalendare365.eu\/wp-content\/uploads\/2025\/08\/nastenny-kalendar-2027-212x300.webp 212w, https:\/\/kalendare365.eu\/wp-content\/uploads\/2025\/08\/nastenny-kalendar-2027-768x1086.webp 768w, https:\/\/kalendare365.eu\/wp-content\/uploads\/2025\/08\/nastenny-kalendar-2027.webp 800w\" sizes=\"auto, (max-width: 724px) 100vw, 724px\" \/><\/figure>\n\n\n\n<p class=\"has-text-align-center wp-block-paragraph\"><a href=\"https:\/\/kalendare365.eu\/wp-content\/uploads\/2025\/08\/nastenny-kalendar-2027.pdf\" target=\"_blank\" rel=\"noreferrer noopener nofollow\">PDF<\/a> | <a href=\"https:\/\/kalendare365.eu\/wp-content\/uploads\/2025\/08\/nastenny-kalendar-2027.docx\" target=\"_blank\" rel=\"noreferrer noopener nofollow\">WORD<\/a><\/p>\n<\/div>\n<\/div>\n\n\n\n<h2 class=\"wp-block-heading\"><strong>Z\u00e1v\u011br<\/strong><\/h2>\n\n\n\n<p class=\"wp-block-paragraph\">Kalend\u00e1\u0159e pro rok 2027 ti umo\u017en\u00ed pl\u00e1novat efektivn\u011b, p\u0159ehledn\u011b a p\u0159esn\u011b podle tv\u00fdch p\u0159edstav. A\u0165 u\u017e pot\u0159ebuje\u0161 jednoduch\u00fd ro\u010dn\u00ed p\u0159ehled, nebo detailn\u00ed pl\u00e1nova\u010d pro ka\u017ed\u00fd t\u00fdden, v\u0161echny \u0161ablony jsou zdarma a p\u0159ipraven\u00e9 k okam\u017eit\u00e9mu pou\u017eit\u00ed. Sta\u010d\u00ed si vybrat, st\u00e1hnout a za\u010d\u00edt pl\u00e1novat rok 2027 stylov\u011b a s p\u0159ehledem.<\/p>\n","protected":false},"excerpt":{"rendered":"<p>Pl\u00e1nov\u00e1n\u00ed roku je mnohem snaz\u0161\u00ed, kdy\u017e m\u00e1\u0161 po ruce kalend\u00e1\u0159, kter\u00fd odpov\u00edd\u00e1 tv\u00e9mu stylu pr\u00e1ce i osobn\u00edm pot\u0159eb\u00e1m. Proto vznikla \u0161irok\u00e1 kolekce kalend\u00e1\u0159ov\u00fdch \u0161ablon pro rok 2027 \u2013 od jednoduch\u00fdch ro\u010dn\u00edch p\u0159ehled\u016f a\u017e po detailn\u00ed t\u00fddenn\u00ed pl\u00e1nova\u010de. V\u0161echny jsou zdarma a p\u0159ipraven\u00e9 k okam\u017eit\u00e9mu pou\u017eit\u00ed. Kalend\u00e1\u0159e 2027 \u2013 \u0161irok\u00e1 nab\u00eddka \u0161ablon Na str\u00e1nce najde\u0161 pestrou [&hellip;]<\/p>\n","protected":false},"author":1,"featured_media":0,"comment_status":"open","ping_status":"closed","sticky":false,"template":"","format":"standard","meta":{"footnotes":""},"categories":[1],"tags":[34],"class_list":["post-3211","post","type-post","status-publish","format-standard","hentry","category-vyrocni","tag-34"],"_links":{"self":[{"href":"https:\/\/kalendare365.eu\/index.php?rest_route=\/wp\/v2\/posts\/3211","targetHints":{"allow":["GET"]}}],"collection":[{"href":"https:\/\/kalendare365.eu\/index.php?rest_route=\/wp\/v2\/posts"}],"about":[{"href":"https:\/\/kalendare365.eu\/index.php?rest_route=\/wp\/v2\/types\/post"}],"author":[{"embeddable":true,"href":"https:\/\/kalendare365.eu\/index.php?rest_route=\/wp\/v2\/users\/1"}],"replies":[{"embeddable":true,"href":"https:\/\/kalendare365.eu\/index.php?rest_route=%2Fwp%2Fv2%2Fcomments&post=3211"}],"version-history":[{"count":2,"href":"https:\/\/kalendare365.eu\/index.php?rest_route=\/wp\/v2\/posts\/3211\/revisions"}],"predecessor-version":[{"id":3511,"href":"https:\/\/kalendare365.eu\/index.php?rest_route=\/wp\/v2\/posts\/3211\/revisions\/3511"}],"wp:attachment":[{"href":"https:\/\/kalendare365.eu\/index.php?rest_route=%2Fwp%2Fv2%2Fmedia&parent=3211"}],"wp:term":[{"taxonomy":"category","embeddable":true,"href":"https:\/\/kalendare365.eu\/index.php?rest_route=%2Fwp%2Fv2%2Fcategories&post=3211"},{"taxonomy":"post_tag","embeddable":true,"href":"https:\/\/kalendare365.eu\/index.php?rest_route=%2Fwp%2Fv2%2Ftags&post=3211"}],"curies":[{"name":"wp","href":"https:\/\/api.w.org\/{rel}","templated":true}]}}