{"id":3242,"date":"2025-09-06T13:05:14","date_gmt":"2025-09-06T10:05:14","guid":{"rendered":"https:\/\/kalendare365.eu\/?p=3242"},"modified":"2026-05-19T19:54:37","modified_gmt":"2026-05-19T16:54:37","slug":"kalendar-1992","status":"publish","type":"post","link":"https:\/\/kalendare365.eu\/?p=3242","title":{"rendered":"Kalend\u00e1\u0159 1992"},"content":{"rendered":"\n<p class=\"wp-block-paragraph\">Rok 1992 pat\u0159\u00ed mezi v\u00fdznamn\u00e9 p\u0159estupn\u00e9 roky modern\u00edch d\u011bjin. Za\u010d\u00ednal ve st\u0159edu a d\u00edky 29denn\u00edmu \u00fanoru m\u011bl celkem 366 dn\u00ed. Tento p\u0159ehledn\u00fd kalend\u00e1\u0159 umo\u017e\u0148uje zjistit, na kter\u00fd den t\u00fddne p\u0159ipadalo libovoln\u00e9 datum, a z\u00e1rove\u0148 nab\u00edz\u00ed orientaci ve st\u00e1tn\u00edch sv\u00e1tc\u00edch, v\u00fdznamn\u00fdch dnech i dal\u0161\u00edch u\u017eite\u010dn\u00fdch \u00fadaj\u00edch. Pro historiky, pl\u00e1nova\u010de i milovn\u00edky nostalgie p\u0159edstavuje praktick\u00fd n\u00e1stroj pro pr\u00e1ci s \u010dasem.<\/p>\n\n\n\n<hr class=\"wp-block-separator has-alpha-channel-opacity\"\/>\n\n\n\n<h2 class=\"wp-block-heading\">Obecn\u00e1 charakteristika roku 1992<\/h2>\n\n\n\n<p class=\"wp-block-paragraph\">Rok 1992 byl rozd\u011blen do 52 t\u00fddn\u016f a jednoho p\u0159estupn\u00e9ho dne. T\u00fddenn\u00ed cyklus se oproti roku 1991 posunul \u2013 za\u010dal ve st\u0159edu 1. ledna a skon\u010dil ve \u010dtvrtek 31. prosince. Tento posun je typick\u00fd pro p\u0159estupn\u00e9 roky a prom\u00edt\u00e1 se do cel\u00e9ho kalend\u00e1\u0159e.<\/p>\n\n\n\n<hr class=\"wp-block-separator has-alpha-channel-opacity\"\/>\n\n\n\n<h2 class=\"wp-block-heading\">P\u0159ehled m\u011bs\u00edc\u016f roku 1992<\/h2>\n\n\n\n<p class=\"wp-block-paragraph\">N\u00ed\u017ee uveden\u00e1 tabulka shrnuje prvn\u00ed den ka\u017ed\u00e9ho m\u011bs\u00edce a po\u010det dn\u00ed.<\/p>\n\n\n\n<figure class=\"wp-block-table\"><table class=\"has-fixed-layout\"><thead><tr><th>M\u011bs\u00edc<\/th><th>Prvn\u00ed den<\/th><th>Po\u010det dn\u00ed<\/th><\/tr><\/thead><tbody><tr><td>Leden<\/td><td>St\u0159eda<\/td><td>31<\/td><\/tr><tr><td>\u00danor<\/td><td>Sobota<\/td><td>29<\/td><\/tr><tr><td>B\u0159ezen<\/td><td>Ned\u011ble<\/td><td>31<\/td><\/tr><tr><td>Duben<\/td><td>St\u0159eda<\/td><td>30<\/td><\/tr><tr><td>Kv\u011bten<\/td><td>P\u00e1tek<\/td><td>31<\/td><\/tr><tr><td>\u010cerven<\/td><td>Pond\u011bl\u00ed<\/td><td>30<\/td><\/tr><tr><td>\u010cervenec<\/td><td>St\u0159eda<\/td><td>31<\/td><\/tr><tr><td>Srpen<\/td><td>Sobota<\/td><td>31<\/td><\/tr><tr><td>Z\u00e1\u0159\u00ed<\/td><td>\u00dater\u00fd<\/td><td>30<\/td><\/tr><tr><td>\u0158\u00edjen<\/td><td>\u010ctvrtek<\/td><td>31<\/td><\/tr><tr><td>Listopad<\/td><td>Ned\u011ble<\/td><td>30<\/td><\/tr><tr><td>Prosinec<\/td><td>\u00dater\u00fd<\/td><td>31<\/td><\/tr><\/tbody><\/table><\/figure>\n\n\n\n<hr class=\"wp-block-separator has-alpha-channel-opacity\"\/>\n\n\n\n<h2 class=\"wp-block-heading\">V\u00fdznamn\u00e9 dny a st\u00e1tn\u00ed sv\u00e1tky<\/h2>\n\n\n\n<p class=\"wp-block-paragraph\">Kalend\u00e1\u0159 zahrnuje hlavn\u00ed \u010desk\u00e9 sv\u00e1tky a v\u00fdznamn\u00e9 dny, kter\u00e9 mohou slou\u017eit jako orienta\u010dn\u00ed body p\u0159i pl\u00e1nov\u00e1n\u00ed.<\/p>\n\n\n\n<ul class=\"wp-block-list\">\n<li>Nov\u00fd rok<\/li>\n\n\n\n<li>Velikono\u010dn\u00ed pond\u011bl\u00ed \u2013 20. dubna<\/li>\n\n\n\n<li>Sv\u00e1tek pr\u00e1ce<\/li>\n\n\n\n<li>Den v\u00edt\u011bzstv\u00ed<\/li>\n\n\n\n<li>Den slovansk\u00fdch v\u011brozv\u011bst\u016f Cyrila a Metod\u011bje<\/li>\n\n\n\n<li>Den up\u00e1len\u00ed mistra Jana Husa<\/li>\n\n\n\n<li>Den \u010desk\u00e9 st\u00e1tnosti<\/li>\n\n\n\n<li>Den vzniku samostatn\u00e9ho \u010deskoslovensk\u00e9ho st\u00e1tu<\/li>\n\n\n\n<li>Den boje za svobodu a demokracii<\/li>\n\n\n\n<li>\u0160t\u011bdr\u00fd den<ol><li>sv\u00e1tek v\u00e1no\u010dn\u00ed<\/li><\/ol>\n<ol start=\"2\" class=\"wp-block-list\">\n<li>sv\u00e1tek v\u00e1no\u010dn\u00ed<\/li>\n<\/ol>\n<\/li>\n<\/ul>\n\n\n\n<hr class=\"wp-block-separator has-alpha-channel-opacity\"\/>\n\n\n\n<h2 class=\"wp-block-heading\">F\u00e1ze M\u011bs\u00edce a dal\u0161\u00ed astronomick\u00e9 \u00fadaje<\/h2>\n\n\n\n<p class=\"wp-block-paragraph\">Sou\u010d\u00e1st\u00ed kalend\u00e1\u0159e jsou tak\u00e9 orienta\u010dn\u00ed data hlavn\u00edch m\u011bs\u00ed\u010dn\u00edch f\u00e1z\u00ed \u2013 nov, prvn\u00ed \u010dtvr\u0165, \u00fapln\u011bk a posledn\u00ed \u010dtvr\u0165. Tyto informace se hod\u00ed p\u0159i dlouhodob\u00e9m pl\u00e1nov\u00e1n\u00ed, nap\u0159\u00edklad p\u0159i organizaci venkovn\u00edch aktivit nebo sledov\u00e1n\u00ed p\u0159\u00edrodn\u00edch cykl\u016f. P\u0159ehled t\u00fddn\u016f podle ISO standardu nav\u00edc usnad\u0148uje pl\u00e1nov\u00e1n\u00ed projekt\u016f \u010di dovolen\u00fdch.<\/p>\n\n\n\n<hr class=\"wp-block-separator has-alpha-channel-opacity\"\/>\n\n\n\n<h2 class=\"wp-block-heading\">Jak kalend\u00e1\u0159 pou\u017e\u00edvat<\/h2>\n\n\n\n<ul class=\"wp-block-list\">\n<li>Vyhled\u00e1n\u00ed m\u011bs\u00edce podle pot\u0159eby.<\/li>\n\n\n\n<li>Zji\u0161t\u011bn\u00ed dne v t\u00fddnu pro konkr\u00e9tn\u00ed datum.<\/li>\n\n\n\n<li>Pr\u00e1ce se st\u00e1tn\u00edmi sv\u00e1tky p\u0159i pl\u00e1nov\u00e1n\u00ed volna.<\/li>\n\n\n\n<li>Zapisov\u00e1n\u00ed ud\u00e1lost\u00ed do voln\u00fdch pol\u00ed pod jednotliv\u00fdmi m\u011bs\u00edci.<\/li>\n<\/ul>\n\n\n\n<hr class=\"wp-block-separator has-alpha-channel-opacity\"\/>\n\n\n\n<h2 class=\"wp-block-heading\">Sta\u017een\u00ed a tisk<\/h2>\n\n\n\n<p class=\"wp-block-paragraph\">Kalend\u00e1\u0159 roku 1992 je dostupn\u00fd ke sta\u017een\u00ed ve form\u00e1tu PDF. Po otev\u0159en\u00ed souboru jej lze ulo\u017eit nebo p\u0159\u00edmo vytisknout z prohl\u00ed\u017ee\u010de.<\/p>\n\n\n\n<hr class=\"wp-block-separator has-alpha-channel-opacity\"\/>\n\n\n\n<figure class=\"wp-block-image size-full\"><img loading=\"lazy\" decoding=\"async\" width=\"800\" height=\"566\" src=\"https:\/\/kalendare365.eu\/wp-content\/uploads\/2025\/09\/kalendar-1992.webp\" alt=\"\" class=\"wp-image-3243\" srcset=\"https:\/\/kalendare365.eu\/wp-content\/uploads\/2025\/09\/kalendar-1992.webp 800w, https:\/\/kalendare365.eu\/wp-content\/uploads\/2025\/09\/kalendar-1992-300x212.webp 300w, https:\/\/kalendare365.eu\/wp-content\/uploads\/2025\/09\/kalendar-1992-768x543.webp 768w\" sizes=\"auto, (max-width: 800px) 100vw, 800px\" \/><\/figure>\n\n\n\n<p class=\"has-text-align-center wp-block-paragraph\"><a href=\"https:\/\/kalendare365.eu\/wp-content\/uploads\/2025\/09\/kalendar-1992.pdf\" target=\"_blank\" rel=\"noreferrer noopener nofollow\">PDF<\/a><\/p>\n\n\n\n<h2 class=\"wp-block-heading\">Z\u00e1v\u011br<\/h2>\n\n\n\n<p class=\"wp-block-paragraph\">Kalend\u00e1\u0159 roku 1992 p\u0159edstavuje u\u017eite\u010dn\u00fd n\u00e1stroj pro ka\u017ed\u00e9ho, kdo pot\u0159ebuje pracovat s daty tohoto p\u0159estupn\u00e9ho roku \u2013 a\u0165 u\u017e kv\u016fli historii, genealogii, pl\u00e1nov\u00e1n\u00ed nebo prost\u00e9 zv\u011bdavosti. Nab\u00edz\u00ed p\u0159ehledn\u00e9 informace o dnech, sv\u00e1tc\u00edch i m\u011bs\u00ed\u010dn\u00edch cyklech a umo\u017e\u0148uje snadno se orientovat v ud\u00e1lostech, kter\u00e9 tento rok prov\u00e1zely.<\/p>\n","protected":false},"excerpt":{"rendered":"<p>Rok 1992 pat\u0159\u00ed mezi v\u00fdznamn\u00e9 p\u0159estupn\u00e9 roky modern\u00edch d\u011bjin. Za\u010d\u00ednal ve st\u0159edu a d\u00edky 29denn\u00edmu \u00fanoru m\u011bl celkem 366 dn\u00ed. Tento p\u0159ehledn\u00fd kalend\u00e1\u0159 umo\u017e\u0148uje zjistit, na kter\u00fd den t\u00fddne p\u0159ipadalo libovoln\u00e9 datum, a z\u00e1rove\u0148 nab\u00edz\u00ed orientaci ve st\u00e1tn\u00edch sv\u00e1tc\u00edch, v\u00fdznamn\u00fdch dnech i dal\u0161\u00edch u\u017eite\u010dn\u00fdch \u00fadaj\u00edch. Pro historiky, pl\u00e1nova\u010de i milovn\u00edky nostalgie p\u0159edstavuje praktick\u00fd n\u00e1stroj pro [&hellip;]<\/p>\n","protected":false},"author":1,"featured_media":0,"comment_status":"open","ping_status":"closed","sticky":false,"template":"","format":"standard","meta":{"footnotes":""},"categories":[1],"tags":[],"class_list":["post-3242","post","type-post","status-publish","format-standard","hentry","category-vyrocni"],"_links":{"self":[{"href":"https:\/\/kalendare365.eu\/index.php?rest_route=\/wp\/v2\/posts\/3242","targetHints":{"allow":["GET"]}}],"collection":[{"href":"https:\/\/kalendare365.eu\/index.php?rest_route=\/wp\/v2\/posts"}],"about":[{"href":"https:\/\/kalendare365.eu\/index.php?rest_route=\/wp\/v2\/types\/post"}],"author":[{"embeddable":true,"href":"https:\/\/kalendare365.eu\/index.php?rest_route=\/wp\/v2\/users\/1"}],"replies":[{"embeddable":true,"href":"https:\/\/kalendare365.eu\/index.php?rest_route=%2Fwp%2Fv2%2Fcomments&post=3242"}],"version-history":[{"count":3,"href":"https:\/\/kalendare365.eu\/index.php?rest_route=\/wp\/v2\/posts\/3242\/revisions"}],"predecessor-version":[{"id":3690,"href":"https:\/\/kalendare365.eu\/index.php?rest_route=\/wp\/v2\/posts\/3242\/revisions\/3690"}],"wp:attachment":[{"href":"https:\/\/kalendare365.eu\/index.php?rest_route=%2Fwp%2Fv2%2Fmedia&parent=3242"}],"wp:term":[{"taxonomy":"category","embeddable":true,"href":"https:\/\/kalendare365.eu\/index.php?rest_route=%2Fwp%2Fv2%2Fcategories&post=3242"},{"taxonomy":"post_tag","embeddable":true,"href":"https:\/\/kalendare365.eu\/index.php?rest_route=%2Fwp%2Fv2%2Ftags&post=3242"}],"curies":[{"name":"wp","href":"https:\/\/api.w.org\/{rel}","templated":true}]}}