{"id":3252,"date":"2025-09-24T16:58:10","date_gmt":"2025-09-24T13:58:10","guid":{"rendered":"https:\/\/kalendare365.eu\/?p=3252"},"modified":"2026-05-03T19:09:36","modified_gmt":"2026-05-03T16:09:36","slug":"kalendar-1990","status":"publish","type":"post","link":"https:\/\/kalendare365.eu\/?p=3252","title":{"rendered":"Kalend\u00e1\u0159 1990"},"content":{"rendered":"\n<p class=\"wp-block-paragraph\">Kalend\u00e1\u0159 pro rok 1990 nab\u00edz\u00ed nejen praktick\u00fd zp\u016fsob, jak zp\u011btn\u011b zjistit konkr\u00e9tn\u00ed dny v t\u00fddnu, ale tak\u00e9 umo\u017e\u0148uje nahl\u00e9dnout do ka\u017edodennosti tehdej\u0161\u00ed doby. D\u00edky p\u0159esn\u00e9mu rozpisu m\u011bs\u00edc\u016f a dat lze snadno ur\u010dit, na kter\u00fd den p\u0159ipadlo narozen\u00ed, v\u00fdro\u010d\u00ed \u010di jin\u00e1 v\u00fdznamn\u00e1 ud\u00e1lost. Tento p\u0159ehled je u\u017eite\u010dn\u00fd pro osobn\u00ed vzpom\u00ednky, genealogii i historick\u00e9 b\u00e1d\u00e1n\u00ed.<\/p>\n\n\n\n<hr class=\"wp-block-separator has-alpha-channel-opacity\"\/>\n\n\n\n<h2 class=\"wp-block-heading\">Struktura kalend\u00e1\u0159e roku 1990<\/h2>\n\n\n\n<p class=\"wp-block-paragraph\">Rok 1990 se skl\u00e1dal z dvan\u00e1cti m\u011bs\u00edc\u016f od ledna do prosince. Ka\u017ed\u00fd m\u011bs\u00edc za\u010d\u00ednal konkr\u00e9tn\u00edm dnem v t\u00fddnu a m\u011bl pevn\u011b dan\u00fd po\u010det dn\u016f. Proto\u017ee rok 1990 nebyl p\u0159estupn\u00fd, \u00fanor m\u011bl 28 dn\u00ed. Z\u00e1kladn\u00ed orientace je jednoduch\u00e1: nap\u0159\u00edklad 1. ledna 1990 p\u0159ipadlo na pond\u011bl\u00ed, co\u017e umo\u017e\u0148uje snadno dopo\u010d\u00edtat dal\u0161\u00ed dny v r\u00e1mci cel\u00e9ho roku.<\/p>\n\n\n\n<hr class=\"wp-block-separator has-alpha-channel-opacity\"\/>\n\n\n\n<h2 class=\"wp-block-heading\">Jak zjistit den v t\u00fddnu pro libovoln\u00e9 datum roku 1990<\/h2>\n\n\n\n<h3 class=\"wp-block-heading\">Postup v\u00fdpo\u010dtu<\/h3>\n\n\n\n<p class=\"wp-block-paragraph\">Najd\u011bte m\u011bs\u00edc, ve kter\u00e9m se dan\u00e9 datum nach\u00e1z\u00ed. Zjist\u011bte, na jak\u00fd den v t\u00fddnu p\u0159ipadl prvn\u00ed den tohoto m\u011bs\u00edce. Pot\u00e9 postupn\u011b po\u010d\u00edtejte jednotliv\u00e9 dny a\u017e k po\u017eadovan\u00e9mu datu a sledujte po\u0159ad\u00ed dn\u00ed v t\u00fddnu: pond\u011bl\u00ed, \u00fater\u00fd, st\u0159eda, \u010dtvrtek, p\u00e1tek, sobota, ned\u011ble. Po dosa\u017een\u00ed konce t\u00fddne se cyklus op\u011bt vrac\u00ed k pond\u011bl\u00ed. Tento zp\u016fsob funguje spolehliv\u011b, proto\u017ee ka\u017ed\u00fd m\u011bs\u00edc m\u00e1 pevn\u011b danou d\u00e9lku i zn\u00e1m\u00fd po\u010d\u00e1te\u010dn\u00ed den.<\/p>\n\n\n\n<hr class=\"wp-block-separator has-alpha-channel-opacity\"\/>\n\n\n\n<h2 class=\"wp-block-heading\">P\u0159\u00edklady v\u00fdpo\u010dtu<\/h2>\n\n\n\n<h3 class=\"wp-block-heading\">Datum 17. b\u0159ezna 1990<\/h3>\n\n\n\n<p class=\"wp-block-paragraph\">Prvn\u00ed b\u0159eznov\u00fd den roku 1990 p\u0159ipadl na \u010dtvrtek. Postupn\u00fdm po\u010d\u00edt\u00e1n\u00edm dn\u016f zjist\u00edme, \u017ee 17. b\u0159ezen byl sobota.<\/p>\n\n\n\n<h3 class=\"wp-block-heading\">Datum 8. srpna 1990<\/h3>\n\n\n\n<p class=\"wp-block-paragraph\">Prvn\u00ed srpnov\u00fd den byl st\u0159eda. Po dopo\u010d\u00edt\u00e1n\u00ed dn\u016f vych\u00e1z\u00ed, \u017ee 8. srpen p\u0159ipadl rovn\u011b\u017e na st\u0159edu.<\/p>\n\n\n\n<hr class=\"wp-block-separator has-alpha-channel-opacity\"\/>\n\n\n\n<h2 class=\"wp-block-heading\">K \u010demu je zp\u011btn\u00fd kalend\u00e1\u0159 u\u017eite\u010dn\u00fd<\/h2>\n\n\n\n<h3 class=\"wp-block-heading\">Historick\u00e9 pl\u00e1nov\u00e1n\u00ed<\/h3>\n\n\n\n<p class=\"wp-block-paragraph\">Pom\u00e1h\u00e1 znovu sestavit \u010dasov\u00e9 souvislosti rodinn\u00fdch i pracovn\u00edch ud\u00e1lost\u00ed a p\u0159esn\u011b ur\u010dit, na jak\u00fd den p\u0159ipadaly.<\/p>\n\n\n\n<h3 class=\"wp-block-heading\">Genealogie<\/h3>\n\n\n\n<p class=\"wp-block-paragraph\">P\u0159i tvorb\u011b rodokmenu umo\u017e\u0148uje zjistit, zda se p\u0159edkov\u00e9 narodili o v\u00edkendu, ve v\u0161edn\u00ed den nebo b\u011bhem sv\u00e1tku.<\/p>\n\n\n\n<h3 class=\"wp-block-heading\">Kulturn\u00ed a spole\u010densk\u00fd kontext<\/h3>\n\n\n\n<p class=\"wp-block-paragraph\">Umo\u017e\u0148uje porovnat tehdej\u0161\u00ed rytmus t\u00fddne s dne\u0161n\u00edm, nap\u0159\u00edklad zda v\u00fdznamn\u00e9 dny roku 1990 p\u0159ipadly na pracovn\u00ed dny \u010di v\u00edkendy.<\/p>\n\n\n\n<hr class=\"wp-block-separator has-alpha-channel-opacity\"\/>\n\n\n\n<figure class=\"wp-block-image size-full\"><img loading=\"lazy\" decoding=\"async\" width=\"800\" height=\"566\" src=\"https:\/\/kalendare365.eu\/wp-content\/uploads\/2025\/09\/kalendar-1990.webp\" alt=\"\" class=\"wp-image-3253\" srcset=\"https:\/\/kalendare365.eu\/wp-content\/uploads\/2025\/09\/kalendar-1990.webp 800w, https:\/\/kalendare365.eu\/wp-content\/uploads\/2025\/09\/kalendar-1990-300x212.webp 300w, https:\/\/kalendare365.eu\/wp-content\/uploads\/2025\/09\/kalendar-1990-768x543.webp 768w\" sizes=\"auto, (max-width: 800px) 100vw, 800px\" \/><\/figure>\n\n\n\n<p class=\"has-text-align-center wp-block-paragraph\"><a href=\"https:\/\/kalendare365.eu\/wp-content\/uploads\/2025\/09\/kalendar-1990.pdf\" target=\"_blank\" rel=\"noreferrer noopener nofollow\">PDF<\/a> | <a href=\"https:\/\/kalendare365.eu\/wp-content\/uploads\/2025\/09\/kalendar-1990.docx\" target=\"_blank\" rel=\"noreferrer noopener nofollow\">WORD<\/a><\/p>\n\n\n\n<h2 class=\"wp-block-heading\">Z\u00e1v\u011br<\/h2>\n\n\n\n<p class=\"wp-block-paragraph\">Kalend\u00e1\u0159 roku 1990 p\u0159edstavuje jednoduch\u00fd a p\u0159ehledn\u00fd n\u00e1stroj, kter\u00fd umo\u017e\u0148uje p\u0159esn\u011b ur\u010dit dny v t\u00fddnu pro jak\u00e9koli datum tohoto roku. Je u\u017eite\u010dn\u00fd pro osobn\u00ed vzpom\u00ednky, genealogick\u00e9 b\u00e1d\u00e1n\u00ed i historick\u00e9 anal\u00fdzy. A\u0165 u\u017e chcete zjistit, kdy jste slavili narozeniny, nebo pot\u0159ebujete doplnit informace do rodinn\u00e9 kroniky, kalend\u00e1\u0159 z roku 1990 poskytne spolehliv\u00fd a jasn\u00fd p\u0159ehled.<\/p>\n","protected":false},"excerpt":{"rendered":"<p>Kalend\u00e1\u0159 pro rok 1990 nab\u00edz\u00ed nejen praktick\u00fd zp\u016fsob, jak zp\u011btn\u011b zjistit konkr\u00e9tn\u00ed dny v t\u00fddnu, ale tak\u00e9 umo\u017e\u0148uje nahl\u00e9dnout do ka\u017edodennosti tehdej\u0161\u00ed doby. D\u00edky p\u0159esn\u00e9mu rozpisu m\u011bs\u00edc\u016f a dat lze snadno ur\u010dit, na kter\u00fd den p\u0159ipadlo narozen\u00ed, v\u00fdro\u010d\u00ed \u010di jin\u00e1 v\u00fdznamn\u00e1 ud\u00e1lost. Tento p\u0159ehled je u\u017eite\u010dn\u00fd pro osobn\u00ed vzpom\u00ednky, genealogii i historick\u00e9 b\u00e1d\u00e1n\u00ed. Struktura kalend\u00e1\u0159e [&hellip;]<\/p>\n","protected":false},"author":1,"featured_media":0,"comment_status":"open","ping_status":"closed","sticky":false,"template":"","format":"standard","meta":{"footnotes":""},"categories":[1],"tags":[],"class_list":["post-3252","post","type-post","status-publish","format-standard","hentry","category-vyrocni"],"_links":{"self":[{"href":"https:\/\/kalendare365.eu\/index.php?rest_route=\/wp\/v2\/posts\/3252","targetHints":{"allow":["GET"]}}],"collection":[{"href":"https:\/\/kalendare365.eu\/index.php?rest_route=\/wp\/v2\/posts"}],"about":[{"href":"https:\/\/kalendare365.eu\/index.php?rest_route=\/wp\/v2\/types\/post"}],"author":[{"embeddable":true,"href":"https:\/\/kalendare365.eu\/index.php?rest_route=\/wp\/v2\/users\/1"}],"replies":[{"embeddable":true,"href":"https:\/\/kalendare365.eu\/index.php?rest_route=%2Fwp%2Fv2%2Fcomments&post=3252"}],"version-history":[{"count":2,"href":"https:\/\/kalendare365.eu\/index.php?rest_route=\/wp\/v2\/posts\/3252\/revisions"}],"predecessor-version":[{"id":3656,"href":"https:\/\/kalendare365.eu\/index.php?rest_route=\/wp\/v2\/posts\/3252\/revisions\/3656"}],"wp:attachment":[{"href":"https:\/\/kalendare365.eu\/index.php?rest_route=%2Fwp%2Fv2%2Fmedia&parent=3252"}],"wp:term":[{"taxonomy":"category","embeddable":true,"href":"https:\/\/kalendare365.eu\/index.php?rest_route=%2Fwp%2Fv2%2Fcategories&post=3252"},{"taxonomy":"post_tag","embeddable":true,"href":"https:\/\/kalendare365.eu\/index.php?rest_route=%2Fwp%2Fv2%2Ftags&post=3252"}],"curies":[{"name":"wp","href":"https:\/\/api.w.org\/{rel}","templated":true}]}}