{"id":3257,"date":"2025-09-30T20:18:06","date_gmt":"2025-09-30T17:18:06","guid":{"rendered":"https:\/\/kalendare365.eu\/?p=3257"},"modified":"2026-05-03T19:07:09","modified_gmt":"2026-05-03T16:07:09","slug":"kalendar-1989","status":"publish","type":"post","link":"https:\/\/kalendare365.eu\/?p=3257","title":{"rendered":"Kalend\u00e1\u0159 1989"},"content":{"rendered":"\n<p class=\"wp-block-paragraph\">Rok 1989 pat\u0159\u00ed mezi v\u00fdznamn\u00e9 roky modern\u00edch d\u011bjin a z\u00e1rove\u0148 p\u0159edstavuje zaj\u00edmav\u00fd p\u0159\u00edklad b\u011b\u017en\u00e9ho nep\u0159estupn\u00e9ho roku. Za\u010d\u00ednal v ned\u011bli a m\u011bl 365 dn\u00ed, co\u017e ovlivnilo rozlo\u017een\u00ed m\u011bs\u00edc\u016f i posun za\u010d\u00e1tku n\u00e1sleduj\u00edc\u00edho roku. Kalend\u00e1\u0159 z roku 1989 je u\u017eite\u010dn\u00fd nejen pro historick\u00e9 a genealogick\u00e9 \u00fa\u010dely, ale tak\u00e9 pro zp\u011btn\u00e9 ur\u010dov\u00e1n\u00ed dn\u016f v t\u00fddnu u narozenin, v\u00fdro\u010d\u00ed \u010di jin\u00fdch ud\u00e1lost\u00ed.<\/p>\n\n\n\n<hr class=\"wp-block-separator has-alpha-channel-opacity\"\/>\n\n\n\n<h2 class=\"wp-block-heading\">Z\u00e1kladn\u00ed charakteristika roku 1989<\/h2>\n\n\n\n<p class=\"wp-block-paragraph\">Rok 1989 nebyl p\u0159estupn\u00fd, proto\u017ee nebyl d\u011bliteln\u00fd \u010dty\u0159mi. \u00danor m\u011bl tedy 28 dn\u00ed a cel\u00fd rok obsahoval 52 t\u00fddn\u016f a jeden den nav\u00edc. D\u00edky tomu se prvn\u00ed den roku 1990 posunul z ned\u011ble na pond\u011bl\u00ed.<\/p>\n\n\n\n<hr class=\"wp-block-separator has-alpha-channel-opacity\"\/>\n\n\n\n<h2 class=\"wp-block-heading\">Prvn\u00ed dny jednotliv\u00fdch m\u011bs\u00edc\u016f<\/h2>\n\n\n\n<p class=\"wp-block-paragraph\">Tento p\u0159ehled ukazuje, na jak\u00fd den v t\u00fddnu p\u0159ipadl prvn\u00ed den ka\u017ed\u00e9ho m\u011bs\u00edce roku 1989.<\/p>\n\n\n\n<ul class=\"wp-block-list\">\n<li>Leden \u2013 ned\u011ble<\/li>\n\n\n\n<li>\u00danor \u2013 st\u0159eda<\/li>\n\n\n\n<li>B\u0159ezen \u2013 st\u0159eda<\/li>\n\n\n\n<li>Duben \u2013 sobota<\/li>\n\n\n\n<li>Kv\u011bten \u2013 pond\u011bl\u00ed<\/li>\n\n\n\n<li>\u010cerven \u2013 \u010dtvrtek<\/li>\n\n\n\n<li>\u010cervenec \u2013 sobota<\/li>\n\n\n\n<li>Srpen \u2013 \u00fater\u00fd<\/li>\n\n\n\n<li>Z\u00e1\u0159\u00ed \u2013 p\u00e1tek<\/li>\n\n\n\n<li>\u0158\u00edjen \u2013 ned\u011ble<\/li>\n\n\n\n<li>Listopad \u2013 st\u0159eda<\/li>\n\n\n\n<li>Prosinec \u2013 p\u00e1tek<\/li>\n<\/ul>\n\n\n\n<hr class=\"wp-block-separator has-alpha-channel-opacity\"\/>\n\n\n\n<h2 class=\"wp-block-heading\">Jak ur\u010dit den v t\u00fddnu pro libovoln\u00e9 datum<\/h2>\n\n\n\n<h3 class=\"wp-block-heading\">Postup v\u00fdpo\u010dtu<\/h3>\n\n\n\n<ul class=\"wp-block-list\">\n<li>Vyhledejte m\u011bs\u00edc a zjist\u011bte, na jak\u00fd den p\u0159ipad\u00e1 jeho prvn\u00ed den.<\/li>\n\n\n\n<li>Spo\u010d\u00edtejte rozd\u00edl mezi prvn\u00edm dnem m\u011bs\u00edce a po\u017eadovan\u00fdm datem (ode\u010dt\u011bte 1).<\/li>\n\n\n\n<li>Tento rozd\u00edl vyd\u011blte sedmi a pou\u017eijte zbytek jako posun v t\u00fddnu.<\/li>\n\n\n\n<li>K prvn\u00edmu dni m\u011bs\u00edce p\u0159i\u010dt\u011bte posun a z\u00edsk\u00e1te den v t\u00fddnu.<\/li>\n<\/ul>\n\n\n\n<h3 class=\"wp-block-heading\">Praktick\u00e9 p\u0159\u00edklady<\/h3>\n\n\n\n<ul class=\"wp-block-list\">\n<li><ol start=\"15\"><li>\u010dervna 1989: \u010derven za\u010d\u00edn\u00e1 ve \u010dtvrtek, rozd\u00edl 14 dn\u00ed, posun 0 \u2192 \u010dtvrtek.<\/li><\/ol><ol start=\"3\"><li>z\u00e1\u0159\u00ed 1989: z\u00e1\u0159\u00ed za\u010d\u00edn\u00e1 v p\u00e1tek, rozd\u00edl 2 dny, posun 2 \u2192 ned\u011ble.<\/li><\/ol>\n<ol start=\"28\" class=\"wp-block-list\">\n<li>\u00fanora 1989: \u00fanor za\u010d\u00edn\u00e1 ve st\u0159edu, rozd\u00edl 27 dn\u00ed, posun 6 \u2192 \u00fater\u00fd.<\/li>\n<\/ol>\n<\/li>\n<\/ul>\n\n\n\n<hr class=\"wp-block-separator has-alpha-channel-opacity\"\/>\n\n\n\n<figure class=\"wp-block-image size-full\"><img loading=\"lazy\" decoding=\"async\" width=\"800\" height=\"566\" src=\"https:\/\/kalendare365.eu\/wp-content\/uploads\/2025\/09\/kalendar-1989.webp\" alt=\"\" class=\"wp-image-3258\" srcset=\"https:\/\/kalendare365.eu\/wp-content\/uploads\/2025\/09\/kalendar-1989.webp 800w, https:\/\/kalendare365.eu\/wp-content\/uploads\/2025\/09\/kalendar-1989-300x212.webp 300w, https:\/\/kalendare365.eu\/wp-content\/uploads\/2025\/09\/kalendar-1989-768x543.webp 768w\" sizes=\"auto, (max-width: 800px) 100vw, 800px\" \/><\/figure>\n\n\n\n<p class=\"has-text-align-center wp-block-paragraph\"><a href=\"https:\/\/kalendare365.eu\/wp-content\/uploads\/2025\/09\/kalendar-1989.pdf\" target=\"_blank\" rel=\"noreferrer noopener nofollow\">PDF<\/a> | <a href=\"https:\/\/kalendare365.eu\/wp-content\/uploads\/2025\/09\/kalendar-1989.docx\" target=\"_blank\" rel=\"noreferrer noopener nofollow\">WORD<\/a><\/p>\n\n\n\n<h2 class=\"wp-block-heading\">Z\u00e1v\u011br<\/h2>\n\n\n\n<p class=\"wp-block-paragraph\">Kalend\u00e1\u0159 roku 1989 nab\u00edz\u00ed p\u0159ehlednou strukturu, kter\u00e1 umo\u017e\u0148uje rychle ur\u010dit den v t\u00fddnu pro jak\u00e9koli datum. D\u00edky jednoduch\u00e9mu v\u00fdpo\u010dtu a znalosti prvn\u00edch dn\u00ed jednotliv\u00fdch m\u011bs\u00edc\u016f lze snadno ov\u011b\u0159it historick\u00e9 ud\u00e1losti, osobn\u00ed vzpom\u00ednky i genealogick\u00e9 \u00fadaje. Tento kalend\u00e1\u0159 tak z\u016fst\u00e1v\u00e1 praktick\u00fdm n\u00e1strojem i dnes.<\/p>\n","protected":false},"excerpt":{"rendered":"<p>Rok 1989 pat\u0159\u00ed mezi v\u00fdznamn\u00e9 roky modern\u00edch d\u011bjin a z\u00e1rove\u0148 p\u0159edstavuje zaj\u00edmav\u00fd p\u0159\u00edklad b\u011b\u017en\u00e9ho nep\u0159estupn\u00e9ho roku. Za\u010d\u00ednal v ned\u011bli a m\u011bl 365 dn\u00ed, co\u017e ovlivnilo rozlo\u017een\u00ed m\u011bs\u00edc\u016f i posun za\u010d\u00e1tku n\u00e1sleduj\u00edc\u00edho roku. Kalend\u00e1\u0159 z roku 1989 je u\u017eite\u010dn\u00fd nejen pro historick\u00e9 a genealogick\u00e9 \u00fa\u010dely, ale tak\u00e9 pro zp\u011btn\u00e9 ur\u010dov\u00e1n\u00ed dn\u016f v t\u00fddnu u narozenin, v\u00fdro\u010d\u00ed [&hellip;]<\/p>\n","protected":false},"author":1,"featured_media":0,"comment_status":"open","ping_status":"closed","sticky":false,"template":"","format":"standard","meta":{"footnotes":""},"categories":[1],"tags":[],"class_list":["post-3257","post","type-post","status-publish","format-standard","hentry","category-vyrocni"],"_links":{"self":[{"href":"https:\/\/kalendare365.eu\/index.php?rest_route=\/wp\/v2\/posts\/3257","targetHints":{"allow":["GET"]}}],"collection":[{"href":"https:\/\/kalendare365.eu\/index.php?rest_route=\/wp\/v2\/posts"}],"about":[{"href":"https:\/\/kalendare365.eu\/index.php?rest_route=\/wp\/v2\/types\/post"}],"author":[{"embeddable":true,"href":"https:\/\/kalendare365.eu\/index.php?rest_route=\/wp\/v2\/users\/1"}],"replies":[{"embeddable":true,"href":"https:\/\/kalendare365.eu\/index.php?rest_route=%2Fwp%2Fv2%2Fcomments&post=3257"}],"version-history":[{"count":2,"href":"https:\/\/kalendare365.eu\/index.php?rest_route=\/wp\/v2\/posts\/3257\/revisions"}],"predecessor-version":[{"id":3654,"href":"https:\/\/kalendare365.eu\/index.php?rest_route=\/wp\/v2\/posts\/3257\/revisions\/3654"}],"wp:attachment":[{"href":"https:\/\/kalendare365.eu\/index.php?rest_route=%2Fwp%2Fv2%2Fmedia&parent=3257"}],"wp:term":[{"taxonomy":"category","embeddable":true,"href":"https:\/\/kalendare365.eu\/index.php?rest_route=%2Fwp%2Fv2%2Fcategories&post=3257"},{"taxonomy":"post_tag","embeddable":true,"href":"https:\/\/kalendare365.eu\/index.php?rest_route=%2Fwp%2Fv2%2Ftags&post=3257"}],"curies":[{"name":"wp","href":"https:\/\/api.w.org\/{rel}","templated":true}]}}