{"id":3269,"date":"2025-10-16T07:09:09","date_gmt":"2025-10-16T04:09:09","guid":{"rendered":"https:\/\/kalendare365.eu\/?p=3269"},"modified":"2026-05-02T11:45:32","modified_gmt":"2026-05-02T08:45:32","slug":"kalendar-1987","status":"publish","type":"post","link":"https:\/\/kalendare365.eu\/?p=3269","title":{"rendered":"Kalend\u00e1\u0159 1987"},"content":{"rendered":"\n<p class=\"wp-block-paragraph\">Rok 1987 pat\u0159\u00ed mezi b\u011b\u017en\u00e9 roky 20. stolet\u00ed a z hlediska kalend\u00e1\u0159e i historie p\u0159edstavuje zaj\u00edmav\u00e9 obdob\u00ed. Za\u010d\u00ednal ve \u010dtvrtek a kon\u010dil rovn\u011b\u017e ve \u010dtvrtek, co\u017e mu dod\u00e1v\u00e1 specifickou strukturu. P\u0159esto\u017ee od n\u011bj uplynulo t\u00e9m\u011b\u0159 \u010dty\u0159icet let, kalend\u00e1\u0159 tohoto roku m\u00e1 st\u00e1le praktickou i historickou hodnotu \u2013 pom\u00e1h\u00e1 p\u0159i ur\u010dov\u00e1n\u00ed dn\u016f v t\u00fddnu, p\u0159i genealogick\u00e9m b\u00e1d\u00e1n\u00ed i p\u0159i o\u017eivov\u00e1n\u00ed osobn\u00edch vzpom\u00ednek.<\/p>\n\n\n\n<hr class=\"wp-block-separator has-alpha-channel-opacity\"\/>\n\n\n\n<h3 class=\"wp-block-heading\">Struktura roku 1987<\/h3>\n\n\n\n<p class=\"wp-block-paragraph\">Rok 1987 m\u011bl 365 dn\u00ed a nebyl p\u0159estupn\u00fd. Jeho z\u00e1kladn\u00ed charakteristiky zahrnuj\u00ed:<\/p>\n\n\n\n<ul class=\"wp-block-list\">\n<li>Za\u010d\u00e1tek roku p\u0159ipadl na \u010dtvrtek 1. ledna.<\/li>\n\n\n\n<li>\u00danor m\u011bl 28 dn\u00ed, proto\u017ee rok nebyl p\u0159estupn\u00fd.<\/li>\n\n\n\n<li>Celkov\u011b rok obsahoval 52 t\u00fddn\u016f a jeden den nav\u00edc.<\/li>\n\n\n\n<li>Posledn\u00ed den roku, 31. prosinec, p\u0159ipadl tak\u00e9 na \u010dtvrtek.<\/li>\n<\/ul>\n\n\n\n<p class=\"wp-block-paragraph\">Tato struktura umo\u017e\u0148uje snadno zp\u011btn\u011b dohledat, jak se jednotliv\u00e9 dny v t\u00fddnu v pr\u016fb\u011bhu roku posouvaly.<\/p>\n\n\n\n<hr class=\"wp-block-separator has-alpha-channel-opacity\"\/>\n\n\n\n<h3 class=\"wp-block-heading\">Jak zjistit den v t\u00fddnu pro konkr\u00e9tn\u00ed datum<\/h3>\n\n\n\n<p class=\"wp-block-paragraph\">Kalend\u00e1\u0159 z roku 1987 je u\u017eite\u010dn\u00fdm n\u00e1strojem pro zp\u011btn\u00e9 ur\u010dov\u00e1n\u00ed dn\u016f v t\u00fddnu. Postup je jednoduch\u00fd:<\/p>\n\n\n\n<ul class=\"wp-block-list\">\n<li>Vyhledejte v kalend\u00e1\u0159i p\u0159\u00edslu\u0161n\u00fd m\u011bs\u00edc a den.<\/li>\n\n\n\n<li>Pod\u00edvejte se, na jak\u00fd den v t\u00fddnu datum p\u0159ipadlo.<\/li>\n\n\n\n<li>Tento \u00fadaj lze vyu\u017e\u00edt nap\u0159\u00edklad pro zji\u0161t\u011bn\u00ed dne narozen\u00ed nebo pro pl\u00e1nov\u00e1n\u00ed v\u00fdro\u010d\u00ed.<\/li>\n<\/ul>\n\n\n\n<p class=\"wp-block-paragraph\">P\u0159\u00edklad: Datum 15. b\u0159ezna 1987 p\u0159ipadlo na ned\u011bli.<\/p>\n\n\n\n<hr class=\"wp-block-separator has-alpha-channel-opacity\"\/>\n\n\n\n<h3 class=\"wp-block-heading\">V\u00fdznam kalend\u00e1\u0159e pro genealogii a osobn\u00ed historii<\/h3>\n\n\n\n<p class=\"wp-block-paragraph\">Star\u0161\u00ed kalend\u00e1\u0159e jsou cenn\u00fdm zdrojem informac\u00ed p\u0159i sestavov\u00e1n\u00ed rodokmen\u016f nebo p\u0159i mapov\u00e1n\u00ed rodinn\u00fdch ud\u00e1lost\u00ed. Umo\u017e\u0148uj\u00ed p\u0159esn\u011b ur\u010dit, zda se konkr\u00e9tn\u00ed ud\u00e1lost odehr\u00e1la o v\u00edkendu, ve v\u0161edn\u00ed den \u010di b\u011bhem sv\u00e1tku. D\u00edky tomu lze l\u00e9pe pochopit dobov\u00fd kontext, rytmus \u017eivota i souvislosti, kter\u00e9 by jinak mohly z\u016fstat skryt\u00e9.<\/p>\n\n\n\n<hr class=\"wp-block-separator has-alpha-channel-opacity\"\/>\n\n\n\n<h3 class=\"wp-block-heading\">Zaj\u00edmavosti a historick\u00e9 souvislosti roku 1987<\/h3>\n\n\n\n<p class=\"wp-block-paragraph\">Rok 1987 byl v\u00fdznamn\u00fd nejen z hlediska kalend\u00e1\u0159e, ale i ud\u00e1lost\u00ed, kter\u00e9 jej prov\u00e1zely:<\/p>\n\n\n\n<ul class=\"wp-block-list\">\n<li>OSN vyhl\u00e1sila rok 1987 Mezin\u00e1rodn\u00edm rokem bydlen\u00ed bez domova.<\/li>\n\n\n\n<li>V \u010ceskoslovensku \u0161lo o obdob\u00ed pozdn\u00ed normalizace, kdy se spole\u010dnost postupn\u011b bl\u00ed\u017eila k z\u00e1sadn\u00edm zm\u011bn\u00e1m konce 80. let.<\/li>\n\n\n\n<li>Vznikla \u0159ada kulturn\u00edch d\u011bl \u2013 hudebn\u00edch alb, film\u016f i knih \u2013, kter\u00e9 jsou dodnes pova\u017eov\u00e1ny za ikonick\u00e9.<\/li>\n<\/ul>\n\n\n\n<hr class=\"wp-block-separator has-alpha-channel-opacity\"\/>\n\n\n\n<figure class=\"wp-block-image size-full\"><img loading=\"lazy\" decoding=\"async\" width=\"800\" height=\"566\" src=\"https:\/\/kalendare365.eu\/wp-content\/uploads\/2025\/10\/kalendar-1987.webp\" alt=\"\" class=\"wp-image-3270\" srcset=\"https:\/\/kalendare365.eu\/wp-content\/uploads\/2025\/10\/kalendar-1987.webp 800w, https:\/\/kalendare365.eu\/wp-content\/uploads\/2025\/10\/kalendar-1987-300x212.webp 300w, https:\/\/kalendare365.eu\/wp-content\/uploads\/2025\/10\/kalendar-1987-768x543.webp 768w\" sizes=\"auto, (max-width: 800px) 100vw, 800px\" \/><\/figure>\n\n\n\n<p class=\"has-text-align-center wp-block-paragraph\"><a href=\"https:\/\/kalendare365.eu\/wp-content\/uploads\/2025\/10\/kalendar-1987.pdf\" target=\"_blank\" rel=\"noreferrer noopener nofollow\">PDF<\/a> | <a href=\"https:\/\/kalendare365.eu\/wp-content\/uploads\/2025\/10\/kalendar-1987.docx\" target=\"_blank\" rel=\"noreferrer noopener nofollow\">WORD<\/a><\/p>\n\n\n\n<h3 class=\"wp-block-heading\">Z\u00e1v\u011br<\/h3>\n\n\n\n<p class=\"wp-block-paragraph\">Kalend\u00e1\u0159 roku 1987 je nejen praktick\u00fdm pomocn\u00edkem p\u0159i ur\u010dov\u00e1n\u00ed dn\u016f v t\u00fddnu, ale tak\u00e9 cenn\u00fdm historick\u00fdm dokumentem. Umo\u017e\u0148uje propojit osobn\u00ed vzpom\u00ednky s konkr\u00e9tn\u00edmi daty, p\u0159in\u00e1\u0161\u00ed p\u0159esnost do genealogick\u00fdch v\u00fdzkum\u016f a otev\u00edr\u00e1 okno do ka\u017edodenn\u00edho \u017eivota p\u0159ed n\u011bkolika desetilet\u00edmi. D\u00edky tomu z\u016fst\u00e1v\u00e1 u\u017eite\u010dn\u00fd i dnes, a\u0165 u\u017e pro studium minulosti, nebo pro osobn\u00ed z\u00e1jem.<\/p>\n","protected":false},"excerpt":{"rendered":"<p>Rok 1987 pat\u0159\u00ed mezi b\u011b\u017en\u00e9 roky 20. stolet\u00ed a z hlediska kalend\u00e1\u0159e i historie p\u0159edstavuje zaj\u00edmav\u00e9 obdob\u00ed. Za\u010d\u00ednal ve \u010dtvrtek a kon\u010dil rovn\u011b\u017e ve \u010dtvrtek, co\u017e mu dod\u00e1v\u00e1 specifickou strukturu. P\u0159esto\u017ee od n\u011bj uplynulo t\u00e9m\u011b\u0159 \u010dty\u0159icet let, kalend\u00e1\u0159 tohoto roku m\u00e1 st\u00e1le praktickou i historickou hodnotu \u2013 pom\u00e1h\u00e1 p\u0159i ur\u010dov\u00e1n\u00ed dn\u016f v t\u00fddnu, p\u0159i genealogick\u00e9m [&hellip;]<\/p>\n","protected":false},"author":1,"featured_media":0,"comment_status":"open","ping_status":"closed","sticky":false,"template":"","format":"standard","meta":{"footnotes":""},"categories":[1],"tags":[],"class_list":["post-3269","post","type-post","status-publish","format-standard","hentry","category-vyrocni"],"_links":{"self":[{"href":"https:\/\/kalendare365.eu\/index.php?rest_route=\/wp\/v2\/posts\/3269","targetHints":{"allow":["GET"]}}],"collection":[{"href":"https:\/\/kalendare365.eu\/index.php?rest_route=\/wp\/v2\/posts"}],"about":[{"href":"https:\/\/kalendare365.eu\/index.php?rest_route=\/wp\/v2\/types\/post"}],"author":[{"embeddable":true,"href":"https:\/\/kalendare365.eu\/index.php?rest_route=\/wp\/v2\/users\/1"}],"replies":[{"embeddable":true,"href":"https:\/\/kalendare365.eu\/index.php?rest_route=%2Fwp%2Fv2%2Fcomments&post=3269"}],"version-history":[{"count":2,"href":"https:\/\/kalendare365.eu\/index.php?rest_route=\/wp\/v2\/posts\/3269\/revisions"}],"predecessor-version":[{"id":3640,"href":"https:\/\/kalendare365.eu\/index.php?rest_route=\/wp\/v2\/posts\/3269\/revisions\/3640"}],"wp:attachment":[{"href":"https:\/\/kalendare365.eu\/index.php?rest_route=%2Fwp%2Fv2%2Fmedia&parent=3269"}],"wp:term":[{"taxonomy":"category","embeddable":true,"href":"https:\/\/kalendare365.eu\/index.php?rest_route=%2Fwp%2Fv2%2Fcategories&post=3269"},{"taxonomy":"post_tag","embeddable":true,"href":"https:\/\/kalendare365.eu\/index.php?rest_route=%2Fwp%2Fv2%2Ftags&post=3269"}],"curies":[{"name":"wp","href":"https:\/\/api.w.org\/{rel}","templated":true}]}}