{"id":3274,"date":"2025-10-20T12:23:59","date_gmt":"2025-10-20T09:23:59","guid":{"rendered":"https:\/\/kalendare365.eu\/?p=3274"},"modified":"2026-05-02T11:00:22","modified_gmt":"2026-05-02T08:00:22","slug":"kalendar-1986","status":"publish","type":"post","link":"https:\/\/kalendare365.eu\/?p=3274","title":{"rendered":"Kalend\u00e1\u0159 1986"},"content":{"rendered":"\n<p class=\"wp-block-paragraph\">Rok 1986 byl sou\u010d\u00e1st\u00ed dynamick\u00e9ho a \u010dasto napjat\u00e9ho obdob\u00ed 20. stolet\u00ed. V \u010ceskoslovensku pokra\u010doval b\u011b\u017en\u00fd \u017eivot v r\u00e1mci tehdej\u0161\u00edho politick\u00e9ho syst\u00e9mu, zat\u00edmco sv\u011bt sledoval ud\u00e1losti, kter\u00e9 se zapsaly do d\u011bjin. Kalend\u00e1\u0159 tohoto roku dnes slou\u017e\u00ed nejen jako p\u0159ipom\u00ednka minulosti, ale tak\u00e9 jako praktick\u00fd n\u00e1stroj pro ur\u010dov\u00e1n\u00ed dn\u016f v t\u00fddnu \u010di dohled\u00e1v\u00e1n\u00ed osobn\u00edch i historick\u00fdch dat.<\/p>\n\n\n\n<hr class=\"wp-block-separator has-alpha-channel-opacity\"\/>\n\n\n\n<h3 class=\"wp-block-heading\">Jak pracovat s kalend\u00e1\u0159em roku 1986<\/h3>\n\n\n\n<p class=\"wp-block-paragraph\">Kalend\u00e1\u0159 umo\u017e\u0148uje snadno zjistit, na jak\u00fd den v t\u00fddnu p\u0159ipadlo konkr\u00e9tn\u00ed datum. To je u\u017eite\u010dn\u00e9 p\u0159i genealogick\u00fdch v\u00fdzkumech, p\u0159i sestavov\u00e1n\u00ed rodinn\u00fdch kronik i p\u0159i ov\u011b\u0159ov\u00e1n\u00ed historick\u00fdch ud\u00e1lost\u00ed.<br>Nap\u0159\u00edklad datum 15. \u010dervence 1986 p\u0159ipadlo na \u00fater\u00fd. Podobn\u00fdm zp\u016fsobem lze ov\u011b\u0159it jak\u00e9koli datum v r\u00e1mci cel\u00e9ho roku.<\/p>\n\n\n\n<hr class=\"wp-block-separator has-alpha-channel-opacity\"\/>\n\n\n\n<h3 class=\"wp-block-heading\">Rozlo\u017een\u00ed dn\u016f v t\u00fddnu<\/h3>\n\n\n\n<p class=\"wp-block-paragraph\">N\u011bkter\u00e9 v\u00fdznamn\u00e9 dny a m\u011bs\u00ed\u010dn\u00ed za\u010d\u00e1tky v roce 1986:<\/p>\n\n\n\n<ul class=\"wp-block-list\">\n<li>Leden za\u010d\u00ednal ve st\u0159edu.<\/li>\n\n\n\n<li>Sv\u00e1tek pr\u00e1ce 1. kv\u011btna p\u0159ipadl na \u010dtvrtek.<\/li>\n\n\n\n<li>Den vzniku samostatn\u00e9ho \u010ceskoslovenska 28. \u0159\u00edjna p\u0159ipadl na \u00fater\u00fd.<\/li>\n\n\n\n<li>\u0160t\u011bdr\u00fd den 24. prosince p\u0159ipadl na st\u0159edu.<\/li>\n\n\n\n<li>Silvestr 31. prosince rovn\u011b\u017e p\u0159ipadl na st\u0159edu.<\/li>\n<\/ul>\n\n\n\n<p class=\"wp-block-paragraph\">Tato data mohou b\u00fdt u\u017eite\u010dn\u00e1 p\u0159i zp\u011btn\u00e9m dohled\u00e1v\u00e1n\u00ed rodinn\u00fdch ud\u00e1lost\u00ed nebo p\u0159i rekonstrukci historick\u00fdch souvislost\u00ed.<\/p>\n\n\n\n<hr class=\"wp-block-separator has-alpha-channel-opacity\"\/>\n\n\n\n<h3 class=\"wp-block-heading\">M\u011bs\u00edce a jejich d\u00e9lka<\/h3>\n\n\n\n<p class=\"wp-block-paragraph\">Rok 1986 nebyl p\u0159estupn\u00fd, \u00fanor tedy m\u011bl 28 dn\u00ed. Ostatn\u00ed m\u011bs\u00edce m\u011bly tradi\u010dn\u00ed d\u00e9lku:<\/p>\n\n\n\n<p class=\"wp-block-paragraph\">Leden \u2013 31 dn\u00ed<br>\u00danor \u2013 28 dn\u00ed<br>B\u0159ezen \u2013 31 dn\u00ed<br>Duben \u2013 30 dn\u00ed<br>Kv\u011bten \u2013 31 dn\u00ed<br>\u010cerven \u2013 30 dn\u00ed<br>\u010cervenec \u2013 31 dn\u00ed<br>Srpen \u2013 31 dn\u00ed<br>Z\u00e1\u0159\u00ed \u2013 30 dn\u00ed<br>\u0158\u00edjen \u2013 31 dn\u00ed<br>Listopad \u2013 30 dn\u00ed<br>Prosinec \u2013 31 dn\u00ed<\/p>\n\n\n\n<hr class=\"wp-block-separator has-alpha-channel-opacity\"\/>\n\n\n\n<h3 class=\"wp-block-heading\">Historick\u00e9 ud\u00e1losti roku 1986<\/h3>\n\n\n\n<p class=\"wp-block-paragraph\">Kalend\u00e1\u0159 roku 1986 p\u0159ipom\u00edn\u00e1 n\u011bkolik z\u00e1sadn\u00edch ud\u00e1lost\u00ed, kter\u00e9 ovlivnily sv\u011bt i \u010ceskoslovensko:<\/p>\n\n\n\n<ul class=\"wp-block-list\">\n<li>V lednu do\u0161lo k tragick\u00e9 hav\u00e1rii americk\u00e9ho raketopl\u00e1nu Challenger.<\/li>\n\n\n\n<li>V dubnu sv\u011bt zas\u00e1hla jadern\u00e1 hav\u00e1rie v \u010cernobylu, kter\u00e1 m\u011bla dlouhodob\u00e9 n\u00e1sledky.<\/li>\n\n\n\n<li>V \u010ceskoslovensku prob\u00edhaly oslavy 40. v\u00fdro\u010d\u00ed konce druh\u00e9 sv\u011btov\u00e9 v\u00e1lky.<\/li>\n<\/ul>\n\n\n\n<p class=\"wp-block-paragraph\">Tyto ud\u00e1losti dod\u00e1vaj\u00ed roku 1986 v\u00fdrazn\u00fd historick\u00fd r\u00e1mec a \u010din\u00ed kalend\u00e1\u0159 tohoto obdob\u00ed je\u0161t\u011b zaj\u00edmav\u011bj\u0161\u00edm.<\/p>\n\n\n\n<hr class=\"wp-block-separator has-alpha-channel-opacity\"\/>\n\n\n\n<h3 class=\"wp-block-heading\">Pro\u010d je kalend\u00e1\u0159 z roku 1986 st\u00e1le u\u017eite\u010dn\u00fd<\/h3>\n\n\n\n<p class=\"wp-block-paragraph\">Kalend\u00e1\u0159 z\u016fst\u00e1v\u00e1 cenn\u00fdm zdrojem informac\u00ed i po desetilet\u00edch. Pom\u00e1h\u00e1 p\u0159i:<\/p>\n\n\n\n<ul class=\"wp-block-list\">\n<li>rodinn\u00fdch vzpom\u00ednk\u00e1ch,<\/li>\n\n\n\n<li>sestavov\u00e1n\u00ed rodokmen\u016f,<\/li>\n\n\n\n<li>historick\u00fdch studi\u00edch,<\/li>\n\n\n\n<li>ov\u011b\u0159ov\u00e1n\u00ed dn\u016f v t\u00fddnu u star\u0161\u00edch dokument\u016f \u010di fotografi\u00ed.<\/li>\n<\/ul>\n\n\n\n<p class=\"wp-block-paragraph\">Spr\u00e1vn\u00e9 ur\u010den\u00ed dne v t\u00fddnu dod\u00e1v\u00e1 osobn\u00edm i historick\u00fdm p\u0159\u00edb\u011bh\u016fm p\u0159esnost a kontext.<\/p>\n\n\n\n<hr class=\"wp-block-separator has-alpha-channel-opacity\"\/>\n\n\n\n<figure class=\"wp-block-image size-full\"><img loading=\"lazy\" decoding=\"async\" width=\"800\" height=\"566\" src=\"https:\/\/kalendare365.eu\/wp-content\/uploads\/2025\/10\/kalendar-1986.webp\" alt=\"\" class=\"wp-image-3275\" srcset=\"https:\/\/kalendare365.eu\/wp-content\/uploads\/2025\/10\/kalendar-1986.webp 800w, https:\/\/kalendare365.eu\/wp-content\/uploads\/2025\/10\/kalendar-1986-300x212.webp 300w, https:\/\/kalendare365.eu\/wp-content\/uploads\/2025\/10\/kalendar-1986-768x543.webp 768w\" sizes=\"auto, (max-width: 800px) 100vw, 800px\" \/><\/figure>\n\n\n\n<p class=\"has-text-align-center wp-block-paragraph\"><a href=\"https:\/\/kalendare365.eu\/wp-content\/uploads\/2025\/10\/kalendar-1986.pdf\" target=\"_blank\" rel=\"noreferrer noopener nofollow\">PDF<\/a> | <a href=\"https:\/\/kalendare365.eu\/wp-content\/uploads\/2025\/10\/kalendar-1986.docx\" target=\"_blank\" rel=\"noreferrer noopener nofollow\">WORD<\/a><\/p>\n\n\n\n<h3 class=\"wp-block-heading\">Z\u00e1v\u011br<\/h3>\n\n\n\n<p class=\"wp-block-paragraph\">Kalend\u00e1\u0159 roku 1986 nen\u00ed jen soupisem dn\u016f a m\u011bs\u00edc\u016f. Je to okno do minulosti, kter\u00e9 umo\u017e\u0148uje propojit osobn\u00ed \u017eivotn\u00ed ud\u00e1losti s \u0161ir\u0161\u00edmi d\u011bjinami. D\u00edky n\u011bmu lze l\u00e9pe pochopit rytmus jednoho konkr\u00e9tn\u00edho roku, p\u0159ipomenout si v\u00fdznamn\u00e9 okam\u017eiky a doplnit mozaiku osobn\u00edch i historick\u00fdch p\u0159\u00edb\u011bh\u016f.<\/p>\n","protected":false},"excerpt":{"rendered":"<p>Rok 1986 byl sou\u010d\u00e1st\u00ed dynamick\u00e9ho a \u010dasto napjat\u00e9ho obdob\u00ed 20. stolet\u00ed. V \u010ceskoslovensku pokra\u010doval b\u011b\u017en\u00fd \u017eivot v r\u00e1mci tehdej\u0161\u00edho politick\u00e9ho syst\u00e9mu, zat\u00edmco sv\u011bt sledoval ud\u00e1losti, kter\u00e9 se zapsaly do d\u011bjin. Kalend\u00e1\u0159 tohoto roku dnes slou\u017e\u00ed nejen jako p\u0159ipom\u00ednka minulosti, ale tak\u00e9 jako praktick\u00fd n\u00e1stroj pro ur\u010dov\u00e1n\u00ed dn\u016f v t\u00fddnu \u010di dohled\u00e1v\u00e1n\u00ed osobn\u00edch i historick\u00fdch dat. [&hellip;]<\/p>\n","protected":false},"author":1,"featured_media":0,"comment_status":"open","ping_status":"closed","sticky":false,"template":"","format":"standard","meta":{"footnotes":""},"categories":[1],"tags":[],"class_list":["post-3274","post","type-post","status-publish","format-standard","hentry","category-vyrocni"],"_links":{"self":[{"href":"https:\/\/kalendare365.eu\/index.php?rest_route=\/wp\/v2\/posts\/3274","targetHints":{"allow":["GET"]}}],"collection":[{"href":"https:\/\/kalendare365.eu\/index.php?rest_route=\/wp\/v2\/posts"}],"about":[{"href":"https:\/\/kalendare365.eu\/index.php?rest_route=\/wp\/v2\/types\/post"}],"author":[{"embeddable":true,"href":"https:\/\/kalendare365.eu\/index.php?rest_route=\/wp\/v2\/users\/1"}],"replies":[{"embeddable":true,"href":"https:\/\/kalendare365.eu\/index.php?rest_route=%2Fwp%2Fv2%2Fcomments&post=3274"}],"version-history":[{"count":2,"href":"https:\/\/kalendare365.eu\/index.php?rest_route=\/wp\/v2\/posts\/3274\/revisions"}],"predecessor-version":[{"id":3638,"href":"https:\/\/kalendare365.eu\/index.php?rest_route=\/wp\/v2\/posts\/3274\/revisions\/3638"}],"wp:attachment":[{"href":"https:\/\/kalendare365.eu\/index.php?rest_route=%2Fwp%2Fv2%2Fmedia&parent=3274"}],"wp:term":[{"taxonomy":"category","embeddable":true,"href":"https:\/\/kalendare365.eu\/index.php?rest_route=%2Fwp%2Fv2%2Fcategories&post=3274"},{"taxonomy":"post_tag","embeddable":true,"href":"https:\/\/kalendare365.eu\/index.php?rest_route=%2Fwp%2Fv2%2Ftags&post=3274"}],"curies":[{"name":"wp","href":"https:\/\/api.w.org\/{rel}","templated":true}]}}