{"id":3279,"date":"2025-10-24T08:34:17","date_gmt":"2025-10-24T05:34:17","guid":{"rendered":"https:\/\/kalendare365.eu\/?p=3279"},"modified":"2026-06-23T11:55:16","modified_gmt":"2026-06-23T08:55:16","slug":"kalendar-leden-2027","status":"publish","type":"post","link":"https:\/\/kalendare365.eu\/?p=3279","title":{"rendered":"Kalend\u00e1\u0159 leden 2027"},"content":{"rendered":"\n<p class=\"wp-block-paragraph\">Leden 2027 p\u0159edstavuje symbolick\u00fd i praktick\u00fd start nov\u00e9ho roku. Je to obdob\u00ed, kdy si mnoho lid\u00ed stanovuje nov\u00e9 c\u00edle, upravuje pracovn\u00ed n\u00e1vyky a hled\u00e1 zp\u016fsoby, jak l\u00e9pe organizovat ka\u017edodenn\u00ed povinnosti. P\u0159ehledn\u00fd kalend\u00e1\u0159 je v tomto obdob\u00ed neoceniteln\u00fdm pomocn\u00edkem. Umo\u017e\u0148uje sladit pracovn\u00ed \u00fakoly s osobn\u00edm \u017eivotem, pl\u00e1novat aktivity dop\u0159edu a udr\u017eet si jasn\u00fd p\u0159ehled o tom, co v\u00e1s \u010dek\u00e1. P\u0159ipravili jsme proto modern\u00ed \u0161ablony kalend\u00e1\u0159\u016f na leden 2027, kter\u00e9 si m\u016f\u017eete zdarma st\u00e1hnout, vytisknout a okam\u017eit\u011b za\u010d\u00edt pou\u017e\u00edvat.<\/p>\n\n\n\n<h2 class=\"wp-block-heading\">Form\u00e1ty kalend\u00e1\u0159\u016f pro leden 2027<\/h2>\n\n\n\n<h3 class=\"wp-block-heading\">PDF pro rychl\u00fd tisk<\/h3>\n\n\n\n<p class=\"wp-block-paragraph\">Form\u00e1t PDF je ide\u00e1ln\u00ed volbou pro u\u017eivatele, kte\u0159\u00ed cht\u011bj\u00ed kalend\u00e1\u0159 jednodu\u0161e otev\u0159\u00edt a vytisknout bez dal\u0161\u00edch \u00faprav. Struktura i rozlo\u017een\u00ed z\u016fst\u00e1vaj\u00ed v\u017edy stejn\u00e9, co\u017e zaru\u010duje \u010dist\u00fd a profesion\u00e1ln\u00ed vzhled.<\/p>\n\n\n\n<h3 class=\"wp-block-heading\">Word pro vlastn\u00ed \u00fapravy<\/h3>\n\n\n\n<p class=\"wp-block-paragraph\">Form\u00e1t Word ocen\u00ed ti, kte\u0159\u00ed pot\u0159ebuj\u00ed kalend\u00e1\u0159 p\u0159izp\u016fsobit sv\u00fdm pot\u0159eb\u00e1m. Lze do n\u011bj vlo\u017eit firemn\u00ed logo, barevn\u00e9 zv\u00fdrazn\u011bn\u00ed, osobn\u00ed pozn\u00e1mky nebo dal\u0161\u00ed grafick\u00e9 prvky. Je vhodn\u00fd pro dom\u00e1c\u00ed i firemn\u00ed pou\u017eit\u00ed.<\/p>\n\n\n\n<h2 class=\"wp-block-heading\">Rozvr\u017een\u00ed kalend\u00e1\u0159\u016f: horizont\u00e1ln\u00ed a vertik\u00e1ln\u00ed<\/h2>\n\n\n\n<h3 class=\"wp-block-heading\">Horizont\u00e1ln\u00ed rozvr\u017een\u00ed<\/h3>\n\n\n\n<p class=\"wp-block-paragraph\">Horizont\u00e1ln\u00ed kalend\u00e1\u0159 nab\u00edz\u00ed p\u0159ehledn\u00e9 uspo\u0159\u00e1d\u00e1n\u00ed dn\u016f v \u0159\u00e1dc\u00edch. Je praktick\u00fd pro pracovn\u00ed prost\u0159ed\u00ed, t\u00fdmov\u00e9 pl\u00e1nov\u00e1n\u00ed nebo n\u00e1st\u011bnky, kde je d\u016fle\u017eit\u00e1 rychl\u00e1 orientace a jasn\u00e1 struktura.<\/p>\n\n\n\n<h3 class=\"wp-block-heading\">Vertik\u00e1ln\u00ed rozvr\u017een\u00ed<\/h3>\n\n\n\n<p class=\"wp-block-paragraph\">Vertik\u00e1ln\u00ed varianta je vhodn\u00e1 pro osobn\u00ed pl\u00e1nov\u00e1n\u00ed. Dny jsou um\u00edst\u011bny pod sebou, co\u017e poskytuje v\u00edce prostoru pro pozn\u00e1mky, \u00fakoly a ka\u017edodenn\u00ed z\u00e1znamy.<\/p>\n\n\n\n<h2 class=\"wp-block-heading\">Kalend\u00e1\u0159e s velk\u00fdmi \u010d\u00edsly a m\u00edstem pro pozn\u00e1mky<\/h2>\n\n\n\n<h3 class=\"wp-block-heading\">Velk\u00e1 \u010d\u00edsla pro lep\u0161\u00ed \u010ditelnost<\/h3>\n\n\n\n<p class=\"wp-block-paragraph\">\u0160ablony s velk\u00fdmi \u010d\u00edsly jsou ide\u00e1ln\u00ed pro seniory, kancel\u00e1\u0159e nebo dom\u00e1cnosti, kde je kalend\u00e1\u0159 um\u00edst\u011bn na zdi a mus\u00ed b\u00fdt dob\u0159e \u010diteln\u00fd i z v\u011bt\u0161\u00ed vzd\u00e1lenosti.<\/p>\n\n\n\n<h3 class=\"wp-block-heading\">Prostor pro pozn\u00e1mky<\/h3>\n\n\n\n<p class=\"wp-block-paragraph\">Kalend\u00e1\u0159e s vyhrazen\u00fdm m\u00edstem pro pozn\u00e1mky jsou skv\u011blou volbou pro ty, kte\u0159\u00ed si r\u00e1di zapisuj\u00ed \u00fakoly, sch\u016fzky, narozeniny nebo osobn\u00ed c\u00edle. Nab\u00edzej\u00ed flexibilitu a podporuj\u00ed ka\u017edodenn\u00ed organizaci.<\/p>\n\n\n\n<h2 class=\"wp-block-heading\">V\u00fdhody pou\u017eit\u00ed \u0161ablon kalend\u00e1\u0159\u016f<\/h2>\n\n\n\n<ul class=\"wp-block-list\">\n<li>Snadn\u00e9 sta\u017een\u00ed a okam\u017eit\u00fd tisk<\/li>\n\n\n\n<li>Mo\u017enost \u00faprav ve Wordu<\/li>\n\n\n\n<li>R\u016fzn\u00e1 rozvr\u017een\u00ed podle individu\u00e1ln\u00edch pot\u0159eb<\/li>\n\n\n\n<li>Praktick\u00fd n\u00e1stroj pro pracovn\u00ed i osobn\u00ed pl\u00e1nov\u00e1n\u00ed<\/li>\n<\/ul>\n\n\n\n<h2 class=\"wp-block-heading\">Jak kalend\u00e1\u0159 vyu\u017e\u00edt v praxi<\/h2>\n\n\n\n<h3 class=\"wp-block-heading\">V pracovn\u00edm prost\u0159ed\u00ed<\/h3>\n\n\n\n<p class=\"wp-block-paragraph\">Kalend\u00e1\u0159 pom\u00e1h\u00e1 p\u0159i pl\u00e1nov\u00e1n\u00ed porad, projekt\u016f, sm\u011bn nebo term\u00edn\u016f odevzd\u00e1n\u00ed. Je vhodn\u00fd pro jednotlivce i t\u00fdmy.<\/p>\n\n\n\n<h3 class=\"wp-block-heading\">V dom\u00e1cnosti<\/h3>\n\n\n\n<p class=\"wp-block-paragraph\">Rodiny jej vyu\u017eij\u00ed pro pl\u00e1nov\u00e1n\u00ed aktivit, n\u00e1v\u0161t\u011bv l\u00e9ka\u0159e, \u0161koln\u00edch akc\u00ed nebo volno\u010dasov\u00fdch aktivit.<\/p>\n\n\n\n<h3 class=\"wp-block-heading\">Pro osobn\u00ed rozvoj<\/h3>\n\n\n\n<p class=\"wp-block-paragraph\">Kalend\u00e1\u0159 je skv\u011bl\u00fdm n\u00e1strojem pro sledov\u00e1n\u00ed sportovn\u00edch aktivit, \u010dten\u00e1\u0159sk\u00fdch pl\u00e1n\u016f, osobn\u00edch c\u00edl\u016f nebo n\u00e1vyk\u016f.<\/p>\n\n\n\n<h2 class=\"wp-block-heading has-text-align-center\">St\u00e1hn\u011bte si a vytiskn\u011bte si kalend\u00e1\u0159 na leden 2027 zdarma<\/h2>\n\n\n\n<div class=\"wp-block-group is-layout-grid wp-container-core-group-is-layout-7d05cc0d wp-block-group-is-layout-grid\">\n<div class=\"wp-block-group has-global-padding is-layout-constrained wp-block-group-is-layout-constrained\">\n<figure class=\"wp-block-image size-full\"><img loading=\"lazy\" decoding=\"async\" width=\"800\" height=\"566\" src=\"https:\/\/kalendare365.eu\/wp-content\/uploads\/2025\/10\/kalendar-leden-2027-s-velkymi-cisly.webp\" alt=\"\" class=\"wp-image-3280\" srcset=\"https:\/\/kalendare365.eu\/wp-content\/uploads\/2025\/10\/kalendar-leden-2027-s-velkymi-cisly.webp 800w, https:\/\/kalendare365.eu\/wp-content\/uploads\/2025\/10\/kalendar-leden-2027-s-velkymi-cisly-300x212.webp 300w, https:\/\/kalendare365.eu\/wp-content\/uploads\/2025\/10\/kalendar-leden-2027-s-velkymi-cisly-768x543.webp 768w\" sizes=\"auto, (max-width: 800px) 100vw, 800px\" \/><\/figure>\n\n\n\n<p class=\"has-text-align-center wp-block-paragraph\"><a href=\"https:\/\/kalendare365.eu\/wp-content\/uploads\/2025\/10\/kalendar-leden-2027-s-velkymi-cisly.pdf\" target=\"_blank\" rel=\"noreferrer noopener nofollow\">PDF<\/a> | <a href=\"https:\/\/kalendare365.eu\/wp-content\/uploads\/2025\/10\/kalendar-leden-2027-s-velkymi-cisly.docx\" target=\"_blank\" rel=\"noreferrer noopener nofollow\">WORD<\/a><\/p>\n<\/div>\n\n\n\n<div class=\"wp-block-group has-global-padding is-layout-constrained wp-block-group-is-layout-constrained\">\n<figure class=\"wp-block-image size-full\"><img loading=\"lazy\" decoding=\"async\" width=\"800\" height=\"566\" src=\"https:\/\/kalendare365.eu\/wp-content\/uploads\/2025\/10\/planovac-kalendare-leden-2027.webp\" alt=\"\" class=\"wp-image-3284\" srcset=\"https:\/\/kalendare365.eu\/wp-content\/uploads\/2025\/10\/planovac-kalendare-leden-2027.webp 800w, https:\/\/kalendare365.eu\/wp-content\/uploads\/2025\/10\/planovac-kalendare-leden-2027-300x212.webp 300w, https:\/\/kalendare365.eu\/wp-content\/uploads\/2025\/10\/planovac-kalendare-leden-2027-768x543.webp 768w\" sizes=\"auto, (max-width: 800px) 100vw, 800px\" \/><\/figure>\n\n\n\n<p class=\"has-text-align-center wp-block-paragraph\"><a href=\"https:\/\/kalendare365.eu\/wp-content\/uploads\/2025\/10\/planovac-kalendare-leden-2027.pdf\" target=\"_blank\" rel=\"noreferrer noopener nofollow\">PDF<\/a> | <a href=\"https:\/\/kalendare365.eu\/wp-content\/uploads\/2025\/10\/planovac-kalendare-leden-2027.docx\" target=\"_blank\" rel=\"noreferrer noopener nofollow\">WORD<\/a><\/p>\n<\/div>\n\n\n\n<div class=\"wp-block-group has-global-padding is-layout-constrained wp-block-group-is-layout-constrained\">\n<figure class=\"wp-block-image size-full\"><img loading=\"lazy\" decoding=\"async\" width=\"800\" height=\"566\" src=\"https:\/\/kalendare365.eu\/wp-content\/uploads\/2025\/10\/krasny-kalendar-leden-2027.webp\" alt=\"\" class=\"wp-image-3287\" srcset=\"https:\/\/kalendare365.eu\/wp-content\/uploads\/2025\/10\/krasny-kalendar-leden-2027.webp 800w, https:\/\/kalendare365.eu\/wp-content\/uploads\/2025\/10\/krasny-kalendar-leden-2027-300x212.webp 300w, https:\/\/kalendare365.eu\/wp-content\/uploads\/2025\/10\/krasny-kalendar-leden-2027-768x543.webp 768w\" sizes=\"auto, (max-width: 800px) 100vw, 800px\" \/><\/figure>\n\n\n\n<p class=\"has-text-align-center wp-block-paragraph\"><a href=\"https:\/\/kalendare365.eu\/wp-content\/uploads\/2025\/10\/krasny-kalendar-leden-2027.pdf\" target=\"_blank\" rel=\"noreferrer noopener nofollow\">PDF<\/a> | <a href=\"https:\/\/kalendare365.eu\/wp-content\/uploads\/2025\/10\/krasny-kalendar-leden-2027.docx\" target=\"_blank\" rel=\"noreferrer noopener nofollow\">WORD<\/a><\/p>\n<\/div>\n\n\n\n<div class=\"wp-block-group has-global-padding is-layout-constrained wp-block-group-is-layout-constrained\">\n<figure class=\"wp-block-image size-full\"><img loading=\"lazy\" decoding=\"async\" width=\"800\" height=\"566\" src=\"https:\/\/kalendare365.eu\/wp-content\/uploads\/2025\/10\/kalendar-leden-2027-s-predchozim-a-pristim-mesicem.webp\" alt=\"\" class=\"wp-image-3290\" srcset=\"https:\/\/kalendare365.eu\/wp-content\/uploads\/2025\/10\/kalendar-leden-2027-s-predchozim-a-pristim-mesicem.webp 800w, https:\/\/kalendare365.eu\/wp-content\/uploads\/2025\/10\/kalendar-leden-2027-s-predchozim-a-pristim-mesicem-300x212.webp 300w, https:\/\/kalendare365.eu\/wp-content\/uploads\/2025\/10\/kalendar-leden-2027-s-predchozim-a-pristim-mesicem-768x543.webp 768w\" sizes=\"auto, (max-width: 800px) 100vw, 800px\" \/><\/figure>\n\n\n\n<p class=\"has-text-align-center wp-block-paragraph\"><a href=\"https:\/\/kalendare365.eu\/wp-content\/uploads\/2025\/10\/kalendar-leden-2027-s-predchozim-a-pristim-mesicem.pdf\" target=\"_blank\" rel=\"noreferrer noopener nofollow\">PDF<\/a> | <a href=\"https:\/\/kalendare365.eu\/wp-content\/uploads\/2025\/10\/kalendar-leden-2027-s-predchozim-a-pristim-mesicem.docx\" target=\"_blank\" rel=\"noreferrer noopener nofollow\">WORD<\/a><\/p>\n<\/div>\n\n\n\n<div class=\"wp-block-group has-global-padding is-layout-constrained wp-block-group-is-layout-constrained\">\n<figure class=\"wp-block-image size-full\"><img loading=\"lazy\" decoding=\"async\" width=\"800\" height=\"566\" src=\"https:\/\/kalendare365.eu\/wp-content\/uploads\/2025\/10\/kalendar-leden-2027-s-poznamkami.webp\" alt=\"\" class=\"wp-image-3303\" srcset=\"https:\/\/kalendare365.eu\/wp-content\/uploads\/2025\/10\/kalendar-leden-2027-s-poznamkami.webp 800w, https:\/\/kalendare365.eu\/wp-content\/uploads\/2025\/10\/kalendar-leden-2027-s-poznamkami-300x212.webp 300w, https:\/\/kalendare365.eu\/wp-content\/uploads\/2025\/10\/kalendar-leden-2027-s-poznamkami-768x543.webp 768w\" sizes=\"auto, (max-width: 800px) 100vw, 800px\" \/><\/figure>\n\n\n\n<p class=\"has-text-align-center wp-block-paragraph\"><a href=\"https:\/\/kalendare365.eu\/wp-content\/uploads\/2025\/10\/kalendar-leden-2027-s-poznamkami.pdf\" target=\"_blank\" rel=\"noreferrer noopener nofollow\">PDF<\/a> | <a href=\"https:\/\/kalendare365.eu\/wp-content\/uploads\/2025\/10\/kalendar-leden-2027-s-poznamkami.docx\" target=\"_blank\" rel=\"noreferrer noopener nofollow\">WORD<\/a><\/p>\n<\/div>\n\n\n\n<div class=\"wp-block-group has-global-padding is-layout-constrained wp-block-group-is-layout-constrained\">\n<figure class=\"wp-block-image size-large\"><img loading=\"lazy\" decoding=\"async\" width=\"724\" height=\"1024\" src=\"https:\/\/kalendare365.eu\/wp-content\/uploads\/2025\/10\/vertikalni-planovac-kalendare-na-leden-2027-724x1024.webp\" alt=\"\" class=\"wp-image-3294\" srcset=\"https:\/\/kalendare365.eu\/wp-content\/uploads\/2025\/10\/vertikalni-planovac-kalendare-na-leden-2027-724x1024.webp 724w, https:\/\/kalendare365.eu\/wp-content\/uploads\/2025\/10\/vertikalni-planovac-kalendare-na-leden-2027-212x300.webp 212w, https:\/\/kalendare365.eu\/wp-content\/uploads\/2025\/10\/vertikalni-planovac-kalendare-na-leden-2027-768x1086.webp 768w, https:\/\/kalendare365.eu\/wp-content\/uploads\/2025\/10\/vertikalni-planovac-kalendare-na-leden-2027.webp 800w\" sizes=\"auto, (max-width: 724px) 100vw, 724px\" \/><\/figure>\n\n\n\n<p class=\"has-text-align-center wp-block-paragraph\"><a href=\"https:\/\/kalendare365.eu\/wp-content\/uploads\/2025\/10\/vertikalni-planovac-kalendare-na-leden-2027.pdf\" target=\"_blank\" rel=\"noreferrer noopener nofollow\">PDF<\/a> | <a href=\"https:\/\/kalendare365.eu\/wp-content\/uploads\/2025\/10\/vertikalni-planovac-kalendare-na-leden-2027.docx\" target=\"_blank\" rel=\"noreferrer noopener nofollow\">WORD<\/a><\/p>\n<\/div>\n\n\n\n<div class=\"wp-block-group has-global-padding is-layout-constrained wp-block-group-is-layout-constrained\">\n<figure class=\"wp-block-image size-large\"><img loading=\"lazy\" decoding=\"async\" width=\"724\" height=\"1024\" src=\"https:\/\/kalendare365.eu\/wp-content\/uploads\/2025\/10\/krasny-planovac-kalendare-leden-2027-724x1024.webp\" alt=\"\" class=\"wp-image-3297\" srcset=\"https:\/\/kalendare365.eu\/wp-content\/uploads\/2025\/10\/krasny-planovac-kalendare-leden-2027-724x1024.webp 724w, https:\/\/kalendare365.eu\/wp-content\/uploads\/2025\/10\/krasny-planovac-kalendare-leden-2027-212x300.webp 212w, https:\/\/kalendare365.eu\/wp-content\/uploads\/2025\/10\/krasny-planovac-kalendare-leden-2027-768x1086.webp 768w, https:\/\/kalendare365.eu\/wp-content\/uploads\/2025\/10\/krasny-planovac-kalendare-leden-2027.webp 800w\" sizes=\"auto, (max-width: 724px) 100vw, 724px\" \/><\/figure>\n\n\n\n<p class=\"has-text-align-center wp-block-paragraph\"><a href=\"https:\/\/kalendare365.eu\/wp-content\/uploads\/2025\/10\/krasny-planovac-kalendare-leden-2027.pdf\" target=\"_blank\" rel=\"noreferrer noopener nofollow\">PDF<\/a> | <a href=\"https:\/\/kalendare365.eu\/wp-content\/uploads\/2025\/10\/krasny-planovac-kalendare-leden-2027.docx\" target=\"_blank\" rel=\"noreferrer noopener nofollow\">WORD<\/a><\/p>\n<\/div>\n\n\n\n<div class=\"wp-block-group has-global-padding is-layout-constrained wp-block-group-is-layout-constrained\">\n<figure class=\"wp-block-image size-large\"><img loading=\"lazy\" decoding=\"async\" width=\"724\" height=\"1024\" src=\"https:\/\/kalendare365.eu\/wp-content\/uploads\/2025\/10\/fotokalendar-leden-2027-724x1024.webp\" alt=\"\" class=\"wp-image-3300\" srcset=\"https:\/\/kalendare365.eu\/wp-content\/uploads\/2025\/10\/fotokalendar-leden-2027-724x1024.webp 724w, https:\/\/kalendare365.eu\/wp-content\/uploads\/2025\/10\/fotokalendar-leden-2027-212x300.webp 212w, https:\/\/kalendare365.eu\/wp-content\/uploads\/2025\/10\/fotokalendar-leden-2027-768x1086.webp 768w, https:\/\/kalendare365.eu\/wp-content\/uploads\/2025\/10\/fotokalendar-leden-2027.webp 800w\" sizes=\"auto, (max-width: 724px) 100vw, 724px\" \/><\/figure>\n\n\n\n<p class=\"has-text-align-center wp-block-paragraph\"><a href=\"https:\/\/kalendare365.eu\/wp-content\/uploads\/2025\/10\/fotokalendar-leden-2027.pdf\" target=\"_blank\" rel=\"noreferrer noopener nofollow\">PDF<\/a> | <a href=\"https:\/\/kalendare365.eu\/wp-content\/uploads\/2025\/10\/fotokalendar-leden-2027.docx\" target=\"_blank\" rel=\"noreferrer noopener nofollow\">WORD<\/a><\/p>\n<\/div>\n<\/div>\n\n\n\n<h2 class=\"wp-block-heading\">Z\u00e1v\u011br<\/h2>\n\n\n\n<p class=\"wp-block-paragraph\">Kalend\u00e1\u0159 na leden 2027 je praktick\u00fdm pomocn\u00edkem, kter\u00fd v\u00e1m umo\u017en\u00ed za\u010d\u00edt nov\u00fd rok s jasn\u00fdm p\u0159ehledem a lep\u0161\u00ed organizac\u00ed. D\u00edky \u0161irok\u00e9 nab\u00eddce \u0161ablon v r\u016fzn\u00fdch form\u00e1tech a stylech si ka\u017ed\u00fd m\u016f\u017ee vybrat variantu, kter\u00e1 nejl\u00e9pe odpov\u00edd\u00e1 jeho pot\u0159eb\u00e1m. Sta\u010d\u00ed si vybrat, st\u00e1hnout a za\u010d\u00edt pl\u00e1novat s v\u011bt\u0161\u00ed lehkost\u00ed a p\u0159ehledem.<\/p>\n","protected":false},"excerpt":{"rendered":"<p>Leden 2027 p\u0159edstavuje symbolick\u00fd i praktick\u00fd start nov\u00e9ho roku. Je to obdob\u00ed, kdy si mnoho lid\u00ed stanovuje nov\u00e9 c\u00edle, upravuje pracovn\u00ed n\u00e1vyky a hled\u00e1 zp\u016fsoby, jak l\u00e9pe organizovat ka\u017edodenn\u00ed povinnosti. P\u0159ehledn\u00fd kalend\u00e1\u0159 je v tomto obdob\u00ed neoceniteln\u00fdm pomocn\u00edkem. Umo\u017e\u0148uje sladit pracovn\u00ed \u00fakoly s osobn\u00edm \u017eivotem, pl\u00e1novat aktivity dop\u0159edu a udr\u017eet si jasn\u00fd p\u0159ehled o tom, [&hellip;]<\/p>\n","protected":false},"author":1,"featured_media":0,"comment_status":"open","ping_status":"closed","sticky":false,"template":"","format":"standard","meta":{"footnotes":""},"categories":[5],"tags":[34],"class_list":["post-3279","post","type-post","status-publish","format-standard","hentry","category-leden","tag-34"],"_links":{"self":[{"href":"https:\/\/kalendare365.eu\/index.php?rest_route=\/wp\/v2\/posts\/3279","targetHints":{"allow":["GET"]}}],"collection":[{"href":"https:\/\/kalendare365.eu\/index.php?rest_route=\/wp\/v2\/posts"}],"about":[{"href":"https:\/\/kalendare365.eu\/index.php?rest_route=\/wp\/v2\/types\/post"}],"author":[{"embeddable":true,"href":"https:\/\/kalendare365.eu\/index.php?rest_route=\/wp\/v2\/users\/1"}],"replies":[{"embeddable":true,"href":"https:\/\/kalendare365.eu\/index.php?rest_route=%2Fwp%2Fv2%2Fcomments&post=3279"}],"version-history":[{"count":3,"href":"https:\/\/kalendare365.eu\/index.php?rest_route=\/wp\/v2\/posts\/3279\/revisions"}],"predecessor-version":[{"id":3732,"href":"https:\/\/kalendare365.eu\/index.php?rest_route=\/wp\/v2\/posts\/3279\/revisions\/3732"}],"wp:attachment":[{"href":"https:\/\/kalendare365.eu\/index.php?rest_route=%2Fwp%2Fv2%2Fmedia&parent=3279"}],"wp:term":[{"taxonomy":"category","embeddable":true,"href":"https:\/\/kalendare365.eu\/index.php?rest_route=%2Fwp%2Fv2%2Fcategories&post=3279"},{"taxonomy":"post_tag","embeddable":true,"href":"https:\/\/kalendare365.eu\/index.php?rest_route=%2Fwp%2Fv2%2Ftags&post=3279"}],"curies":[{"name":"wp","href":"https:\/\/api.w.org\/{rel}","templated":true}]}}