{"id":3309,"date":"2025-10-31T18:15:41","date_gmt":"2025-10-31T15:15:41","guid":{"rendered":"https:\/\/kalendare365.eu\/?p=3309"},"modified":"2026-05-02T10:57:59","modified_gmt":"2026-05-02T07:57:59","slug":"kalendar-1985","status":"publish","type":"post","link":"https:\/\/kalendare365.eu\/?p=3309","title":{"rendered":"Kalend\u00e1\u0159 1985"},"content":{"rendered":"\n<p class=\"wp-block-paragraph\">Rok 1985 pat\u0159\u00ed k obdob\u00edm, kter\u00e1 jsou dnes vn\u00edm\u00e1na jako sou\u010d\u00e1st ned\u00e1vn\u00e9, ale p\u0159esto u\u017e v\u00fdrazn\u011b odli\u0161n\u00e9 minulosti. V \u010ceskoslovensku pokra\u010dovala normalizace, sv\u011bt byl rozd\u011blen \u017eeleznou oponou a kulturn\u00ed i politick\u00e9 ud\u00e1losti se odehr\u00e1valy v kulis\u00e1ch studen\u00e9 v\u00e1lky. Kalend\u00e1\u0159 tohoto roku proto nen\u00ed jen praktick\u00fdm p\u0159ehledem dn\u016f, ale tak\u00e9 zaj\u00edmav\u00fdm historick\u00fdm dokumentem, kter\u00fd pom\u00e1h\u00e1 l\u00e9pe pochopit atmosf\u00e9ru tehdej\u0161\u00ed doby.<\/p>\n\n\n\n<hr class=\"wp-block-separator has-alpha-channel-opacity\"\/>\n\n\n\n<h2 class=\"wp-block-heading\">Jak byl kalend\u00e1\u0159 roku 1985 uspo\u0159\u00e1d\u00e1n<\/h2>\n\n\n\n<p class=\"wp-block-paragraph\">Rok 1985 byl b\u011b\u017en\u00fd, nep\u0159estupn\u00fd a m\u011bl 365 dn\u00ed. \u00danor m\u011bl tradi\u010dn\u00edch 28 dn\u00ed. Rok za\u010d\u00ednal v \u00fater\u00fd a tak\u00e9 v \u00fater\u00fd kon\u010dil, co\u017e je pom\u011brn\u011b vz\u00e1cn\u00e1 kombinace. Leden 1985 p\u0159ipadl na \u00fater\u00fd a stejn\u00fd den v t\u00fddnu otev\u00edral i prosinec.<\/p>\n\n\n\n<p class=\"wp-block-paragraph\">Tato struktura umo\u017e\u0148uje snadno dohledat, jak se jednotliv\u00e9 dny v t\u00fddnu v pr\u016fb\u011bhu roku opakovaly a jak byly rozlo\u017eeny sv\u00e1tky, pracovn\u00ed dny \u010di v\u00edkendy.<\/p>\n\n\n\n<hr class=\"wp-block-separator has-alpha-channel-opacity\"\/>\n\n\n\n<h2 class=\"wp-block-heading\">Jak pomoc\u00ed kalend\u00e1\u0159e zjistit den narozen\u00ed<\/h2>\n\n\n\n<p class=\"wp-block-paragraph\">Kalend\u00e1\u0159 z roku 1985 je dodnes praktick\u00fdm n\u00e1strojem, zejm\u00e9na pokud chcete zjistit, na jak\u00fd den v t\u00fddnu p\u0159ipadlo ur\u010dit\u00e9 datum. Sta\u010d\u00ed naj\u00edt p\u0159\u00edslu\u0161n\u00fd m\u011bs\u00edc a den a sledovat, jak se dny v t\u00fddnu v dan\u00e9m m\u011bs\u00edci \u0159ad\u00ed.<\/p>\n\n\n\n<p class=\"wp-block-paragraph\">Nap\u0159\u00edklad:<\/p>\n\n\n\n<ul class=\"wp-block-list\">\n<li><ol start=\"15\"><li>b\u0159ezen 1985 byl p\u00e1tek<\/li><\/ol><ol start=\"20\"><li>\u010dervenec 1985 byla sobota<\/li><\/ol>\n<ol class=\"wp-block-list\">\n<li>\u0159\u00edjen 1985 byl \u00fater\u00fd<\/li>\n<\/ol>\n<\/li>\n<\/ul>\n\n\n\n<p class=\"wp-block-paragraph\">Takov\u00e9 informace se hod\u00ed nejen ze zv\u011bdavosti, ale i p\u0159i tvorb\u011b rodinn\u00fdch kronik nebo p\u0159i dopl\u0148ov\u00e1n\u00ed osobn\u00edch p\u0159\u00edb\u011bh\u016f.<\/p>\n\n\n\n<hr class=\"wp-block-separator has-alpha-channel-opacity\"\/>\n\n\n\n<h2 class=\"wp-block-heading\">V\u00fdznam kalend\u00e1\u0159e pro rodinnou historii<\/h2>\n\n\n\n<p class=\"wp-block-paragraph\">Kalend\u00e1\u0159 z roku 1985 je cenn\u00fdm zdrojem pro genealogii i osobn\u00ed vzpom\u00ednky. Pokud n\u011bkdo v\u00ed, \u017ee se narodil nap\u0159\u00edklad 7. listopadu 1985, m\u016f\u017ee si snadno ov\u011b\u0159it, \u017ee tento den p\u0159ipadl na \u010dtvrtek. Podobn\u00e9 detaily dod\u00e1vaj\u00ed rodinn\u00fdm p\u0159\u00edb\u011bh\u016fm konkr\u00e9tnost a pom\u00e1haj\u00ed zasadit \u017eivotn\u00ed ud\u00e1losti do \u0161ir\u0161\u00edho \u010dasov\u00e9ho r\u00e1mce.<\/p>\n\n\n\n<hr class=\"wp-block-separator has-alpha-channel-opacity\"\/>\n\n\n\n<h2 class=\"wp-block-heading\">Rok 1985 a jeho kulturn\u00ed ud\u00e1losti<\/h2>\n\n\n\n<p class=\"wp-block-paragraph\">Kalend\u00e1\u0159 nen\u00ed jen seznam dn\u016f, ale tak\u00e9 p\u0159ipom\u00ednka toho, co se v dan\u00e9m roce odehr\u00e1valo. V roce 1985 prob\u011bhl legend\u00e1rn\u00ed charitativn\u00ed koncert Live Aid, v \u010ceskoslovensku vych\u00e1zely popul\u00e1rn\u00ed hudebn\u00ed nahr\u00e1vky a kina uv\u00e1d\u011bla filmy, kter\u00e9 se pozd\u011bji staly klasikou. D\u00edky kalend\u00e1\u0159i lze tyto ud\u00e1losti zasadit do konkr\u00e9tn\u00edch dat a l\u00e9pe si p\u0159edstavit jejich dobov\u00fd kontext.<\/p>\n\n\n\n<hr class=\"wp-block-separator has-alpha-channel-opacity\"\/>\n\n\n\n<figure class=\"wp-block-image size-full\"><img loading=\"lazy\" decoding=\"async\" width=\"800\" height=\"566\" src=\"https:\/\/kalendare365.eu\/wp-content\/uploads\/2025\/10\/kalendar-1985.webp\" alt=\"\" class=\"wp-image-3310\" srcset=\"https:\/\/kalendare365.eu\/wp-content\/uploads\/2025\/10\/kalendar-1985.webp 800w, https:\/\/kalendare365.eu\/wp-content\/uploads\/2025\/10\/kalendar-1985-300x212.webp 300w, https:\/\/kalendare365.eu\/wp-content\/uploads\/2025\/10\/kalendar-1985-768x543.webp 768w\" sizes=\"auto, (max-width: 800px) 100vw, 800px\" \/><\/figure>\n\n\n\n<p class=\"has-text-align-center wp-block-paragraph\"><a href=\"https:\/\/kalendare365.eu\/wp-content\/uploads\/2025\/10\/kalendar-1985.pdf\" target=\"_blank\" rel=\"noreferrer noopener nofollow\">PDF<\/a> | <a href=\"https:\/\/kalendare365.eu\/wp-content\/uploads\/2025\/10\/kalendar-1985.docx\" target=\"_blank\" rel=\"noreferrer noopener nofollow\">WORD<\/a><\/p>\n\n\n\n<h2 class=\"wp-block-heading\">Z\u00e1v\u011br<\/h2>\n\n\n\n<p class=\"wp-block-paragraph\">Kalend\u00e1\u0159 roku 1985 p\u0159edstavuje spojen\u00ed praktick\u00e9ho n\u00e1stroje a historick\u00e9ho dokumentu. Umo\u017e\u0148uje zjistit, jak plynuly dny, kdy se slavily sv\u00e1tky a na kter\u00e9 dny p\u0159ipadly d\u016fle\u017eit\u00e9 okam\u017eiky osobn\u00edho i ve\u0159ejn\u00e9ho \u017eivota. Je to jednoduch\u00fd, ale fascinuj\u00edc\u00ed zp\u016fsob, jak propojit vlastn\u00ed vzpom\u00ednky s ud\u00e1lostmi, kter\u00e9 formovaly jednu z v\u00fdrazn\u00fdch etap modern\u00edch d\u011bjin.<\/p>\n","protected":false},"excerpt":{"rendered":"<p>Rok 1985 pat\u0159\u00ed k obdob\u00edm, kter\u00e1 jsou dnes vn\u00edm\u00e1na jako sou\u010d\u00e1st ned\u00e1vn\u00e9, ale p\u0159esto u\u017e v\u00fdrazn\u011b odli\u0161n\u00e9 minulosti. V \u010ceskoslovensku pokra\u010dovala normalizace, sv\u011bt byl rozd\u011blen \u017eeleznou oponou a kulturn\u00ed i politick\u00e9 ud\u00e1losti se odehr\u00e1valy v kulis\u00e1ch studen\u00e9 v\u00e1lky. Kalend\u00e1\u0159 tohoto roku proto nen\u00ed jen praktick\u00fdm p\u0159ehledem dn\u016f, ale tak\u00e9 zaj\u00edmav\u00fdm historick\u00fdm dokumentem, kter\u00fd pom\u00e1h\u00e1 l\u00e9pe [&hellip;]<\/p>\n","protected":false},"author":1,"featured_media":0,"comment_status":"open","ping_status":"closed","sticky":false,"template":"","format":"standard","meta":{"footnotes":""},"categories":[1],"tags":[],"class_list":["post-3309","post","type-post","status-publish","format-standard","hentry","category-vyrocni"],"_links":{"self":[{"href":"https:\/\/kalendare365.eu\/index.php?rest_route=\/wp\/v2\/posts\/3309","targetHints":{"allow":["GET"]}}],"collection":[{"href":"https:\/\/kalendare365.eu\/index.php?rest_route=\/wp\/v2\/posts"}],"about":[{"href":"https:\/\/kalendare365.eu\/index.php?rest_route=\/wp\/v2\/types\/post"}],"author":[{"embeddable":true,"href":"https:\/\/kalendare365.eu\/index.php?rest_route=\/wp\/v2\/users\/1"}],"replies":[{"embeddable":true,"href":"https:\/\/kalendare365.eu\/index.php?rest_route=%2Fwp%2Fv2%2Fcomments&post=3309"}],"version-history":[{"count":2,"href":"https:\/\/kalendare365.eu\/index.php?rest_route=\/wp\/v2\/posts\/3309\/revisions"}],"predecessor-version":[{"id":3635,"href":"https:\/\/kalendare365.eu\/index.php?rest_route=\/wp\/v2\/posts\/3309\/revisions\/3635"}],"wp:attachment":[{"href":"https:\/\/kalendare365.eu\/index.php?rest_route=%2Fwp%2Fv2%2Fmedia&parent=3309"}],"wp:term":[{"taxonomy":"category","embeddable":true,"href":"https:\/\/kalendare365.eu\/index.php?rest_route=%2Fwp%2Fv2%2Fcategories&post=3309"},{"taxonomy":"post_tag","embeddable":true,"href":"https:\/\/kalendare365.eu\/index.php?rest_route=%2Fwp%2Fv2%2Ftags&post=3309"}],"curies":[{"name":"wp","href":"https:\/\/api.w.org\/{rel}","templated":true}]}}