{"id":3317,"date":"2025-11-09T11:41:31","date_gmt":"2025-11-09T08:41:31","guid":{"rendered":"https:\/\/kalendare365.eu\/?p=3317"},"modified":"2026-05-13T11:53:12","modified_gmt":"2026-05-13T08:53:12","slug":"kalendar-1984","status":"publish","type":"post","link":"https:\/\/kalendare365.eu\/?p=3317","title":{"rendered":"Kalend\u00e1\u0159 1984"},"content":{"rendered":"\n<p class=\"wp-block-paragraph\">Kalend\u00e1\u0159 na rok <strong>1984<\/strong> p\u0159edstavuje nejen cenn\u00fd historick\u00fd dokument, ale tak\u00e9 praktick\u00fd n\u00e1stroj, kter\u00fd lze vyu\u017e\u00edt i dnes. Umo\u017e\u0148uje zjistit, na kter\u00fd den v t\u00fddnu p\u0159ipadly v\u00fdznamn\u00e9 ud\u00e1losti, narozen\u00ed \u010di v\u00fdro\u010d\u00ed, a z\u00e1rove\u0148 pom\u00e1h\u00e1 porovnat posun sv\u00e1tk\u016f a dn\u016f v pr\u016fb\u011bhu let. Rok 1984 byl p\u0159estupn\u00fd, co\u017e znamen\u00e1, \u017ee m\u011bl <strong>366 dn\u00ed<\/strong> a \u00fanor obsahoval <strong>29 dn\u00ed<\/strong>.<\/p>\n\n\n\n<hr class=\"wp-block-separator has-alpha-channel-opacity\"\/>\n\n\n\n<h2 class=\"wp-block-heading\">Struktura roku 1984<\/h2>\n\n\n\n<ul class=\"wp-block-list\">\n<li>Rok za\u010dal <strong>v ned\u011bli 1. ledna<\/strong>.<\/li>\n\n\n\n<li>D\u00edky p\u0159estupn\u00e9mu \u00fanoru se posunul sled dn\u016f v t\u00fddnu oproti b\u011b\u017en\u00fdm rok\u016fm.<\/li>\n\n\n\n<li>Posledn\u00ed den roku, <strong>31. prosinec 1984<\/strong>, p\u0159ipadl na <strong>pond\u011bl\u00ed<\/strong>.<\/li>\n<\/ul>\n\n\n\n<hr class=\"wp-block-separator has-alpha-channel-opacity\"\/>\n\n\n\n<h2 class=\"wp-block-heading\">V\u00fdznam p\u0159estupn\u00e9ho roku<\/h2>\n\n\n\n<p class=\"wp-block-paragraph\">P\u0159estupn\u00e9 roky slou\u017e\u00ed k tomu, aby se kalend\u00e1\u0159 slad\u011bn\u00fd se Sluncem neodchyloval od skute\u010dn\u00e9 d\u00e9lky astronomick\u00e9ho roku. Rok 1984 byl jedn\u00edm z t\u011bchto rok\u016f, co\u017e ovlivnilo rozlo\u017een\u00ed dn\u016f v t\u00fddnu. Nap\u0159\u00edklad \u00fanorov\u00e9 narozeniny se v p\u0159estupn\u00e9m roce posouvaj\u00ed jinak ne\u017e v letech b\u011b\u017en\u00fdch.<\/p>\n\n\n\n<hr class=\"wp-block-separator has-alpha-channel-opacity\"\/>\n\n\n\n<h2 class=\"wp-block-heading\">Jak zjistit den narozen\u00ed v roce 1984<\/h2>\n\n\n\n<p class=\"wp-block-paragraph\">Pokud pot\u0159ebuje\u0161 ur\u010dit, na kter\u00fd den v t\u00fddnu p\u0159ipadlo konkr\u00e9tn\u00ed datum v roce 1984, sta\u010d\u00ed postupovat n\u00e1sledovn\u011b:<\/p>\n\n\n\n<ul class=\"wp-block-list\">\n<li>Najdi po\u017eadovan\u00e9 datum v kalend\u00e1\u0159i roku 1984.<\/li>\n\n\n\n<li>Pod\u00edvej se, jak\u00fd den v t\u00fddnu k tomuto datu n\u00e1le\u017eel.<\/li>\n\n\n\n<li>Porovnej s aktu\u00e1ln\u00edm rokem \u2013 nap\u0159\u00edklad <strong>15. \u010dervenec 1984<\/strong> p\u0159ipadl na <strong>ned\u011bli<\/strong>.<\/li>\n<\/ul>\n\n\n\n<hr class=\"wp-block-separator has-alpha-channel-opacity\"\/>\n\n\n\n<h2 class=\"wp-block-heading\">Praktick\u00e9 vyu\u017eit\u00ed kalend\u00e1\u0159e dnes<\/h2>\n\n\n\n<ul class=\"wp-block-list\">\n<li><strong>Genealogie<\/strong> \u2013 pom\u00e1h\u00e1 p\u0159i sestavov\u00e1n\u00ed rodokmen\u016f a ov\u011b\u0159ov\u00e1n\u00ed historick\u00fdch z\u00e1znam\u016f.<\/li>\n\n\n\n<li><strong>Historick\u00fd v\u00fdzkum<\/strong> \u2013 umo\u017e\u0148uje p\u0159esn\u011b ur\u010dit dny, kdy se odehr\u00e1ly dobov\u00e9 ud\u00e1losti.<\/li>\n\n\n\n<li><strong>Osobn\u00ed zaj\u00edmavosti<\/strong> \u2013 m\u016f\u017ee\u0161 zjistit, jak\u00fd den v t\u00fddnu p\u0159ipadalo tv\u00e9 vlastn\u00ed narozen\u00ed.<\/li>\n<\/ul>\n\n\n\n<hr class=\"wp-block-separator has-alpha-channel-opacity\"\/>\n\n\n\n<h2 class=\"wp-block-heading\">Zaj\u00edmavosti z roku 1984<\/h2>\n\n\n\n<ul class=\"wp-block-list\">\n<li>Rok 1984 byl v\u00fdznamn\u00fd nejen kalend\u00e1\u0159n\u011b, ale tak\u00e9 kulturn\u011b a politicky.<\/li>\n\n\n\n<li>V tehdej\u0161\u00edm \u010ceskoslovensku se slavil st\u00e1tn\u00ed sv\u00e1tek <strong>9. kv\u011btna \u2013 Den osvobozen\u00ed<\/strong>.<\/li>\n\n\n\n<li>Mezin\u00e1rodn\u00ed sv\u00e1tky, jako V\u00e1noce \u010di Nov\u00fd rok, p\u0159ipadly na <strong>pond\u011bl\u00ed<\/strong> a <strong>\u00fater\u00fd<\/strong>, co\u017e ovlivnilo pracovn\u00ed rytmus i d\u00e9lku voln\u00fdch dn\u016f.<\/li>\n<\/ul>\n\n\n\n<hr class=\"wp-block-separator has-alpha-channel-opacity\"\/>\n\n\n\n<figure class=\"wp-block-image size-full\"><img loading=\"lazy\" decoding=\"async\" width=\"800\" height=\"566\" src=\"https:\/\/kalendare365.eu\/wp-content\/uploads\/2025\/11\/kalendar-1984.webp\" alt=\"\" class=\"wp-image-3318\" srcset=\"https:\/\/kalendare365.eu\/wp-content\/uploads\/2025\/11\/kalendar-1984.webp 800w, https:\/\/kalendare365.eu\/wp-content\/uploads\/2025\/11\/kalendar-1984-300x212.webp 300w, https:\/\/kalendare365.eu\/wp-content\/uploads\/2025\/11\/kalendar-1984-768x543.webp 768w\" sizes=\"auto, (max-width: 800px) 100vw, 800px\" \/><\/figure>\n\n\n\n<p class=\"has-text-align-center wp-block-paragraph\"><a href=\"https:\/\/kalendare365.eu\/wp-content\/uploads\/2025\/11\/kalendar-1984.pdf\" target=\"_blank\" rel=\"noreferrer noopener nofollow\">PDF<\/a> | <a href=\"https:\/\/kalendare365.eu\/wp-content\/uploads\/2025\/11\/kalendar-1984.docx\" target=\"_blank\" rel=\"noreferrer noopener nofollow\">WORD<\/a><\/p>\n\n\n\n<h1 class=\"wp-block-heading\">Z\u00e1v\u011br<\/h1>\n\n\n\n<p class=\"wp-block-paragraph\">Kalend\u00e1\u0159 roku <strong>1984<\/strong> je u\u017eite\u010dn\u00fdm zdrojem informac\u00ed pro ka\u017ed\u00e9ho, kdo se zaj\u00edm\u00e1 o historii, \u010dasov\u00e9 souvislosti nebo osobn\u00ed vzpom\u00ednky. Umo\u017e\u0148uje p\u0159esn\u011b ur\u010dit dny v\u00fdznamn\u00fdch ud\u00e1lost\u00ed, porovnat posun sv\u00e1tk\u016f a l\u00e9pe pochopit rytmus tehdej\u0161\u00edho roku. P\u0159esto\u017ee od roku 1984 uplynulo mnoho let, jeho kalend\u00e1\u0159 z\u016fst\u00e1v\u00e1 praktick\u00fdm a inspirativn\u00edm n\u00e1strojem.<\/p>\n","protected":false},"excerpt":{"rendered":"<p>Kalend\u00e1\u0159 na rok 1984 p\u0159edstavuje nejen cenn\u00fd historick\u00fd dokument, ale tak\u00e9 praktick\u00fd n\u00e1stroj, kter\u00fd lze vyu\u017e\u00edt i dnes. Umo\u017e\u0148uje zjistit, na kter\u00fd den v t\u00fddnu p\u0159ipadly v\u00fdznamn\u00e9 ud\u00e1losti, narozen\u00ed \u010di v\u00fdro\u010d\u00ed, a z\u00e1rove\u0148 pom\u00e1h\u00e1 porovnat posun sv\u00e1tk\u016f a dn\u016f v pr\u016fb\u011bhu let. Rok 1984 byl p\u0159estupn\u00fd, co\u017e znamen\u00e1, \u017ee m\u011bl 366 dn\u00ed a \u00fanor obsahoval [&hellip;]<\/p>\n","protected":false},"author":1,"featured_media":0,"comment_status":"open","ping_status":"closed","sticky":false,"template":"","format":"standard","meta":{"footnotes":""},"categories":[1],"tags":[],"class_list":["post-3317","post","type-post","status-publish","format-standard","hentry","category-vyrocni"],"_links":{"self":[{"href":"https:\/\/kalendare365.eu\/index.php?rest_route=\/wp\/v2\/posts\/3317","targetHints":{"allow":["GET"]}}],"collection":[{"href":"https:\/\/kalendare365.eu\/index.php?rest_route=\/wp\/v2\/posts"}],"about":[{"href":"https:\/\/kalendare365.eu\/index.php?rest_route=\/wp\/v2\/types\/post"}],"author":[{"embeddable":true,"href":"https:\/\/kalendare365.eu\/index.php?rest_route=\/wp\/v2\/users\/1"}],"replies":[{"embeddable":true,"href":"https:\/\/kalendare365.eu\/index.php?rest_route=%2Fwp%2Fv2%2Fcomments&post=3317"}],"version-history":[{"count":2,"href":"https:\/\/kalendare365.eu\/index.php?rest_route=\/wp\/v2\/posts\/3317\/revisions"}],"predecessor-version":[{"id":3685,"href":"https:\/\/kalendare365.eu\/index.php?rest_route=\/wp\/v2\/posts\/3317\/revisions\/3685"}],"wp:attachment":[{"href":"https:\/\/kalendare365.eu\/index.php?rest_route=%2Fwp%2Fv2%2Fmedia&parent=3317"}],"wp:term":[{"taxonomy":"category","embeddable":true,"href":"https:\/\/kalendare365.eu\/index.php?rest_route=%2Fwp%2Fv2%2Fcategories&post=3317"},{"taxonomy":"post_tag","embeddable":true,"href":"https:\/\/kalendare365.eu\/index.php?rest_route=%2Fwp%2Fv2%2Ftags&post=3317"}],"curies":[{"name":"wp","href":"https:\/\/api.w.org\/{rel}","templated":true}]}}