{"id":3335,"date":"2025-11-21T12:37:28","date_gmt":"2025-11-21T09:37:28","guid":{"rendered":"https:\/\/kalendare365.eu\/?p=3335"},"modified":"2026-06-23T11:48:47","modified_gmt":"2026-06-23T08:48:47","slug":"kalendar-unor-2027","status":"publish","type":"post","link":"https:\/\/kalendare365.eu\/?p=3335","title":{"rendered":"Kalend\u00e1\u0159 \u00fanor 2027"},"content":{"rendered":"\n<p class=\"wp-block-paragraph\">Kalend\u00e1\u0159 na \u00fanor 2027 p\u0159edstavuje praktick\u00fd n\u00e1stroj, kter\u00fd pom\u00e1h\u00e1 udr\u017eet po\u0159\u00e1dek v osobn\u00edm i pracovn\u00edm \u017eivot\u011b. D\u00edky mo\u017enosti st\u00e1hnout si jej zdarma ve form\u00e1tu PDF nebo ve verzi pro Word z\u00edsk\u00e1te flexibiln\u00ed \u0159e\u0161en\u00ed pro pl\u00e1nov\u00e1n\u00ed sch\u016fzek, \u00fakol\u016f i dlouhodob\u00fdch projekt\u016f. A\u0165 u\u017e preferujete ti\u0161t\u011bnou podobu nebo digit\u00e1ln\u00ed \u00fapravy, kalend\u00e1\u0159 v\u00e1m poskytne jasnou strukturu a p\u0159ehled, kter\u00fd usnadn\u00ed ka\u017edodenn\u00ed organizaci.<\/p>\n\n\n\n<h2 class=\"wp-block-heading\">Design a estetika<\/h2>\n\n\n\n<p class=\"wp-block-paragraph\">Kalend\u00e1\u0159 na \u00fanor 2027 je vytvo\u0159en s d\u016frazem na \u010distotu a vizu\u00e1ln\u00ed harmonii. Minimalistick\u00e9 rozlo\u017een\u00ed, \u010diteln\u00e9 p\u00edsmo a p\u0159ehledn\u00e9 uspo\u0159\u00e1d\u00e1n\u00ed dn\u016f umo\u017e\u0148uj\u00ed rychlou orientaci i pohodln\u00e9 zapisov\u00e1n\u00ed pozn\u00e1mek. \u010cernob\u00edl\u00fd design p\u016fsob\u00ed profesion\u00e1ln\u011b a univerz\u00e1ln\u011b, tak\u017ee se hod\u00ed do kancel\u00e1\u0159e, dom\u00e1c\u00ed pracovny i osobn\u00edho di\u00e1\u0159e. Tento styl ocen\u00ed ka\u017ed\u00fd, kdo preferuje jednoduchost a funk\u010dnost.<\/p>\n\n\n\n<h2 class=\"wp-block-heading\">V\u00fdhody a praktick\u00e9 vyu\u017eit\u00ed<\/h2>\n\n\n\n<p class=\"wp-block-paragraph\">Pravideln\u00e9 pou\u017e\u00edv\u00e1n\u00ed kalend\u00e1\u0159e p\u0159in\u00e1\u0161\u00ed lep\u0161\u00ed kontrolu nad \u010dasem a pom\u00e1h\u00e1 p\u0159edch\u00e1zet zbyte\u010dn\u00e9mu stresu. Kalend\u00e1\u0159 na \u00fanor 2027 umo\u017e\u0148uje pl\u00e1novat pracovn\u00ed povinnosti, rodinn\u00e9 aktivity i volno\u010dasov\u00e9 projekty. D\u00edky p\u0159ehledn\u00e9mu m\u011bs\u00ed\u010dn\u00edmu rozlo\u017een\u00ed snadno slad\u00edte r\u016fzn\u00e9 \u00fakoly, stanov\u00edte priority a vyhnete se zapomenut\u00fdm term\u00edn\u016fm \u010di p\u0159ekr\u00fdvaj\u00edc\u00edm se sch\u016fzk\u00e1m. Kalend\u00e1\u0159 se tak st\u00e1v\u00e1 spolehliv\u00fdm pomocn\u00edkem pro efektivn\u00ed time management.<\/p>\n\n\n\n<h2 class=\"wp-block-heading\">Form\u00e1ty a mo\u017enosti \u00faprav<\/h2>\n\n\n\n<p class=\"wp-block-paragraph\">Kalend\u00e1\u0159 je dostupn\u00fd ve dvou variant\u00e1ch, kter\u00e9 vyhovuj\u00ed r\u016fzn\u00fdm zp\u016fsob\u016fm pr\u00e1ce.<br>PDF verze je ide\u00e1ln\u00ed pro rychl\u00fd tisk a zachov\u00e1n\u00ed profesion\u00e1ln\u00edho vzhledu.<br>Word verze nab\u00edz\u00ed mo\u017enost \u00faprav \u2013 m\u016f\u017eete m\u011bnit fonty, velikosti bun\u011bk, p\u0159id\u00e1vat vlastn\u00ed pozn\u00e1mky nebo doplnit grafick\u00e9 prvky. D\u00edky tomu si kalend\u00e1\u0159 snadno p\u0159izp\u016fsob\u00edte sv\u00fdm pot\u0159eb\u00e1m.<\/p>\n\n\n\n<h2 class=\"wp-block-heading\">V\u00fdb\u011br \u0161ablony<\/h2>\n\n\n\n<p class=\"wp-block-paragraph\">Na str\u00e1nk\u00e1ch najdete \u0161irokou nab\u00eddku \u0161ablon, kter\u00e9 se li\u0161\u00ed stylem i zp\u016fsobem vyu\u017eit\u00ed. Mezi dostupn\u00e9 varianty pat\u0159\u00ed:<\/p>\n\n\n\n<ul class=\"wp-block-list\">\n<li>Jednoduch\u00fd pl\u00e1nova\u010d pozn\u00e1mek \u2013 minimalistick\u00e1 \u0161ablona s prostorem pro rychl\u00e9 pozn\u00e1mky.<\/li>\n\n\n\n<li>Kalend\u00e1\u0159 s velk\u00fdmi \u010d\u00edsly \u2013 vhodn\u00fd pro ty, kte\u0159\u00ed preferuj\u00ed v\u00fdrazn\u00e9 datumy a maxim\u00e1ln\u00ed \u010ditelnost.<\/li>\n\n\n\n<li>Vertik\u00e1ln\u00ed kalend\u00e1\u0159 se sloupci \u2013 ide\u00e1ln\u00ed pro detailn\u00ed pl\u00e1nov\u00e1n\u00ed jednotliv\u00fdch dn\u016f.<\/li>\n\n\n\n<li>Kalend\u00e1\u0159 s p\u0159edchoz\u00edmi a n\u00e1sleduj\u00edc\u00edmi m\u011bs\u00edci \u2013 vhodn\u00fd pro dlouhodob\u00e9 pl\u00e1nov\u00e1n\u00ed.<\/li>\n\n\n\n<li>Barevn\u00fd kalend\u00e1\u0159 na pozn\u00e1mky \u2013 atraktivn\u00ed volba pro kreativn\u00ed u\u017eivatele.<\/li>\n\n\n\n<li>\u0160ablona s vlastn\u00edm obr\u00e1zkem \u2013 mo\u017enost personalizace pomoc\u00ed fotografie.<\/li>\n\n\n\n<li>Vertik\u00e1ln\u00ed stylov\u00fd kalend\u00e1\u0159 se vzorem \u2013 elegantn\u00ed \u0159e\u0161en\u00ed pro modern\u00ed pracovn\u00ed prost\u0159ed\u00ed.<\/li>\n\n\n\n<li>Horizont\u00e1ln\u00ed kalend\u00e1\u0159 s grafy \u2013 vhodn\u00fd pro sledov\u00e1n\u00ed statistik a osobn\u00edch c\u00edl\u016f.<\/li>\n<\/ul>\n\n\n\n<p class=\"wp-block-paragraph\">Tato rozmanitost umo\u017e\u0148uje vybrat si p\u0159esn\u011b takov\u00fd styl, kter\u00fd odpov\u00edd\u00e1 va\u0161im preferenc\u00edm i zp\u016fsobu pl\u00e1nov\u00e1n\u00ed.<\/p>\n\n\n\n<h2 class=\"wp-block-heading has-text-align-center\">St\u00e1hn\u011bte si a vytiskn\u011bte kalend\u00e1\u0159 \u00fanor 2027<\/h2>\n\n\n\n<div class=\"wp-block-group is-layout-grid wp-container-core-group-is-layout-7d05cc0d wp-block-group-is-layout-grid\">\n<div class=\"wp-block-group has-global-padding is-layout-constrained wp-block-group-is-layout-constrained\">\n<figure class=\"wp-block-image size-full\"><img loading=\"lazy\" decoding=\"async\" width=\"800\" height=\"566\" src=\"https:\/\/kalendare365.eu\/wp-content\/uploads\/2025\/11\/kalendar-unor-2027-s-velkymi-cisly.webp\" alt=\"\" class=\"wp-image-3340\" srcset=\"https:\/\/kalendare365.eu\/wp-content\/uploads\/2025\/11\/kalendar-unor-2027-s-velkymi-cisly.webp 800w, https:\/\/kalendare365.eu\/wp-content\/uploads\/2025\/11\/kalendar-unor-2027-s-velkymi-cisly-300x212.webp 300w, https:\/\/kalendare365.eu\/wp-content\/uploads\/2025\/11\/kalendar-unor-2027-s-velkymi-cisly-768x543.webp 768w\" sizes=\"auto, (max-width: 800px) 100vw, 800px\" \/><\/figure>\n\n\n\n<p class=\"has-text-align-center wp-block-paragraph\"><a href=\"https:\/\/kalendare365.eu\/wp-content\/uploads\/2025\/11\/kalendar-unor-2027-s-velkymi-cisly.pdf\" target=\"_blank\" rel=\"noreferrer noopener nofollow\">PDF<\/a> | <a href=\"https:\/\/kalendare365.eu\/wp-content\/uploads\/2025\/11\/kalendar-unor-2027-s-velkymi-cisly.docx\" target=\"_blank\" rel=\"noreferrer noopener nofollow\">WORD<\/a><\/p>\n<\/div>\n\n\n\n<div class=\"wp-block-group has-global-padding is-layout-constrained wp-block-group-is-layout-constrained\">\n<figure class=\"wp-block-image size-full\"><img loading=\"lazy\" decoding=\"async\" width=\"800\" height=\"566\" src=\"https:\/\/kalendare365.eu\/wp-content\/uploads\/2025\/11\/planovac-kalendare-unor-2027.webp\" alt=\"\" class=\"wp-image-3336\" srcset=\"https:\/\/kalendare365.eu\/wp-content\/uploads\/2025\/11\/planovac-kalendare-unor-2027.webp 800w, https:\/\/kalendare365.eu\/wp-content\/uploads\/2025\/11\/planovac-kalendare-unor-2027-300x212.webp 300w, https:\/\/kalendare365.eu\/wp-content\/uploads\/2025\/11\/planovac-kalendare-unor-2027-768x543.webp 768w\" sizes=\"auto, (max-width: 800px) 100vw, 800px\" \/><\/figure>\n\n\n\n<p class=\"has-text-align-center wp-block-paragraph\"><a href=\"https:\/\/kalendare365.eu\/wp-content\/uploads\/2025\/11\/planovac-kalendare-unor-2027.pdf\" target=\"_blank\" rel=\"noreferrer noopener nofollow\">PDF<\/a> | <a href=\"https:\/\/kalendare365.eu\/wp-content\/uploads\/2025\/11\/planovac-kalendare-unor-2027.docx\" target=\"_blank\" rel=\"noreferrer noopener nofollow\">WORD<\/a><\/p>\n<\/div>\n\n\n\n<div class=\"wp-block-group has-global-padding is-layout-constrained wp-block-group-is-layout-constrained\">\n<figure class=\"wp-block-image size-full\"><img loading=\"lazy\" decoding=\"async\" width=\"800\" height=\"566\" src=\"https:\/\/kalendare365.eu\/wp-content\/uploads\/2025\/11\/kalendar-unor-2027-s-predchozim-a-pristim-mesicem.webp\" alt=\"\" class=\"wp-image-3345\" srcset=\"https:\/\/kalendare365.eu\/wp-content\/uploads\/2025\/11\/kalendar-unor-2027-s-predchozim-a-pristim-mesicem.webp 800w, https:\/\/kalendare365.eu\/wp-content\/uploads\/2025\/11\/kalendar-unor-2027-s-predchozim-a-pristim-mesicem-300x212.webp 300w, https:\/\/kalendare365.eu\/wp-content\/uploads\/2025\/11\/kalendar-unor-2027-s-predchozim-a-pristim-mesicem-768x543.webp 768w\" sizes=\"auto, (max-width: 800px) 100vw, 800px\" \/><\/figure>\n\n\n\n<p class=\"has-text-align-center wp-block-paragraph\"><a href=\"https:\/\/kalendare365.eu\/wp-content\/uploads\/2025\/11\/kalendar-unor-2027-s-predchozim-a-pristim-mesicem.pdf\" target=\"_blank\" rel=\"noreferrer noopener nofollow\">PDF<\/a> | <a href=\"https:\/\/kalendare365.eu\/wp-content\/uploads\/2025\/11\/kalendar-unor-2027-s-predchozim-a-pristim-mesicem.docx\" target=\"_blank\" rel=\"noreferrer noopener nofollow\">WORD<\/a><\/p>\n<\/div>\n\n\n\n<div class=\"wp-block-group has-global-padding is-layout-constrained wp-block-group-is-layout-constrained\">\n<figure class=\"wp-block-image size-large\"><img loading=\"lazy\" decoding=\"async\" width=\"724\" height=\"1024\" src=\"https:\/\/kalendare365.eu\/wp-content\/uploads\/2025\/11\/vertikalni-planovac-kalendare-na-unor-2027-724x1024.webp\" alt=\"\" class=\"wp-image-3349\" srcset=\"https:\/\/kalendare365.eu\/wp-content\/uploads\/2025\/11\/vertikalni-planovac-kalendare-na-unor-2027-724x1024.webp 724w, https:\/\/kalendare365.eu\/wp-content\/uploads\/2025\/11\/vertikalni-planovac-kalendare-na-unor-2027-212x300.webp 212w, https:\/\/kalendare365.eu\/wp-content\/uploads\/2025\/11\/vertikalni-planovac-kalendare-na-unor-2027-768x1086.webp 768w, https:\/\/kalendare365.eu\/wp-content\/uploads\/2025\/11\/vertikalni-planovac-kalendare-na-unor-2027.webp 800w\" sizes=\"auto, (max-width: 724px) 100vw, 724px\" \/><\/figure>\n\n\n\n<p class=\"has-text-align-center wp-block-paragraph\"><a href=\"https:\/\/kalendare365.eu\/wp-content\/uploads\/2025\/11\/vertikalni-planovac-kalendare-na-unor-2027.pdf\" target=\"_blank\" rel=\"noreferrer noopener nofollow\">PDF<\/a> | <a href=\"https:\/\/kalendare365.eu\/wp-content\/uploads\/2025\/11\/vertikalni-planovac-kalendare-na-unor-2027.docx\" target=\"_blank\" rel=\"noreferrer noopener nofollow\">WORD<\/a><\/p>\n<\/div>\n\n\n\n<div class=\"wp-block-group has-global-padding is-layout-constrained wp-block-group-is-layout-constrained\">\n<figure class=\"wp-block-image size-large\"><img loading=\"lazy\" decoding=\"async\" width=\"724\" height=\"1024\" src=\"https:\/\/kalendare365.eu\/wp-content\/uploads\/2025\/11\/fotokalendar-unor-2027-724x1024.webp\" alt=\"\" class=\"wp-image-3353\" srcset=\"https:\/\/kalendare365.eu\/wp-content\/uploads\/2025\/11\/fotokalendar-unor-2027-724x1024.webp 724w, https:\/\/kalendare365.eu\/wp-content\/uploads\/2025\/11\/fotokalendar-unor-2027-212x300.webp 212w, https:\/\/kalendare365.eu\/wp-content\/uploads\/2025\/11\/fotokalendar-unor-2027-768x1086.webp 768w, https:\/\/kalendare365.eu\/wp-content\/uploads\/2025\/11\/fotokalendar-unor-2027.webp 800w\" sizes=\"auto, (max-width: 724px) 100vw, 724px\" \/><\/figure>\n\n\n\n<p class=\"has-text-align-center wp-block-paragraph\"><a href=\"https:\/\/kalendare365.eu\/wp-content\/uploads\/2025\/11\/fotokalendar-unor-2027.pdf\" target=\"_blank\" rel=\"noreferrer noopener nofollow\">PDF<\/a> | <a href=\"https:\/\/kalendare365.eu\/wp-content\/uploads\/2025\/11\/fotokalendar-unor-2027.docx\" target=\"_blank\" rel=\"noreferrer noopener nofollow\">WORD<\/a><\/p>\n<\/div>\n\n\n\n<div class=\"wp-block-group has-global-padding is-layout-constrained wp-block-group-is-layout-constrained\">\n<figure class=\"wp-block-image size-large\"><img loading=\"lazy\" decoding=\"async\" width=\"724\" height=\"1024\" src=\"https:\/\/kalendare365.eu\/wp-content\/uploads\/2025\/11\/krasny-planovac-kalendare-unor-2027-724x1024.webp\" alt=\"\" class=\"wp-image-3356\" srcset=\"https:\/\/kalendare365.eu\/wp-content\/uploads\/2025\/11\/krasny-planovac-kalendare-unor-2027-724x1024.webp 724w, https:\/\/kalendare365.eu\/wp-content\/uploads\/2025\/11\/krasny-planovac-kalendare-unor-2027-212x300.webp 212w, https:\/\/kalendare365.eu\/wp-content\/uploads\/2025\/11\/krasny-planovac-kalendare-unor-2027-768x1086.webp 768w, https:\/\/kalendare365.eu\/wp-content\/uploads\/2025\/11\/krasny-planovac-kalendare-unor-2027.webp 800w\" sizes=\"auto, (max-width: 724px) 100vw, 724px\" \/><\/figure>\n\n\n\n<p class=\"has-text-align-center wp-block-paragraph\"><a href=\"https:\/\/kalendare365.eu\/wp-content\/uploads\/2025\/11\/krasny-planovac-kalendare-unor-2027.pdf\" target=\"_blank\" rel=\"noreferrer noopener nofollow\">PDF<\/a> | <a href=\"https:\/\/kalendare365.eu\/wp-content\/uploads\/2025\/11\/krasny-planovac-kalendare-unor-2027.docx\" target=\"_blank\" rel=\"noreferrer noopener nofollow\">WORD<\/a><\/p>\n<\/div>\n\n\n\n<div class=\"wp-block-group has-global-padding is-layout-constrained wp-block-group-is-layout-constrained\">\n<figure class=\"wp-block-image size-full\"><img loading=\"lazy\" decoding=\"async\" width=\"800\" height=\"566\" src=\"https:\/\/kalendare365.eu\/wp-content\/uploads\/2025\/11\/krasny-kalendar-unor-2027.webp\" alt=\"\" class=\"wp-image-3359\" srcset=\"https:\/\/kalendare365.eu\/wp-content\/uploads\/2025\/11\/krasny-kalendar-unor-2027.webp 800w, https:\/\/kalendare365.eu\/wp-content\/uploads\/2025\/11\/krasny-kalendar-unor-2027-300x212.webp 300w, https:\/\/kalendare365.eu\/wp-content\/uploads\/2025\/11\/krasny-kalendar-unor-2027-768x543.webp 768w\" sizes=\"auto, (max-width: 800px) 100vw, 800px\" \/><\/figure>\n\n\n\n<p class=\"has-text-align-center wp-block-paragraph\"><a href=\"https:\/\/kalendare365.eu\/wp-content\/uploads\/2025\/11\/krasny-kalendar-unor-2027.pdf\" target=\"_blank\" rel=\"noreferrer noopener nofollow\">PDF<\/a> | <a href=\"https:\/\/kalendare365.eu\/wp-content\/uploads\/2025\/11\/krasny-kalendar-unor-2027.docx\" target=\"_blank\" rel=\"noreferrer noopener nofollow\">WORD<\/a><\/p>\n<\/div>\n\n\n\n<div class=\"wp-block-group has-global-padding is-layout-constrained wp-block-group-is-layout-constrained\">\n<figure class=\"wp-block-image size-full\"><img loading=\"lazy\" decoding=\"async\" width=\"800\" height=\"566\" src=\"https:\/\/kalendare365.eu\/wp-content\/uploads\/2025\/11\/kalendar-unor-2027-s-poznamkami.webp\" alt=\"\" class=\"wp-image-3362\" srcset=\"https:\/\/kalendare365.eu\/wp-content\/uploads\/2025\/11\/kalendar-unor-2027-s-poznamkami.webp 800w, https:\/\/kalendare365.eu\/wp-content\/uploads\/2025\/11\/kalendar-unor-2027-s-poznamkami-300x212.webp 300w, https:\/\/kalendare365.eu\/wp-content\/uploads\/2025\/11\/kalendar-unor-2027-s-poznamkami-768x543.webp 768w\" sizes=\"auto, (max-width: 800px) 100vw, 800px\" \/><\/figure>\n\n\n\n<p class=\"has-text-align-center wp-block-paragraph\"><a href=\"https:\/\/kalendare365.eu\/wp-content\/uploads\/2025\/11\/kalendar-unor-2027-s-poznamkami.pdf\" target=\"_blank\" rel=\"noreferrer noopener nofollow\">PDF<\/a> | <a href=\"https:\/\/kalendare365.eu\/wp-content\/uploads\/2025\/11\/kalendar-unor-2027-s-poznamkami.pdf\" target=\"_blank\" rel=\"noreferrer noopener nofollow\">WORD<\/a><\/p>\n<\/div>\n<\/div>\n\n\n\n<h2 class=\"wp-block-heading\">Z\u00e1v\u011br<\/h2>\n\n\n\n<p class=\"wp-block-paragraph\">Kalend\u00e1\u0159 na \u00fanor 2027 je u\u017eite\u010dn\u00fdm pomocn\u00edkem pro ka\u017ed\u00e9ho, kdo chce m\u00edt sv\u00e9 povinnosti pod kontrolou. Nab\u00edz\u00ed p\u0159ehledn\u00e9 rozlo\u017een\u00ed, profesion\u00e1ln\u00ed vzhled a mo\u017enost \u00faprav podle vlastn\u00edch pot\u0159eb. A\u0165 u\u017e zvol\u00edte PDF pro rychl\u00fd tisk nebo Word pro detailn\u00ed personalizaci, z\u00edsk\u00e1te n\u00e1stroj, kter\u00fd v\u00e1m pom\u016f\u017ee pl\u00e1novat efektivn\u011bji a s v\u011bt\u0161\u00ed jistotou. Sta\u010d\u00ed si vybrat \u0161ablonu, st\u00e1hnout ji a za\u010d\u00edt organizovat sv\u016fj \u010das s v\u011bt\u0161\u00ed lehkost\u00ed.<\/p>\n","protected":false},"excerpt":{"rendered":"<p>Kalend\u00e1\u0159 na \u00fanor 2027 p\u0159edstavuje praktick\u00fd n\u00e1stroj, kter\u00fd pom\u00e1h\u00e1 udr\u017eet po\u0159\u00e1dek v osobn\u00edm i pracovn\u00edm \u017eivot\u011b. D\u00edky mo\u017enosti st\u00e1hnout si jej zdarma ve form\u00e1tu PDF nebo ve verzi pro Word z\u00edsk\u00e1te flexibiln\u00ed \u0159e\u0161en\u00ed pro pl\u00e1nov\u00e1n\u00ed sch\u016fzek, \u00fakol\u016f i dlouhodob\u00fdch projekt\u016f. A\u0165 u\u017e preferujete ti\u0161t\u011bnou podobu nebo digit\u00e1ln\u00ed \u00fapravy, kalend\u00e1\u0159 v\u00e1m poskytne jasnou strukturu a p\u0159ehled, [&hellip;]<\/p>\n","protected":false},"author":1,"featured_media":0,"comment_status":"open","ping_status":"closed","sticky":false,"template":"","format":"standard","meta":{"footnotes":""},"categories":[6],"tags":[34],"class_list":["post-3335","post","type-post","status-publish","format-standard","hentry","category-unor","tag-34"],"_links":{"self":[{"href":"https:\/\/kalendare365.eu\/index.php?rest_route=\/wp\/v2\/posts\/3335","targetHints":{"allow":["GET"]}}],"collection":[{"href":"https:\/\/kalendare365.eu\/index.php?rest_route=\/wp\/v2\/posts"}],"about":[{"href":"https:\/\/kalendare365.eu\/index.php?rest_route=\/wp\/v2\/types\/post"}],"author":[{"embeddable":true,"href":"https:\/\/kalendare365.eu\/index.php?rest_route=\/wp\/v2\/users\/1"}],"replies":[{"embeddable":true,"href":"https:\/\/kalendare365.eu\/index.php?rest_route=%2Fwp%2Fv2%2Fcomments&post=3335"}],"version-history":[{"count":5,"href":"https:\/\/kalendare365.eu\/index.php?rest_route=\/wp\/v2\/posts\/3335\/revisions"}],"predecessor-version":[{"id":3731,"href":"https:\/\/kalendare365.eu\/index.php?rest_route=\/wp\/v2\/posts\/3335\/revisions\/3731"}],"wp:attachment":[{"href":"https:\/\/kalendare365.eu\/index.php?rest_route=%2Fwp%2Fv2%2Fmedia&parent=3335"}],"wp:term":[{"taxonomy":"category","embeddable":true,"href":"https:\/\/kalendare365.eu\/index.php?rest_route=%2Fwp%2Fv2%2Fcategories&post=3335"},{"taxonomy":"post_tag","embeddable":true,"href":"https:\/\/kalendare365.eu\/index.php?rest_route=%2Fwp%2Fv2%2Ftags&post=3335"}],"curies":[{"name":"wp","href":"https:\/\/api.w.org\/{rel}","templated":true}]}}