{"id":338,"date":"2023-10-01T10:33:58","date_gmt":"2023-10-01T07:33:58","guid":{"rendered":"https:\/\/kalendare365.eu\/?p=338"},"modified":"2026-03-04T14:36:50","modified_gmt":"2026-03-04T11:36:50","slug":"kalendar-2016","status":"publish","type":"post","link":"https:\/\/kalendare365.eu\/?p=338","title":{"rendered":"Kalend\u00e1\u0159 2016"},"content":{"rendered":"\n<p class=\"wp-block-paragraph\">Chcete se vr\u00e1tit v \u010dase a zjistit, na kter\u00fd den v t\u00fddnu p\u0159ipadl v\u00e1\u0161 prvn\u00ed den ve \u0161kole, nebo jak\u00fd den jste slavili sv\u00e9 18. narozeniny? N\u00e1\u0161 kalend\u00e1\u0159 za rok 2016 v\u00e1m s t\u00edm pom\u016f\u017ee! A\u0165 u\u017e jste zapomn\u011bli, jak\u00fd den v t\u00fddnu byl konkr\u00e9tn\u00ed den, nebo pl\u00e1nujete d\u016fle\u017eitou ud\u00e1lost, n\u00e1\u0161 kalend\u00e1\u0159 v\u00e1m poskytne v\u0161echny pot\u0159ebn\u00e9 informace.<\/p>\n\n\n\n<p class=\"wp-block-paragraph\"><strong>Pro\u010d vyu\u017e\u00edt n\u00e1\u0161 kalend\u00e1\u0159 2016?<\/strong><\/p>\n\n\n\n<ul class=\"wp-block-list\">\n<li><strong>Kompletn\u00ed p\u0159ehled cel\u00e9ho roku:<\/strong> Na jednom m\u00edst\u011b najdete v\u0161echny dny v roce 2016, v\u010detn\u011b st\u00e1tn\u00edch sv\u00e1tk\u016f.<\/li>\n\n\n\n<li><strong>Detailn\u00ed m\u011bs\u00ed\u010dn\u00ed kalend\u00e1\u0159e:<\/strong> Ka\u017ed\u00fd m\u011bs\u00edc m\u00e1 svou vlastn\u00ed str\u00e1nku, kde snadno vyhled\u00e1te konkr\u00e9tn\u00ed datum.<\/li>\n\n\n\n<li><strong>Flexibilita pou\u017eit\u00ed:<\/strong> Kalend\u00e1\u0159 si m\u016f\u017eete prohl\u00ed\u017eet p\u0159\u00edmo na obrazovce va\u0161eho po\u010d\u00edta\u010de nebo smartphonu, nebo si ho vytisknout ve form\u00e1tu A4.<\/li>\n\n\n\n<li><strong>Snadn\u00e9 ur\u010dov\u00e1n\u00ed dn\u016f v t\u00fddnu:<\/strong> D\u00edky p\u0159ehledn\u00e9mu uspo\u0159\u00e1d\u00e1n\u00ed kalend\u00e1\u0159e zjist\u00edte pouh\u00fdm pohledem, na kter\u00fd den v t\u00fddnu p\u0159ipad\u00e1 jak\u00e9koli datum.<\/li>\n<\/ul>\n\n\n\n<p class=\"wp-block-paragraph\"><strong>Jak vyu\u017e\u00edt kalend\u00e1\u0159 v praxi?<\/strong><\/p>\n\n\n\n<ul class=\"wp-block-list\">\n<li><strong>Vzpom\u00ednky na minulost:<\/strong> Zjist\u011bte, jak\u00fd den v t\u00fddnu jste se narodili, jak\u00fd den jste se vzali nebo jak\u00fd den jste maturovali.<\/li>\n\n\n\n<li><strong>Pl\u00e1nov\u00e1n\u00ed budoucnosti:<\/strong> N\u00e1\u0161 kalend\u00e1\u0159 v\u00e1m pom\u016f\u017ee napl\u00e1novat d\u016fle\u017eit\u00e9 ud\u00e1losti, jako jsou narozeniny, svatby nebo dovolen\u00e9.<\/li>\n\n\n\n<li><strong>V\u00fdpo\u010det v\u011bku:<\/strong> Zjist\u011bte, kolik let v\u00e1m bylo v roce 2016 nebo vypo\u010d\u00edtejte, kolik dn\u00ed uplynulo od ur\u010dit\u00e9 ud\u00e1losti.<\/li>\n<\/ul>\n\n\n\n<p class=\"wp-block-paragraph\"><strong>Pro\u010d je d\u016fle\u017eit\u00e9 m\u00edt po ruce kalend\u00e1\u0159?<\/strong><\/p>\n\n\n\n<p class=\"wp-block-paragraph\">Kalend\u00e1\u0159 je nejen praktick\u00fdm n\u00e1strojem pro organizaci \u010dasu, ale tak\u00e9 d\u016fle\u017eit\u00fdm historick\u00fdm dokumentem. D\u00edky n\u011bmu m\u016f\u017eeme snadno ur\u010dit, jak\u00e9 ud\u00e1losti se staly v minulosti a jak\u00e9 n\u00e1s \u010dekaj\u00ed v budoucnu.<\/p>\n\n\n\n<p class=\"wp-block-paragraph\"><strong>Z\u00e1v\u011br<\/strong><\/p>\n\n\n\n<p class=\"wp-block-paragraph\">N\u00e1\u0161 kalend\u00e1\u0159 2016 je va\u0161\u00edm \u010dasov\u00fdm strojem do minulosti. A\u0165 u\u017e jste nostalgik, kter\u00fd r\u00e1d vzpom\u00edn\u00e1 na star\u00e9 \u010dasy, nebo perfekcionista, kter\u00fd m\u00e1 r\u00e1d v\u0161e dokonale napl\u00e1novan\u00e9, u n\u00e1s najdete v\u0161e, co pot\u0159ebujete.<\/p>\n\n\n\n<center><a href=\"https:\/\/kalendare365.eu\/wp-content\/uploads\/2023\/10\/krasny-kalendar-2016.pdf\" target=\"_blank\" rel=\"noopener\"><img loading=\"lazy\" decoding=\"async\" class=\"size-full wp-image-183 aligncenter\" src=\"https:\/\/kalendare365.eu\/wp-content\/uploads\/2023\/10\/krasny-kalendar-2016.webp\" alt=\"\" width=\"500\" height=\"354\"><\/a><\/center>\n\n\n\n<h2 class=\"wp-block-heading has-text-align-center\">Kalend\u00e1\u0159 leden 2016<\/h2>\n\n\n\n<center><a href=\"https:\/\/kalendare365.eu\/wp-content\/uploads\/2023\/10\/kalendar-leden-2016.pdf\" target=\"_blank\" rel=\"noopener\"><img loading=\"lazy\" decoding=\"async\" class=\"size-full wp-image-188 aligncenter\" src=\"https:\/\/kalendare365.eu\/wp-content\/uploads\/2023\/10\/kalendar-leden-2016.webp\" alt=\"\" width=\"500\" height=\"354\"><\/a><\/center>\n\n\n\n<h2 class=\"wp-block-heading has-text-align-center\">Kalend\u00e1\u0159 \u00fanor 2016<\/h2>\n\n\n\n<center><a href=\"https:\/\/kalendare365.eu\/wp-content\/uploads\/2023\/10\/kalendar-unor-2016.pdf\" target=\"_blank\" rel=\"noopener\"><img loading=\"lazy\" decoding=\"async\" class=\"size-full wp-image-188 aligncenter\" src=\"https:\/\/kalendare365.eu\/wp-content\/uploads\/2023\/10\/kalendar-unor-2016.webp\" alt=\"\" width=\"500\" height=\"354\"><\/a><\/center>\n\n\n\n<h2 class=\"wp-block-heading has-text-align-center\">Kalend\u00e1\u0159 b\u0159ezen 2016<\/h2>\n\n\n\n<center><a href=\"https:\/\/kalendare365.eu\/wp-content\/uploads\/2023\/10\/kalendar-brezen-2016.pdf\" target=\"_blank\" rel=\"noopener\"><img loading=\"lazy\" decoding=\"async\" class=\"size-full wp-image-188 aligncenter\" src=\"https:\/\/kalendare365.eu\/wp-content\/uploads\/2023\/10\/kalendar-brezen-2016.webp\" alt=\"\" width=\"500\" height=\"354\"><\/a><\/center>\n\n\n\n<h2 class=\"wp-block-heading has-text-align-center\">Kalend\u00e1\u0159 duben 2016<\/h2>\n\n\n\n<center><a href=\"https:\/\/kalendare365.eu\/wp-content\/uploads\/2023\/10\/kalendar-duben-2016.pdf\" target=\"_blank\" rel=\"noopener\"><img loading=\"lazy\" decoding=\"async\" class=\"size-full wp-image-188 aligncenter\" src=\"https:\/\/kalendare365.eu\/wp-content\/uploads\/2023\/10\/kalendar-duben-2016.webp\" alt=\"\" width=\"500\" height=\"354\"><\/a><\/center>\n\n\n\n<h2 class=\"wp-block-heading has-text-align-center\">Kalend\u00e1\u0159 kv\u011bten 2016<\/h2>\n\n\n\n<center><a href=\"https:\/\/kalendare365.eu\/wp-content\/uploads\/2023\/10\/kalendar-kveten-2016.pdf\" target=\"_blank\" rel=\"noopener\"><img loading=\"lazy\" decoding=\"async\" class=\"size-full wp-image-188 aligncenter\" src=\"https:\/\/kalendare365.eu\/wp-content\/uploads\/2023\/10\/kalendar-kveten-2016.webp\" alt=\"\" width=\"500\" height=\"354\"><\/a><\/center>\n\n\n\n<h2 class=\"wp-block-heading has-text-align-center\">Kalend\u00e1\u0159 \u010derven 2016<\/h2>\n\n\n\n<center><a href=\"https:\/\/kalendare365.eu\/wp-content\/uploads\/2023\/10\/kalendar-cerven-2016.pdf\" target=\"_blank\" rel=\"noopener\"><img loading=\"lazy\" decoding=\"async\" class=\"size-full wp-image-188 aligncenter\" src=\"https:\/\/kalendare365.eu\/wp-content\/uploads\/2023\/10\/kalendar-cerven-2016.webp\" alt=\"\" width=\"500\" height=\"354\"><\/a><\/center>\n\n\n\n<h2 class=\"wp-block-heading has-text-align-center\">Kalend\u00e1\u0159 \u010dervenec 2016<\/h2>\n\n\n\n<center><a href=\"https:\/\/kalendare365.eu\/wp-content\/uploads\/2023\/10\/kalendar-cervenec-2016.pdf\" target=\"_blank\" rel=\"noopener\"><img loading=\"lazy\" decoding=\"async\" class=\"size-full wp-image-188 aligncenter\" src=\"https:\/\/kalendare365.eu\/wp-content\/uploads\/2023\/10\/kalendar-cervenec-2016.webp\" alt=\"\" width=\"500\" height=\"354\"><\/a><\/center>\n\n\n\n<h2 class=\"wp-block-heading has-text-align-center\">Kalend\u00e1\u0159 srpen 2016<\/h2>\n\n\n\n<center><a href=\"https:\/\/kalendare365.eu\/wp-content\/uploads\/2023\/10\/kalendar-srpen-2016.pdf\" target=\"_blank\" rel=\"noopener\"><img loading=\"lazy\" decoding=\"async\" class=\"size-full wp-image-188 aligncenter\" src=\"https:\/\/kalendare365.eu\/wp-content\/uploads\/2023\/10\/kalendar-srpen-2016.webp\" alt=\"\" width=\"500\" height=\"354\"><\/a><\/center>\n\n\n\n<h2 class=\"wp-block-heading has-text-align-center\">Kalend\u00e1\u0159 z\u00e1\u0159\u00ed 2016<\/h2>\n\n\n\n<center><a href=\"https:\/\/kalendare365.eu\/wp-content\/uploads\/2023\/10\/kalendar-zari-2016.pdf\" target=\"_blank\" rel=\"noopener\"><img loading=\"lazy\" decoding=\"async\" class=\"size-full wp-image-188 aligncenter\" src=\"https:\/\/kalendare365.eu\/wp-content\/uploads\/2023\/10\/kalendar-zari-2016.webp\" alt=\"\" width=\"500\" height=\"354\"><\/a><\/center>\n\n\n\n<h2 class=\"wp-block-heading has-text-align-center\">Kalend\u00e1\u0159 \u0159\u00edjen 2016<\/h2>\n\n\n\n<center><a href=\"https:\/\/kalendare365.eu\/wp-content\/uploads\/2023\/10\/kalendar-rijen-2016.pdf\" target=\"_blank\" rel=\"noopener\"><img loading=\"lazy\" decoding=\"async\" class=\"size-full wp-image-188 aligncenter\" src=\"https:\/\/kalendare365.eu\/wp-content\/uploads\/2023\/10\/kalendar-rijen-2016.webp\" alt=\"\" width=\"500\" height=\"354\"><\/a><\/center>\n\n\n\n<h2 class=\"wp-block-heading has-text-align-center\">Kalend\u00e1\u0159 listopad 2016<\/h2>\n\n\n\n<center><a href=\"https:\/\/kalendare365.eu\/wp-content\/uploads\/2023\/10\/kalendar-listopad-2016.pdf\" target=\"_blank\" rel=\"noopener\"><img loading=\"lazy\" decoding=\"async\" class=\"size-full wp-image-188 aligncenter\" src=\"https:\/\/kalendare365.eu\/wp-content\/uploads\/2023\/10\/kalendar-listopad-2016.webp\" alt=\"\" width=\"500\" height=\"354\"><\/a><\/center>\n\n\n\n<h2 class=\"wp-block-heading has-text-align-center\">Kalend\u00e1\u0159 prosinec 2016<\/h2>\n\n\n\n<center><a href=\"https:\/\/kalendare365.eu\/wp-content\/uploads\/2023\/10\/kalendar-prosinec-2016.pdf\" target=\"_blank\" rel=\"noopener\"><img loading=\"lazy\" decoding=\"async\" class=\"size-full wp-image-188 aligncenter\" src=\"https:\/\/kalendare365.eu\/wp-content\/uploads\/2023\/10\/kalendar-prosinec-2016.webp\" alt=\"\" width=\"500\" height=\"354\"><\/a><\/center>\n","protected":false},"excerpt":{"rendered":"<p>Chcete se vr\u00e1tit v \u010dase a zjistit, na kter\u00fd den v t\u00fddnu p\u0159ipadl v\u00e1\u0161 prvn\u00ed den ve \u0161kole, nebo jak\u00fd den jste slavili sv\u00e9 18. narozeniny? N\u00e1\u0161 kalend\u00e1\u0159 za rok 2016 v\u00e1m s t\u00edm pom\u016f\u017ee! A\u0165 u\u017e jste zapomn\u011bli, jak\u00fd den v t\u00fddnu byl konkr\u00e9tn\u00ed den, nebo pl\u00e1nujete d\u016fle\u017eitou ud\u00e1lost, n\u00e1\u0161 kalend\u00e1\u0159 v\u00e1m poskytne v\u0161echny [&hellip;]<\/p>\n","protected":false},"author":1,"featured_media":0,"comment_status":"open","ping_status":"closed","sticky":false,"template":"","format":"standard","meta":{"footnotes":""},"categories":[1],"tags":[23],"class_list":["post-338","post","type-post","status-publish","format-standard","hentry","category-vyrocni","tag-23"],"_links":{"self":[{"href":"https:\/\/kalendare365.eu\/index.php?rest_route=\/wp\/v2\/posts\/338","targetHints":{"allow":["GET"]}}],"collection":[{"href":"https:\/\/kalendare365.eu\/index.php?rest_route=\/wp\/v2\/posts"}],"about":[{"href":"https:\/\/kalendare365.eu\/index.php?rest_route=\/wp\/v2\/types\/post"}],"author":[{"embeddable":true,"href":"https:\/\/kalendare365.eu\/index.php?rest_route=\/wp\/v2\/users\/1"}],"replies":[{"embeddable":true,"href":"https:\/\/kalendare365.eu\/index.php?rest_route=%2Fwp%2Fv2%2Fcomments&post=338"}],"version-history":[{"count":2,"href":"https:\/\/kalendare365.eu\/index.php?rest_route=\/wp\/v2\/posts\/338\/revisions"}],"predecessor-version":[{"id":2236,"href":"https:\/\/kalendare365.eu\/index.php?rest_route=\/wp\/v2\/posts\/338\/revisions\/2236"}],"wp:attachment":[{"href":"https:\/\/kalendare365.eu\/index.php?rest_route=%2Fwp%2Fv2%2Fmedia&parent=338"}],"wp:term":[{"taxonomy":"category","embeddable":true,"href":"https:\/\/kalendare365.eu\/index.php?rest_route=%2Fwp%2Fv2%2Fcategories&post=338"},{"taxonomy":"post_tag","embeddable":true,"href":"https:\/\/kalendare365.eu\/index.php?rest_route=%2Fwp%2Fv2%2Ftags&post=338"}],"curies":[{"name":"wp","href":"https:\/\/api.w.org\/{rel}","templated":true}]}}