{"id":3390,"date":"2025-12-17T21:30:19","date_gmt":"2025-12-17T18:30:19","guid":{"rendered":"https:\/\/kalendare365.eu\/?p=3390"},"modified":"2026-06-23T11:45:09","modified_gmt":"2026-06-23T08:45:09","slug":"kalendar-1980","status":"publish","type":"post","link":"https:\/\/kalendare365.eu\/?p=3390","title":{"rendered":"Kalend\u00e1\u0159 1980"},"content":{"rendered":"\n<p class=\"wp-block-paragraph\">Rok 1980 p\u0159edstavuje zaj\u00edmav\u00e9 obdob\u00ed nejen z historick\u00e9ho hlediska, ale tak\u00e9 z pohledu kalend\u00e1\u0159n\u00edho syst\u00e9mu. Jako p\u0159estupn\u00fd rok m\u011bl 366 dn\u00ed a \u00fanor se prodlou\u017eil na 29 dn\u00ed. D\u00edky tomu se posunulo rozlo\u017een\u00ed dn\u016f v t\u00fddnu a cel\u00fd rok z\u00edskal specifickou strukturu. Kalend\u00e1\u0159 na rok 1980 dnes slou\u017e\u00ed jako u\u017eite\u010dn\u00fd n\u00e1stroj pro zp\u011btn\u00e9 dohled\u00e1n\u00ed dat, pl\u00e1nov\u00e1n\u00ed, studium i osobn\u00ed vzpom\u00ednky.<\/p>\n\n\n\n<hr class=\"wp-block-separator has-alpha-channel-opacity\"\/>\n\n\n\n<h2 class=\"wp-block-heading\">P\u0159ehled roku 1980<\/h2>\n\n\n\n<p class=\"wp-block-paragraph\">Rok 1980 za\u010dal v \u00fater\u00fd a d\u00edky p\u0159estupn\u00e9mu \u00fanoru m\u011bl o jeden den nav\u00edc. Tento dodate\u010dn\u00fd den pom\u00e1h\u00e1 udr\u017eovat kalend\u00e1\u0159 v souladu s astronomick\u00fdm rokem, tedy s dobou, za kterou Zem\u011b ob\u011bhne Slunce. P\u0159estupn\u00e9 roky se objevuj\u00ed pravideln\u011b ka\u017ed\u00e9 \u010dty\u0159i roky a rok 1980 byl jedn\u00edm z nich.<\/p>\n\n\n\n<hr class=\"wp-block-separator has-alpha-channel-opacity\"\/>\n\n\n\n<h2 class=\"wp-block-heading\">Jak kalend\u00e1\u0159 vyu\u017e\u00edt<\/h2>\n\n\n\n<p class=\"wp-block-paragraph\">Kalend\u00e1\u0159 na rok 1980 umo\u017e\u0148uje snadno zjistit, na jak\u00fd den v t\u00fddnu p\u0159ipadalo konkr\u00e9tn\u00ed datum. To se hod\u00ed v mnoha situac\u00edch, nap\u0159\u00edklad p\u0159i hled\u00e1n\u00ed dne narozen\u00ed, p\u0159i studiu historick\u00fdch ud\u00e1lost\u00ed nebo p\u0159i rekonstrukci rodinn\u00e9 historie.<\/p>\n\n\n\n<p class=\"wp-block-paragraph\">Kalend\u00e1\u0159 pom\u016f\u017ee nap\u0159\u00edklad tehdy, kdy\u017e chcete v\u011bd\u011bt:<br>\u2013 Kter\u00fd den p\u0159ipadal na narozen\u00ed bl\u00edzk\u00e9 osoby<br>\u2013 Jak\u00e9 dny doprov\u00e1zely v\u00fdznamn\u00e9 ud\u00e1losti roku 1980<br>\u2013 Kdy se slavily sv\u00e1tky a v\u00fdro\u010d\u00ed<\/p>\n\n\n\n<hr class=\"wp-block-separator has-alpha-channel-opacity\"\/>\n\n\n\n<h2 class=\"wp-block-heading\">P\u0159estupn\u00fd rok a jeho v\u00fdznam<\/h2>\n\n\n\n<p class=\"wp-block-paragraph\">P\u0159estupn\u00fd rok vyrovn\u00e1v\u00e1 rozd\u00edl mezi kalend\u00e1\u0159n\u00edm a astronomick\u00fdm rokem. Zem\u011b ob\u011bhne Slunce p\u0159ibli\u017en\u011b za 365,24 dne, a proto je nutn\u00e9 jednou za \u010dty\u0159i roky p\u0159idat jeden den nav\u00edc. V roce 1980 tak m\u011bl \u00fanor 29 dn\u00ed, co\u017e ovlivnilo rozlo\u017een\u00ed v\u0161ech n\u00e1sleduj\u00edc\u00edch dn\u016f v t\u00fddnu.<\/p>\n\n\n\n<hr class=\"wp-block-separator has-alpha-channel-opacity\"\/>\n\n\n\n<h2 class=\"wp-block-heading\">Dny v t\u00fddnu v roce 1980<\/h2>\n\n\n\n<p class=\"wp-block-paragraph\">N\u011bkter\u00e9 orienta\u010dn\u00ed p\u0159\u00edklady:<br>\u2013 Leden 1980 za\u010d\u00ednal \u00fater\u00fdm<br>\u2013 \u00danor 1980 za\u010d\u00ednal p\u00e1tkem<br>\u2013 Prosinec 1980 za\u010d\u00ednal pond\u011bl\u00edm<\/p>\n\n\n\n<p class=\"wp-block-paragraph\">D\u00edky kalend\u00e1\u0159i lze p\u0159esn\u011b ur\u010dit den v t\u00fddnu pro jak\u00e9koli datum v tomto roce.<\/p>\n\n\n\n<hr class=\"wp-block-separator has-alpha-channel-opacity\"\/>\n\n\n\n<h2 class=\"wp-block-heading\">Praktick\u00e9 vyu\u017eit\u00ed kalend\u00e1\u0159e 1980<\/h2>\n\n\n\n<p class=\"wp-block-paragraph\">Kalend\u00e1\u0159 na rok 1980 m\u00e1 \u0161irok\u00e9 vyu\u017eit\u00ed i dnes.<br>\u2013 Genealogie: p\u0159i p\u00e1tr\u00e1n\u00ed po rodinn\u00e9 historii<br>\u2013 Studium: p\u0159i anal\u00fdze historick\u00fdch ud\u00e1lost\u00ed<br>\u2013 Osobn\u00ed z\u00e1jem: p\u0159i hled\u00e1n\u00ed dne vlastn\u00edch narozenin nebo v\u00fdro\u010d\u00ed<\/p>\n\n\n\n<hr class=\"wp-block-separator has-alpha-channel-opacity\"\/>\n\n\n\n<h2 class=\"wp-block-heading\">Sta\u017een\u00ed a tisk kalend\u00e1\u0159e<\/h2>\n\n\n\n<p class=\"wp-block-paragraph\">Kalend\u00e1\u0159 na rok 1980 je dostupn\u00fd ke sta\u017een\u00ed ve form\u00e1tu PDF nebo Word. M\u016f\u017eete si jej vytisknout a pou\u017e\u00edvat jako praktickou pom\u016fcku nebo jako historick\u00fd dokument.<\/p>\n\n\n\n<hr class=\"wp-block-separator has-alpha-channel-opacity\"\/>\n\n\n\n<figure class=\"wp-block-image size-full\"><img loading=\"lazy\" decoding=\"async\" width=\"800\" height=\"566\" src=\"https:\/\/kalendare365.eu\/wp-content\/uploads\/2025\/12\/kalendar-1980-v-cestine.webp\" alt=\"\" class=\"wp-image-3391\" srcset=\"https:\/\/kalendare365.eu\/wp-content\/uploads\/2025\/12\/kalendar-1980-v-cestine.webp 800w, https:\/\/kalendare365.eu\/wp-content\/uploads\/2025\/12\/kalendar-1980-v-cestine-300x212.webp 300w, https:\/\/kalendare365.eu\/wp-content\/uploads\/2025\/12\/kalendar-1980-v-cestine-768x543.webp 768w\" sizes=\"auto, (max-width: 800px) 100vw, 800px\" \/><\/figure>\n\n\n\n<p class=\"has-text-align-center wp-block-paragraph\"><a href=\"https:\/\/kalendare365.eu\/wp-content\/uploads\/2025\/12\/kalendar-1980-v-cestine.pdf\" target=\"_blank\" rel=\"noreferrer noopener nofollow\">PDF<\/a> | <a href=\"https:\/\/kalendare365.eu\/wp-content\/uploads\/2025\/12\/kalendar-1980-v-cestine.docx\" target=\"_blank\" rel=\"noreferrer noopener nofollow\">WORD<\/a><\/p>\n\n\n\n<h2 class=\"wp-block-heading\">Z\u00e1v\u011br<\/h2>\n\n\n\n<p class=\"wp-block-paragraph\">Kalend\u00e1\u0159 na rok 1980 p\u0159edstavuje cenn\u00fd zdroj informac\u00ed o p\u0159estupn\u00e9m roce, jeho struktu\u0159e a rozlo\u017een\u00ed dn\u016f. Umo\u017e\u0148uje dohledat p\u0159esn\u00e1 data, p\u0159ipomenout si osobn\u00ed i historick\u00e9 ud\u00e1losti a nab\u00edz\u00ed u\u017eite\u010dn\u00fd pohled do minulosti. A\u0165 u\u017e jej vyu\u017eijete pro studium, genealogii nebo nostalgii, v\u017edy poskytne jasn\u00fd a p\u0159ehledn\u00fd obraz o tom, jak vypadal rok 1980.<\/p>\n","protected":false},"excerpt":{"rendered":"<p>Rok 1980 p\u0159edstavuje zaj\u00edmav\u00e9 obdob\u00ed nejen z historick\u00e9ho hlediska, ale tak\u00e9 z pohledu kalend\u00e1\u0159n\u00edho syst\u00e9mu. Jako p\u0159estupn\u00fd rok m\u011bl 366 dn\u00ed a \u00fanor se prodlou\u017eil na 29 dn\u00ed. D\u00edky tomu se posunulo rozlo\u017een\u00ed dn\u016f v t\u00fddnu a cel\u00fd rok z\u00edskal specifickou strukturu. Kalend\u00e1\u0159 na rok 1980 dnes slou\u017e\u00ed jako u\u017eite\u010dn\u00fd n\u00e1stroj pro zp\u011btn\u00e9 dohled\u00e1n\u00ed dat, [&hellip;]<\/p>\n","protected":false},"author":1,"featured_media":0,"comment_status":"open","ping_status":"closed","sticky":false,"template":"","format":"standard","meta":{"footnotes":""},"categories":[1],"tags":[],"class_list":["post-3390","post","type-post","status-publish","format-standard","hentry","category-vyrocni"],"_links":{"self":[{"href":"https:\/\/kalendare365.eu\/index.php?rest_route=\/wp\/v2\/posts\/3390","targetHints":{"allow":["GET"]}}],"collection":[{"href":"https:\/\/kalendare365.eu\/index.php?rest_route=\/wp\/v2\/posts"}],"about":[{"href":"https:\/\/kalendare365.eu\/index.php?rest_route=\/wp\/v2\/types\/post"}],"author":[{"embeddable":true,"href":"https:\/\/kalendare365.eu\/index.php?rest_route=\/wp\/v2\/users\/1"}],"replies":[{"embeddable":true,"href":"https:\/\/kalendare365.eu\/index.php?rest_route=%2Fwp%2Fv2%2Fcomments&post=3390"}],"version-history":[{"count":2,"href":"https:\/\/kalendare365.eu\/index.php?rest_route=\/wp\/v2\/posts\/3390\/revisions"}],"predecessor-version":[{"id":3729,"href":"https:\/\/kalendare365.eu\/index.php?rest_route=\/wp\/v2\/posts\/3390\/revisions\/3729"}],"wp:attachment":[{"href":"https:\/\/kalendare365.eu\/index.php?rest_route=%2Fwp%2Fv2%2Fmedia&parent=3390"}],"wp:term":[{"taxonomy":"category","embeddable":true,"href":"https:\/\/kalendare365.eu\/index.php?rest_route=%2Fwp%2Fv2%2Fcategories&post=3390"},{"taxonomy":"post_tag","embeddable":true,"href":"https:\/\/kalendare365.eu\/index.php?rest_route=%2Fwp%2Fv2%2Ftags&post=3390"}],"curies":[{"name":"wp","href":"https:\/\/api.w.org\/{rel}","templated":true}]}}