{"id":3436,"date":"2026-01-22T19:49:18","date_gmt":"2026-01-22T16:49:18","guid":{"rendered":"https:\/\/kalendare365.eu\/?p=3436"},"modified":"2026-04-01T21:08:16","modified_gmt":"2026-04-01T18:08:16","slug":"tabulka-tydne-2026","status":"publish","type":"post","link":"https:\/\/kalendare365.eu\/?p=3436","title":{"rendered":"Tabulka t\u00fddne 2026"},"content":{"rendered":"\n<p class=\"wp-block-paragraph\">Rok 2026 se bl\u00ed\u017e\u00ed a s n\u00edm i pot\u0159eba m\u00edt po ruce jasn\u00fd a praktick\u00fd p\u0159ehled t\u00fddn\u016f. A\u0165 u\u017e pl\u00e1nujete pracovn\u00ed projekty, \u0161koln\u00ed harmonogram, rodinn\u00e9 aktivity nebo dovolenou, dob\u0159e strukturovan\u00e1 tabulka t\u00fddn\u016f dok\u00e1\u017ee v\u00fdrazn\u011b usnadnit orientaci v cel\u00e9m roce. P\u0159ipravili jsme proto p\u0159ehledn\u00fd text, kter\u00fd vysv\u011btluje, jak tabulka funguje, k \u010demu ji m\u016f\u017eete vyu\u017e\u00edt a jak si ji snadno st\u00e1hnout \u010di vytisknout.<\/p>\n\n\n\n<hr class=\"wp-block-separator has-alpha-channel-opacity\"\/>\n\n\n\n<h2 class=\"wp-block-heading\"><strong>1. Co tabulka t\u00fddn\u016f 2026 obsahuje<\/strong><\/h2>\n\n\n\n<p class=\"wp-block-paragraph\">Tabulka zahrnuje v\u0161ech <strong>53 t\u00fddn\u016f roku 2026<\/strong> podle evropsk\u00e9ho standardu \u010d\u00edslov\u00e1n\u00ed. U ka\u017ed\u00e9ho t\u00fddne je uvedeno:<\/p>\n\n\n\n<ul class=\"wp-block-list\">\n<li>\u010d\u00edslo t\u00fddne,<\/li>\n\n\n\n<li>datum za\u010d\u00e1tku,<\/li>\n\n\n\n<li>datum konce.<\/li>\n<\/ul>\n\n\n\n<p class=\"wp-block-paragraph\">Rok 2026 za\u010d\u00edn\u00e1 <strong>ve \u010dtvrtek<\/strong>, tak\u017ee prvn\u00ed t\u00fdden je \u010d\u00e1ste\u010dn\u00fd a navazuje na z\u00e1v\u011br roku 2025. Tabulka tak poskytuje kompletn\u00ed p\u0159ehled od 1. a\u017e po 53. t\u00fdden.<\/p>\n\n\n\n<hr class=\"wp-block-separator has-alpha-channel-opacity\"\/>\n\n\n\n<h2 class=\"wp-block-heading\"><strong>2. Jak tabulku efektivn\u011b pou\u017e\u00edvat<\/strong><\/h2>\n\n\n\n<p class=\"wp-block-paragraph\">Tabulka je univerz\u00e1ln\u00edm pomocn\u00edkem pro r\u016fzn\u00e9 typy pl\u00e1nov\u00e1n\u00ed:<\/p>\n\n\n\n<ul class=\"wp-block-list\">\n<li><strong>T\u00fddenn\u00ed \u00fakoly a sch\u016fzky<\/strong> \u2013 rychle zjist\u00edte, do kter\u00e9ho t\u00fddne spadaj\u00ed va\u0161e aktivity.<\/li>\n\n\n\n<li><strong>Dovolen\u00e9 a sv\u00e1tky<\/strong> \u2013 snadno identifikujete t\u00fddny s voln\u00fdmi dny \u010di prodlou\u017een\u00fdmi v\u00edkendy.<\/li>\n\n\n\n<li><strong>\u0160koln\u00ed a pracovn\u00ed pl\u00e1nov\u00e1n\u00ed<\/strong> \u2013 vhodn\u00e1 pro studenty, u\u010ditele i projektov\u00e9 mana\u017eery.<\/li>\n\n\n\n<li><strong>Rodinn\u00e9 aktivity<\/strong> \u2013 pom\u016f\u017ee sladit program v\u0161ech \u010dlen\u016f dom\u00e1cnosti.<\/li>\n<\/ul>\n\n\n\n<hr class=\"wp-block-separator has-alpha-channel-opacity\"\/>\n\n\n\n<h2 class=\"wp-block-heading\"><strong>3. Tipy pro maxim\u00e1ln\u00ed vyu\u017eit\u00ed tabulky<\/strong><\/h2>\n\n\n\n<ul class=\"wp-block-list\">\n<li><strong>Zv\u00fdrazn\u011bte d\u016fle\u017eit\u00e9 t\u00fddny<\/strong> \u2013 barevn\u011b ozna\u010dte obdob\u00ed s term\u00edny, pr\u00e1zdninami \u010di kl\u00ed\u010dov\u00fdmi projekty.<\/li>\n\n\n\n<li><strong>Dopl\u0148ujte pozn\u00e1mky<\/strong> \u2013 do vyti\u0161t\u011bn\u00e9 tabulky lze snadno zapisovat \u00fakoly \u010di c\u00edle.<\/li>\n\n\n\n<li><strong>Um\u00edst\u011bte ji na viditeln\u00e9 m\u00edsto<\/strong> \u2013 n\u00e1st\u011bnka, pracovn\u00ed st\u016fl nebo lednice zajist\u00ed, \u017ee ji budete m\u00edt st\u00e1le po ruce.<\/li>\n\n\n\n<li><strong>Vytvo\u0159te v\u00edce kopi\u00ed<\/strong> \u2013 jednu dom\u016f, jednu do pr\u00e1ce, jednu do di\u00e1\u0159e.<\/li>\n<\/ul>\n\n\n\n<hr class=\"wp-block-separator has-alpha-channel-opacity\"\/>\n\n\n\n<h2 class=\"wp-block-heading\"><strong>4. Jak tabulku st\u00e1hnout a vytisknout<\/strong><\/h2>\n\n\n\n<p class=\"wp-block-paragraph\">Tabulka b\u00fdv\u00e1 dostupn\u00e1 ve form\u00e1tech <strong>PDF<\/strong> a <strong>DOCX<\/strong>, kter\u00e9 jsou vhodn\u00e9 pro tisk i \u00fapravy.<\/p>\n\n\n\n<ul class=\"wp-block-list\">\n<li>Vyberte form\u00e1t (PDF pro tisk, DOCX pro editaci).<\/li>\n\n\n\n<li>Ulo\u017ete soubor do slo\u017eky s pl\u00e1novac\u00edmi dokumenty.<\/li>\n\n\n\n<li>Vytiskn\u011bte na <strong>form\u00e1t A4<\/strong> pro nejlep\u0161\u00ed p\u0159ehlednost.<\/li>\n\n\n\n<li>M\u016f\u017eete ji pou\u017e\u00edvat i digit\u00e1ln\u011b \u2013 v telefonu, tabletu nebo po\u010d\u00edta\u010di.<\/li>\n<\/ul>\n\n\n\n<hr class=\"wp-block-separator has-alpha-channel-opacity\"\/>\n\n\n\n<h2 class=\"wp-block-heading\"><strong>5. V\u00fdhody pou\u017e\u00edv\u00e1n\u00ed t\u00fddenn\u00ed tabulky 2026<\/strong><\/h2>\n\n\n\n<ul class=\"wp-block-list\">\n<li><strong>Lep\u0161\u00ed organizace<\/strong> \u2013 cel\u00fd rok m\u00e1te p\u0159ehledn\u011b na jednom m\u00edst\u011b.<\/li>\n\n\n\n<li><strong>Jasn\u00e1 struktura<\/strong> \u2013 snadno vid\u00edte n\u00e1vaznost t\u00fddn\u016f i rozlo\u017een\u00ed sv\u00e1tk\u016f.<\/li>\n\n\n\n<li><strong>Vy\u0161\u0161\u00ed efektivita<\/strong> \u2013 pl\u00e1nov\u00e1n\u00ed po t\u00fddnech pom\u00e1h\u00e1 l\u00e9pe rozvrhnout pr\u00e1ci i odpo\u010dinek.<\/li>\n\n\n\n<li><strong>Univerz\u00e1lnost<\/strong> \u2013 vhodn\u00e1 pro osobn\u00ed, pracovn\u00ed i rodinn\u00e9 \u00fa\u010dely.<\/li>\n<\/ul>\n\n\n\n<hr class=\"wp-block-separator has-alpha-channel-opacity\"\/>\n\n\n\n<figure class=\"wp-block-image size-full\"><img loading=\"lazy\" decoding=\"async\" width=\"800\" height=\"566\" src=\"https:\/\/kalendare365.eu\/wp-content\/uploads\/2026\/01\/Tabulka-tydne-2026.webp\" alt=\"\" class=\"wp-image-3437\" srcset=\"https:\/\/kalendare365.eu\/wp-content\/uploads\/2026\/01\/Tabulka-tydne-2026.webp 800w, https:\/\/kalendare365.eu\/wp-content\/uploads\/2026\/01\/Tabulka-tydne-2026-300x212.webp 300w, https:\/\/kalendare365.eu\/wp-content\/uploads\/2026\/01\/Tabulka-tydne-2026-768x543.webp 768w\" sizes=\"auto, (max-width: 800px) 100vw, 800px\" \/><\/figure>\n\n\n\n<p class=\"has-text-align-center wp-block-paragraph\"><a href=\"https:\/\/kalendare365.eu\/wp-content\/uploads\/2026\/01\/Tabulka-tydne-2026.pdf\" target=\"_blank\" rel=\"noreferrer noopener nofollow\">PDF<\/a> | <a href=\"https:\/\/kalendare365.eu\/wp-content\/uploads\/2026\/01\/Tabulka-tydne-2026.docx\" target=\"_blank\" rel=\"noreferrer noopener nofollow\">WORD<\/a><\/p>\n\n\n\n<h2 class=\"wp-block-heading\">? Z\u00e1v\u011br<\/h2>\n\n\n\n<p class=\"wp-block-paragraph\">Tabulka t\u00fddn\u016f pro rok 2026 je jednoduch\u00fd, ale mimo\u0159\u00e1dn\u011b u\u017eite\u010dn\u00fd n\u00e1stroj, kter\u00fd v\u00e1m pom\u016f\u017ee m\u00edt cel\u00fd rok pod kontrolou. D\u00edky p\u0159ehledn\u00e9 struktu\u0159e a mo\u017enosti tisku \u010di digit\u00e1ln\u00edho pou\u017eit\u00ed se stane spolehliv\u00fdm pomocn\u00edkem p\u0159i ka\u017edodenn\u00edm pl\u00e1nov\u00e1n\u00ed. P\u0159ejeme v\u00e1m \u00fasp\u011b\u0161n\u00fd, dob\u0159e zorganizovan\u00fd a klidn\u00fd rok 2026!<\/p>\n","protected":false},"excerpt":{"rendered":"<p>Rok 2026 se bl\u00ed\u017e\u00ed a s n\u00edm i pot\u0159eba m\u00edt po ruce jasn\u00fd a praktick\u00fd p\u0159ehled t\u00fddn\u016f. A\u0165 u\u017e pl\u00e1nujete pracovn\u00ed projekty, \u0161koln\u00ed harmonogram, rodinn\u00e9 aktivity nebo dovolenou, dob\u0159e strukturovan\u00e1 tabulka t\u00fddn\u016f dok\u00e1\u017ee v\u00fdrazn\u011b usnadnit orientaci v cel\u00e9m roce. P\u0159ipravili jsme proto p\u0159ehledn\u00fd text, kter\u00fd vysv\u011btluje, jak tabulka funguje, k \u010demu ji m\u016f\u017eete vyu\u017e\u00edt a [&hellip;]<\/p>\n","protected":false},"author":1,"featured_media":0,"comment_status":"open","ping_status":"closed","sticky":false,"template":"","format":"standard","meta":{"footnotes":""},"categories":[1],"tags":[33],"class_list":["post-3436","post","type-post","status-publish","format-standard","hentry","category-vyrocni","tag-33"],"_links":{"self":[{"href":"https:\/\/kalendare365.eu\/index.php?rest_route=\/wp\/v2\/posts\/3436","targetHints":{"allow":["GET"]}}],"collection":[{"href":"https:\/\/kalendare365.eu\/index.php?rest_route=\/wp\/v2\/posts"}],"about":[{"href":"https:\/\/kalendare365.eu\/index.php?rest_route=\/wp\/v2\/types\/post"}],"author":[{"embeddable":true,"href":"https:\/\/kalendare365.eu\/index.php?rest_route=\/wp\/v2\/users\/1"}],"replies":[{"embeddable":true,"href":"https:\/\/kalendare365.eu\/index.php?rest_route=%2Fwp%2Fv2%2Fcomments&post=3436"}],"version-history":[{"count":2,"href":"https:\/\/kalendare365.eu\/index.php?rest_route=\/wp\/v2\/posts\/3436\/revisions"}],"predecessor-version":[{"id":3553,"href":"https:\/\/kalendare365.eu\/index.php?rest_route=\/wp\/v2\/posts\/3436\/revisions\/3553"}],"wp:attachment":[{"href":"https:\/\/kalendare365.eu\/index.php?rest_route=%2Fwp%2Fv2%2Fmedia&parent=3436"}],"wp:term":[{"taxonomy":"category","embeddable":true,"href":"https:\/\/kalendare365.eu\/index.php?rest_route=%2Fwp%2Fv2%2Fcategories&post=3436"},{"taxonomy":"post_tag","embeddable":true,"href":"https:\/\/kalendare365.eu\/index.php?rest_route=%2Fwp%2Fv2%2Ftags&post=3436"}],"curies":[{"name":"wp","href":"https:\/\/api.w.org\/{rel}","templated":true}]}}