{"id":3443,"date":"2026-01-28T19:42:30","date_gmt":"2026-01-28T16:42:30","guid":{"rendered":"https:\/\/kalendare365.eu\/?p=3443"},"modified":"2026-06-17T13:43:04","modified_gmt":"2026-06-17T10:43:04","slug":"kalendar-2027-s-cisly-tydnu","status":"publish","type":"post","link":"https:\/\/kalendare365.eu\/?p=3443","title":{"rendered":"Kalend\u00e1\u0159 2027 s \u010d\u00edsly t\u00fddn\u016f"},"content":{"rendered":"\n<p class=\"wp-block-paragraph\">Kalend\u00e1\u0159 na rok 2027 s vyzna\u010den\u00fdmi \u010d\u00edsly t\u00fddn\u016f pat\u0159\u00ed mezi nejprakti\u010dt\u011bj\u0161\u00ed n\u00e1stroje pro ka\u017edodenn\u00ed pl\u00e1nov\u00e1n\u00ed. Umo\u017e\u0148uje rychlou orientaci v pr\u016fb\u011bhu roku, usnad\u0148uje organizaci pracovn\u00edch povinnost\u00ed i osobn\u00edch aktivit a pom\u00e1h\u00e1 efektivn\u011b \u0159\u00eddit dlouhodob\u00e9 projekty. D\u00edky p\u0159ehledn\u00e9 struktu\u0159e a jasn\u00e9mu ozna\u010den\u00ed t\u00fddn\u016f je vhodn\u00fd pro profesion\u00e1ln\u00ed vyu\u017eit\u00ed i b\u011b\u017en\u00fd dom\u00e1c\u00ed provoz.<\/p>\n\n\n\n<hr class=\"wp-block-separator has-alpha-channel-opacity\"\/>\n\n\n\n<h2 class=\"wp-block-heading\">Form\u00e1t a kvalita zpracov\u00e1n\u00ed<\/h2>\n\n\n\n<p class=\"wp-block-paragraph\">Kalend\u00e1\u0159e jsou p\u0159ipraveny ve form\u00e1tu A4 a ulo\u017eeny ve vysok\u00e9m rozli\u0161en\u00ed, co\u017e zaru\u010duje ostr\u00fd tisk a v\u00fdbornou \u010ditelnost. Lze je snadno um\u00edstit na st\u011bnu, pracovn\u00ed st\u016fl nebo ulo\u017eit do slo\u017eky s dokumenty, aby byly kdykoli po ruce. Minimalistick\u00e9 a \u010dist\u00e9 zpracov\u00e1n\u00ed zaji\u0161\u0165uje, \u017ee kalend\u00e1\u0159 z\u016fstane p\u0159ehledn\u00fd po cel\u00fd rok 2027.<\/p>\n\n\n\n<hr class=\"wp-block-separator has-alpha-channel-opacity\"\/>\n\n\n\n<h2 class=\"wp-block-heading\">Dostupn\u00e9 form\u00e1ty ke sta\u017een\u00ed<\/h2>\n\n\n\n<p class=\"wp-block-paragraph\">Kalend\u00e1\u0159 2027 s \u010d\u00edsly t\u00fddn\u016f je dostupn\u00fd ve dvou univerz\u00e1ln\u00edch form\u00e1tech, kter\u00e9 vyhovuj\u00ed r\u016fzn\u00fdm zp\u016fsob\u016fm pou\u017eit\u00ed.<\/p>\n\n\n\n<h3 class=\"wp-block-heading\">DOCX<\/h3>\n\n\n\n<p class=\"wp-block-paragraph\">Form\u00e1t vhodn\u00fd pro otev\u0159en\u00ed v Microsoft Wordu. U\u017eivatel\u00e9 mohou kalend\u00e1\u0159 upravovat, dopl\u0148ovat vlastn\u00ed pozn\u00e1mky, zv\u00fdraz\u0148ovat d\u016fle\u017eit\u00e9 term\u00edny nebo jej p\u0159izp\u016fsobit firemn\u00edm pot\u0159eb\u00e1m.<\/p>\n\n\n\n<h3 class=\"wp-block-heading\">PDF<\/h3>\n\n\n\n<p class=\"wp-block-paragraph\">Ide\u00e1ln\u00ed volba pro rychl\u00fd tisk bez nutnosti \u00faprav. PDF zachov\u00e1v\u00e1 p\u0159esn\u00e9 rozlo\u017een\u00ed i kvalitu dokumentu a je p\u0159ipraveno k okam\u017eit\u00e9mu pou\u017eit\u00ed.<\/p>\n\n\n\n<hr class=\"wp-block-separator has-alpha-channel-opacity\"\/>\n\n\n\n<h2 class=\"wp-block-heading\">V\u00fdhody kalend\u00e1\u0159e s vyzna\u010den\u00fdmi t\u00fddny<\/h2>\n\n\n\n<p class=\"wp-block-paragraph\">Kalend\u00e1\u0159 s \u010d\u00edslov\u00e1n\u00edm t\u00fddn\u016f p\u0159in\u00e1\u0161\u00ed \u0159adu praktick\u00fdch v\u00fdhod, kter\u00e9 ocen\u00ed jednotlivci i firmy.<\/p>\n\n\n\n<ul class=\"wp-block-list\">\n<li>Umo\u017e\u0148uje pl\u00e1novat v t\u00fddenn\u00edch cyklech a l\u00e9pe sledovat pr\u016fb\u011bh projekt\u016f.<\/li>\n\n\n\n<li>Usnad\u0148uje orientaci v term\u00ednech, sch\u016fzk\u00e1ch a pracovn\u00edch \u00fakolech.<\/li>\n\n\n\n<li>Nab\u00edz\u00ed jasnou a p\u0159ehlednou strukturu, d\u00edky n\u00ed\u017e je pr\u00e1ce s \u010dasem intuitivn\u00ed.<\/li>\n\n\n\n<li>Podporuje efektivn\u00ed organizaci pracovn\u00edho i osobn\u00edho \u017eivota.<\/li>\n<\/ul>\n\n\n\n<p class=\"wp-block-paragraph\">Tento typ kalend\u00e1\u0159e je obl\u00edben\u00fd zejm\u00e9na v kancel\u00e1\u0159sk\u00e9m prost\u0159ed\u00ed, ale stejn\u011b dob\u0159e poslou\u017e\u00ed i doma.<\/p>\n\n\n\n<hr class=\"wp-block-separator has-alpha-channel-opacity\"\/>\n\n\n\n<h2 class=\"wp-block-heading\">Jak st\u00e1hnout kalend\u00e1\u0159 na rok 2027<\/h2>\n\n\n\n<p class=\"wp-block-paragraph\">Sta\u017een\u00ed kalend\u00e1\u0159e je jednoduch\u00e9 a zvl\u00e1dne jej ka\u017ed\u00fd u\u017eivatel.<\/p>\n\n\n\n<ul class=\"wp-block-list\">\n<li>Vyberte si \u0161ablonu, kter\u00e1 v\u00e1m vyhovuje.<\/li>\n\n\n\n<li>Zvolte form\u00e1t PDF nebo DOCX.<\/li>\n\n\n\n<li>Klikn\u011bte na tla\u010d\u00edtko pro sta\u017een\u00ed.<\/li>\n\n\n\n<li>Ulo\u017ete soubor do po\u010d\u00edta\u010de.<\/li>\n\n\n\n<li>Vytiskn\u011bte kalend\u00e1\u0159 na pap\u00edr form\u00e1tu A4.<\/li>\n<\/ul>\n\n\n\n<p class=\"wp-block-paragraph\">Po vyti\u0161t\u011bn\u00ed je kalend\u00e1\u0159 p\u0159ipraven k okam\u017eit\u00e9mu pou\u017eit\u00ed \u2013 doma, v kancel\u00e1\u0159i i na cest\u00e1ch.<\/p>\n\n\n\n<hr class=\"wp-block-separator has-alpha-channel-opacity\"\/>\n\n\n\n<h2 class=\"wp-block-heading has-text-align-center\"><strong>St\u00e1hn\u011bte a vytiskn\u011bte kalend\u00e1\u0159 2027 s \u010d\u00edsly t\u00fddn\u016f<\/strong><\/h2>\n\n\n\n<figure class=\"wp-block-image size-large\"><img loading=\"lazy\" decoding=\"async\" width=\"724\" height=\"1024\" src=\"https:\/\/kalendare365.eu\/wp-content\/uploads\/2026\/01\/Kalendar-2027-s-cisly-tydnu-724x1024.webp\" alt=\"\" class=\"wp-image-3447\" srcset=\"https:\/\/kalendare365.eu\/wp-content\/uploads\/2026\/01\/Kalendar-2027-s-cisly-tydnu-724x1024.webp 724w, https:\/\/kalendare365.eu\/wp-content\/uploads\/2026\/01\/Kalendar-2027-s-cisly-tydnu-212x300.webp 212w, https:\/\/kalendare365.eu\/wp-content\/uploads\/2026\/01\/Kalendar-2027-s-cisly-tydnu-768x1086.webp 768w, https:\/\/kalendare365.eu\/wp-content\/uploads\/2026\/01\/Kalendar-2027-s-cisly-tydnu.webp 800w\" sizes=\"auto, (max-width: 724px) 100vw, 724px\" \/><\/figure>\n\n\n\n<p class=\"has-text-align-center wp-block-paragraph\"><a href=\"https:\/\/kalendare365.eu\/wp-content\/uploads\/2026\/01\/Kalendar-2027-s-cisly-tydnu.pdf\" target=\"_blank\" rel=\"noreferrer noopener nofollow\">PDF<\/a> | <a href=\"https:\/\/kalendare365.eu\/wp-content\/uploads\/2026\/01\/Kalendar-2027-s-cisly-tydnu.docx\" target=\"_blank\" rel=\"noreferrer noopener nofollow\">WORD<\/a><\/p>\n\n\n\n<h2 class=\"wp-block-heading\">Z\u00e1v\u011br<\/h2>\n\n\n\n<p class=\"wp-block-paragraph\">Kalend\u00e1\u0159 2027 s \u010d\u00edsly t\u00fddn\u016f je spolehliv\u00fdm pomocn\u00edkem pro ka\u017ed\u00e9ho, kdo chce m\u00edt sv\u00e9 \u00fakoly, term\u00edny a projekty pod kontrolou. Nab\u00edz\u00ed kvalitn\u00ed zpracov\u00e1n\u00ed, p\u0159ehlednou strukturu a mo\u017enost volby mezi dv\u011bma obl\u00edben\u00fdmi form\u00e1ty. A\u0165 u\u017e jej vyu\u017eijete pro pracovn\u00ed pl\u00e1nov\u00e1n\u00ed nebo osobn\u00ed organizaci, poskytne v\u00e1m jasn\u00fd a praktick\u00fd p\u0159ehled cel\u00e9ho roku.<\/p>\n","protected":false},"excerpt":{"rendered":"<p>Kalend\u00e1\u0159 na rok 2027 s vyzna\u010den\u00fdmi \u010d\u00edsly t\u00fddn\u016f pat\u0159\u00ed mezi nejprakti\u010dt\u011bj\u0161\u00ed n\u00e1stroje pro ka\u017edodenn\u00ed pl\u00e1nov\u00e1n\u00ed. Umo\u017e\u0148uje rychlou orientaci v pr\u016fb\u011bhu roku, usnad\u0148uje organizaci pracovn\u00edch povinnost\u00ed i osobn\u00edch aktivit a pom\u00e1h\u00e1 efektivn\u011b \u0159\u00eddit dlouhodob\u00e9 projekty. D\u00edky p\u0159ehledn\u00e9 struktu\u0159e a jasn\u00e9mu ozna\u010den\u00ed t\u00fddn\u016f je vhodn\u00fd pro profesion\u00e1ln\u00ed vyu\u017eit\u00ed i b\u011b\u017en\u00fd dom\u00e1c\u00ed provoz. Form\u00e1t a kvalita zpracov\u00e1n\u00ed Kalend\u00e1\u0159e [&hellip;]<\/p>\n","protected":false},"author":1,"featured_media":0,"comment_status":"open","ping_status":"closed","sticky":false,"template":"","format":"standard","meta":{"footnotes":""},"categories":[1],"tags":[34],"class_list":["post-3443","post","type-post","status-publish","format-standard","hentry","category-vyrocni","tag-34"],"_links":{"self":[{"href":"https:\/\/kalendare365.eu\/index.php?rest_route=\/wp\/v2\/posts\/3443","targetHints":{"allow":["GET"]}}],"collection":[{"href":"https:\/\/kalendare365.eu\/index.php?rest_route=\/wp\/v2\/posts"}],"about":[{"href":"https:\/\/kalendare365.eu\/index.php?rest_route=\/wp\/v2\/types\/post"}],"author":[{"embeddable":true,"href":"https:\/\/kalendare365.eu\/index.php?rest_route=\/wp\/v2\/users\/1"}],"replies":[{"embeddable":true,"href":"https:\/\/kalendare365.eu\/index.php?rest_route=%2Fwp%2Fv2%2Fcomments&post=3443"}],"version-history":[{"count":2,"href":"https:\/\/kalendare365.eu\/index.php?rest_route=\/wp\/v2\/posts\/3443\/revisions"}],"predecessor-version":[{"id":3726,"href":"https:\/\/kalendare365.eu\/index.php?rest_route=\/wp\/v2\/posts\/3443\/revisions\/3726"}],"wp:attachment":[{"href":"https:\/\/kalendare365.eu\/index.php?rest_route=%2Fwp%2Fv2%2Fmedia&parent=3443"}],"wp:term":[{"taxonomy":"category","embeddable":true,"href":"https:\/\/kalendare365.eu\/index.php?rest_route=%2Fwp%2Fv2%2Fcategories&post=3443"},{"taxonomy":"post_tag","embeddable":true,"href":"https:\/\/kalendare365.eu\/index.php?rest_route=%2Fwp%2Fv2%2Ftags&post=3443"}],"curies":[{"name":"wp","href":"https:\/\/api.w.org\/{rel}","templated":true}]}}