{"id":346,"date":"2023-10-01T10:34:43","date_gmt":"2023-10-01T07:34:43","guid":{"rendered":"https:\/\/kalendare365.eu\/?p=346"},"modified":"2026-07-25T16:07:40","modified_gmt":"2026-07-25T13:07:40","slug":"kalendar-2020","status":"publish","type":"post","link":"https:\/\/kalendare365.eu\/?p=346","title":{"rendered":"Kalend\u00e1\u0159 2020"},"content":{"rendered":"\n<p class=\"wp-block-paragraph\">Rok 2020 byl v\u00fdjime\u010dn\u00fd nejen sv\u00fdmi ud\u00e1lostmi, ale tak\u00e9 t\u00edm, jak rychle utekl. A\u0165 u\u017e pot\u0159ebujete zjistit, <strong>na kter\u00fd den v t\u00fddnu p\u0159ipadlo konkr\u00e9tn\u00ed datum<\/strong>, nebo si chcete zp\u011btn\u011b zorganizovat ud\u00e1losti, <strong>kalend\u00e1\u0159 2020<\/strong> v\u00e1m poskytne p\u0159esn\u00fd a p\u0159ehledn\u00fd pohled na cel\u00fd rok.<\/p>\n\n\n\n<p class=\"wp-block-paragraph\">Tento \u010dl\u00e1nek v\u00e1m nab\u00eddne <strong>kompletn\u00ed p\u0159ehled<\/strong>, praktick\u00e9 vyu\u017eit\u00ed kalend\u00e1\u0159e a d\u016fvody, pro\u010d je dobr\u00e9 m\u00edt kalend\u00e1\u0159 2020 st\u00e1le po ruce.<\/p>\n\n\n\n<h2 class=\"wp-block-heading\">\u2b50 Pro\u010d pou\u017e\u00edvat kalend\u00e1\u0159 2020<\/h2>\n\n\n\n<h3 class=\"wp-block-heading\">\u2714\ufe0f Kompletn\u00ed p\u0159ehled roku<\/h3>\n\n\n\n<p class=\"wp-block-paragraph\">Kalend\u00e1\u0159 obsahuje <strong>v\u0161echny dny roku 2020<\/strong>, v\u010detn\u011b st\u00e1tn\u00edch sv\u00e1tk\u016f, pracovn\u00edch dn\u016f i v\u00edkend\u016f. D\u00edky tomu snadno zjist\u00edte, jak byl rok strukturovan\u00fd.<\/p>\n\n\n\n<h3 class=\"wp-block-heading\">\u2714\ufe0f Rychl\u00e9 zji\u0161t\u011bn\u00ed dne v t\u00fddnu<\/h3>\n\n\n\n<p class=\"wp-block-paragraph\">Sta\u010d\u00ed vyhledat datum a okam\u017eit\u011b vid\u00edte, <strong>na kter\u00fd den v t\u00fddnu p\u0159ipadlo<\/strong>. Ide\u00e1ln\u00ed pro zp\u011btn\u00e9 dohled\u00e1n\u00ed narozenin, v\u00fdro\u010d\u00ed nebo pracovn\u00edch ud\u00e1lost\u00ed.<\/p>\n\n\n\n<h3 class=\"wp-block-heading\">\u2714\ufe0f Flexibiln\u00ed pou\u017eit\u00ed<\/h3>\n\n\n\n<p class=\"wp-block-paragraph\">Kalend\u00e1\u0159 m\u016f\u017eete m\u00edt:<\/p>\n\n\n\n<ul class=\"wp-block-list\">\n<li>\ud83d\udcf1 na mobilu<\/li>\n\n\n\n<li>\ud83d\udcbb na po\u010d\u00edta\u010di<\/li>\n\n\n\n<li>\ud83d\udda8\ufe0f vyti\u0161t\u011bn\u00fd na pap\u00ed\u0159e<\/li>\n<\/ul>\n\n\n\n<p class=\"wp-block-paragraph\">Hod\u00ed se pro osobn\u00ed i pracovn\u00ed pl\u00e1nov\u00e1n\u00ed.<\/p>\n\n\n\n<h2 class=\"wp-block-heading\">\ud83d\udccc K \u010demu v\u00e1m kalend\u00e1\u0159 2020 poslou\u017e\u00ed<\/h2>\n\n\n\n<h3 class=\"wp-block-heading\">\ud83d\uddc2\ufe0f Pl\u00e1nov\u00e1n\u00ed<\/h3>\n\n\n\n<p class=\"wp-block-paragraph\">Pom\u016f\u017ee v\u00e1m zorganizovat povinnosti, porovnat term\u00edny a l\u00e9pe pochopit \u010dasov\u00e9 souvislosti.<\/p>\n\n\n\n<h3 class=\"wp-block-heading\">\ud83c\udf89 P\u0159\u00edprava oslav<\/h3>\n\n\n\n<p class=\"wp-block-paragraph\">Zjist\u00edte, <strong>na jak\u00fd den p\u0159ipadly narozeniny, v\u00fdro\u010d\u00ed \u010di jin\u00e9 ud\u00e1losti<\/strong>, co\u017e usnadn\u00ed pl\u00e1nov\u00e1n\u00ed oslav.<\/p>\n\n\n\n<h3 class=\"wp-block-heading\">\ud83d\udd70\ufe0f Orientace v \u010dase<\/h3>\n\n\n\n<p class=\"wp-block-paragraph\">Kalend\u00e1\u0159 v\u00e1m umo\u017en\u00ed l\u00e9pe si uv\u011bdomit, jak rychle \u010das ub\u00edhal a jak byly jednotliv\u00e9 m\u011bs\u00edce rozlo\u017eeny.<\/p>\n\n\n\n<h3 class=\"wp-block-heading\">\ud83d\udcdc Vzpom\u00ednky<\/h3>\n\n\n\n<p class=\"wp-block-paragraph\">Pokud si chcete p\u0159ipomenout d\u016fle\u017eit\u00e9 okam\u017eiky, kalend\u00e1\u0159 v\u00e1m pom\u016f\u017ee p\u0159esn\u011b ur\u010dit jejich datum i den v t\u00fddnu.<\/p>\n\n\n\n<h2 class=\"wp-block-heading\">\ud83d\udcc6 Jak kalend\u00e1\u0159 2020 funguje<\/h2>\n\n\n\n<h3 class=\"wp-block-heading\">\ud83d\udd0e 1. Vyberte m\u011bs\u00edc<\/h3>\n\n\n\n<p class=\"wp-block-paragraph\">Zvolte m\u011bs\u00edc, kter\u00fd v\u00e1s zaj\u00edm\u00e1 \u2013 od ledna a\u017e po prosinec 2020.<\/p>\n\n\n\n<h3 class=\"wp-block-heading\">\ud83d\udcc5 2. Najd\u011bte konkr\u00e9tn\u00ed datum<\/h3>\n\n\n\n<p class=\"wp-block-paragraph\">Vyhledejte den, kter\u00fd pot\u0159ebujete ov\u011b\u0159it.<\/p>\n\n\n\n<h3 class=\"wp-block-heading\">\ud83d\uddd3\ufe0f 3. Zobrazte den v t\u00fddnu<\/h3>\n\n\n\n<p class=\"wp-block-paragraph\">Kalend\u00e1\u0159 v\u00e1m automaticky uk\u00e1\u017ee, <strong>jak\u00fd den v t\u00fddnu to byl<\/strong> \u2013 pond\u011bl\u00ed, \u00fater\u00fd, st\u0159eda, \u010dtvrtek, p\u00e1tek, sobota nebo ned\u011ble.<\/p>\n\n\n\n<h2 class=\"wp-block-heading\">\ud83e\udded P\u0159ehled st\u00e1tn\u00edch sv\u00e1tk\u016f v roce 2020<\/h2>\n\n\n\n<p class=\"wp-block-paragraph\">Pro lep\u0161\u00ed orientaci uv\u00e1d\u00edme seznam st\u00e1tn\u00edch sv\u00e1tk\u016f, kter\u00e9 v roce 2020 p\u0159ipadly na konkr\u00e9tn\u00ed dny:<\/p>\n\n\n\n<ul class=\"wp-block-list\">\n<li>\ud83c\udf86 1. 1. \u2013 Den obnovy samostatn\u00e9ho \u010desk\u00e9ho st\u00e1tu<\/li>\n\n\n\n<li>\u271d\ufe0f 10. 4. \u2013 Velk\u00fd p\u00e1tek<\/li>\n\n\n\n<li>\ud83d\udc23 13. 4. \u2013 Velikono\u010dn\u00ed pond\u011bl\u00ed<\/li>\n\n\n\n<li>\ud83c\udde8\ud83c\uddff 1. 5. \u2013 Sv\u00e1tek pr\u00e1ce<\/li>\n\n\n\n<li>\ud83c\udf96\ufe0f 8. 5. \u2013 Den v\u00edt\u011bzstv\u00ed<\/li>\n\n\n\n<li>\ud83d\udd25 5. 7. \u2013 Den slovansk\u00fdch v\u011brozv\u011bst\u016f Cyrila a Metod\u011bje<\/li>\n\n\n\n<li>\ud83d\udee1\ufe0f 6. 7. \u2013 Den up\u00e1len\u00ed mistra Jana Husa<\/li>\n\n\n\n<li>\ud83c\udf93 28. 9. \u2013 Den \u010desk\u00e9 st\u00e1tnosti<\/li>\n\n\n\n<li>\ud83d\udd6f\ufe0f 28. 10. \u2013 Den vzniku samostatn\u00e9ho \u010deskoslovensk\u00e9ho st\u00e1tu<\/li>\n\n\n\n<li>\ud83d\udd4a\ufe0f 17. 11. \u2013 Den boje za svobodu a demokracii<\/li>\n\n\n\n<li>\ud83c\udf84 24.\u201326. 12. \u2013 V\u00e1no\u010dn\u00ed sv\u00e1tky<\/li>\n<\/ul>\n\n\n\n<center><a href=\"https:\/\/kalendare365.eu\/wp-content\/uploads\/2023\/10\/krasny-kalendar-2020.pdf\" target=\"_blank\" rel=\"noopener\"><img loading=\"lazy\" decoding=\"async\" class=\"size-full wp-image-183 aligncenter\" src=\"https:\/\/kalendare365.eu\/wp-content\/uploads\/2023\/10\/krasny-kalendar-2020.webp\" alt=\"\" width=\"500\" height=\"354\"><\/a><\/center>\n\n\n\n<h2 class=\"wp-block-heading has-text-align-center\">Kalend\u00e1\u0159 leden 2020<\/h2>\n\n\n\n<center><a href=\"https:\/\/kalendare365.eu\/wp-content\/uploads\/2023\/10\/kalendar-leden-2020.pdf\" target=\"_blank\" rel=\"noopener\"><img loading=\"lazy\" decoding=\"async\" class=\"size-full wp-image-188 aligncenter\" src=\"https:\/\/kalendare365.eu\/wp-content\/uploads\/2023\/10\/kalendar-leden-2020.webp\" alt=\"\" width=\"500\" height=\"354\"><\/a><\/center>\n\n\n\n<h2 class=\"wp-block-heading has-text-align-center\">Kalend\u00e1\u0159 \u00fanor 2020<\/h2>\n\n\n\n<center><a href=\"https:\/\/kalendare365.eu\/wp-content\/uploads\/2023\/10\/kalendar-unor-2020.pdf\" target=\"_blank\" rel=\"noopener\"><img loading=\"lazy\" decoding=\"async\" class=\"size-full wp-image-188 aligncenter\" src=\"https:\/\/kalendare365.eu\/wp-content\/uploads\/2023\/10\/kalendar-unor-2020.webp\" alt=\"\" width=\"500\" height=\"354\"><\/a><\/center>\n\n\n\n<h2 class=\"wp-block-heading has-text-align-center\">Kalend\u00e1\u0159 b\u0159ezen 2020<\/h2>\n\n\n\n<center><a href=\"https:\/\/kalendare365.eu\/wp-content\/uploads\/2023\/10\/kalendar-brezen-2020.pdf\" target=\"_blank\" rel=\"noopener\"><img loading=\"lazy\" decoding=\"async\" class=\"size-full wp-image-188 aligncenter\" src=\"https:\/\/kalendare365.eu\/wp-content\/uploads\/2023\/10\/kalendar-brezen-2020.webp\" alt=\"\" width=\"500\" height=\"354\"><\/a><\/center>\n\n\n\n<h2 class=\"wp-block-heading has-text-align-center\">Kalend\u00e1\u0159 duben 2020<\/h2>\n\n\n\n<center><a href=\"https:\/\/kalendare365.eu\/wp-content\/uploads\/2023\/10\/kalendar-duben-2020.pdf\" target=\"_blank\" rel=\"noopener\"><img loading=\"lazy\" decoding=\"async\" class=\"size-full wp-image-188 aligncenter\" src=\"https:\/\/kalendare365.eu\/wp-content\/uploads\/2023\/10\/kalendar-duben-2020.webp\" alt=\"\" width=\"500\" height=\"354\"><\/a><\/center>\n\n\n\n<h2 class=\"wp-block-heading has-text-align-center\">Kalend\u00e1\u0159 kv\u011bten 2020<\/h2>\n\n\n\n<center><a href=\"https:\/\/kalendare365.eu\/wp-content\/uploads\/2023\/10\/kalendar-kveten-2020.pdf\" target=\"_blank\" rel=\"noopener\"><img loading=\"lazy\" decoding=\"async\" class=\"size-full wp-image-188 aligncenter\" src=\"https:\/\/kalendare365.eu\/wp-content\/uploads\/2023\/10\/kalendar-kveten-2020.webp\" alt=\"\" width=\"500\" height=\"354\"><\/a><\/center>\n\n\n\n<h2 class=\"wp-block-heading has-text-align-center\">Kalend\u00e1\u0159 \u010derven 2020<\/h2>\n\n\n\n<center><a href=\"https:\/\/kalendare365.eu\/wp-content\/uploads\/2023\/10\/kalendar-cerven-2020.pdf\" target=\"_blank\" rel=\"noopener\"><img loading=\"lazy\" decoding=\"async\" class=\"size-full wp-image-188 aligncenter\" src=\"https:\/\/kalendare365.eu\/wp-content\/uploads\/2023\/10\/kalendar-cerven-2020.webp\" alt=\"\" width=\"500\" height=\"354\"><\/a><\/center>\n\n\n\n<h2 class=\"wp-block-heading has-text-align-center\">Kalend\u00e1\u0159 \u010dervenec 2020<\/h2>\n\n\n\n<center><a href=\"https:\/\/kalendare365.eu\/wp-content\/uploads\/2023\/10\/kalendar-cervenec-2020.pdf\" target=\"_blank\" rel=\"noopener\"><img loading=\"lazy\" decoding=\"async\" class=\"size-full wp-image-188 aligncenter\" src=\"https:\/\/kalendare365.eu\/wp-content\/uploads\/2023\/10\/kalendar-cervenec-2020.webp\" alt=\"\" width=\"500\" height=\"354\"><\/a><\/center>\n\n\n\n<h2 class=\"wp-block-heading has-text-align-center\">Kalend\u00e1\u0159 srpen 2020<\/h2>\n\n\n\n<center><a href=\"https:\/\/kalendare365.eu\/wp-content\/uploads\/2023\/10\/kalendar-srpen-2020.pdf\" target=\"_blank\" rel=\"noopener\"><img loading=\"lazy\" decoding=\"async\" class=\"size-full wp-image-188 aligncenter\" src=\"https:\/\/kalendare365.eu\/wp-content\/uploads\/2023\/10\/kalendar-srpen-2020.webp\" alt=\"\" width=\"500\" height=\"354\"><\/a><\/center>\n\n\n\n<h2 class=\"wp-block-heading has-text-align-center\">Kalend\u00e1\u0159 z\u00e1\u0159\u00ed 2020<\/h2>\n\n\n\n<center><a href=\"https:\/\/kalendare365.eu\/wp-content\/uploads\/2023\/10\/kalendar-zari-2020.pdf\" target=\"_blank\" rel=\"noopener\"><img loading=\"lazy\" decoding=\"async\" class=\"size-full wp-image-188 aligncenter\" src=\"https:\/\/kalendare365.eu\/wp-content\/uploads\/2023\/10\/kalendar-zari-2020.webp\" alt=\"\" width=\"500\" height=\"354\"><\/a><\/center>\n\n\n\n<h2 class=\"wp-block-heading has-text-align-center\">Kalend\u00e1\u0159 \u0159\u00edjen 2020<\/h2>\n\n\n\n<center><a href=\"https:\/\/kalendare365.eu\/wp-content\/uploads\/2023\/10\/kalendar-rijen-2020.pdf\" target=\"_blank\" rel=\"noopener\"><img loading=\"lazy\" decoding=\"async\" class=\"size-full wp-image-188 aligncenter\" src=\"https:\/\/kalendare365.eu\/wp-content\/uploads\/2023\/10\/kalendar-rijen-2020.webp\" alt=\"\" width=\"500\" height=\"354\"><\/a><\/center>\n\n\n\n<h2 class=\"wp-block-heading has-text-align-center\">Kalend\u00e1\u0159 listopad 2020<\/h2>\n\n\n\n<center><a href=\"https:\/\/kalendare365.eu\/wp-content\/uploads\/2023\/10\/kalendar-listopad-2020.pdf\" target=\"_blank\" rel=\"noopener\"><img loading=\"lazy\" decoding=\"async\" class=\"size-full wp-image-188 aligncenter\" src=\"https:\/\/kalendare365.eu\/wp-content\/uploads\/2023\/10\/kalendar-listopad-2020.webp\" alt=\"\" width=\"500\" height=\"354\"><\/a><\/center>\n\n\n\n<h2 class=\"wp-block-heading has-text-align-center\">Kalend\u00e1\u0159 prosinec 2020<\/h2>\n\n\n\n<center><a href=\"https:\/\/kalendare365.eu\/wp-content\/uploads\/2023\/10\/kalendar-prosinec-2020.pdf\" target=\"_blank\" rel=\"noopener\"><img loading=\"lazy\" decoding=\"async\" class=\"size-full wp-image-188 aligncenter\" src=\"https:\/\/kalendare365.eu\/wp-content\/uploads\/2023\/10\/kalendar-prosinec-2020.webp\" alt=\"\" width=\"500\" height=\"354\"><\/a><\/center>\n\n\n\n<h2 class=\"wp-block-heading\">\ud83d\udcdd Z\u00e1v\u011br<\/h2>\n\n\n\n<p class=\"wp-block-paragraph\">Kalend\u00e1\u0159 2020 je u\u017eite\u010dn\u00fdm n\u00e1strojem pro ka\u017ed\u00e9ho, kdo pot\u0159ebuje zp\u011btn\u011b dohledat d\u016fle\u017eit\u00e9 ud\u00e1losti, napl\u00e1novat oslavy nebo jednodu\u0161e z\u00edskat p\u0159ehled o tom, <strong>jak byl rok 2020 rozlo\u017een<\/strong>. D\u00edky jednoduch\u00e9mu ovl\u00e1d\u00e1n\u00ed, p\u0159ehledn\u00e9 struktu\u0159e a mo\u017enosti tisku je ide\u00e1ln\u00ed volbou pro osobn\u00ed i pracovn\u00ed vyu\u017eit\u00ed.<\/p>\n","protected":false},"excerpt":{"rendered":"<p>Rok 2020 byl v\u00fdjime\u010dn\u00fd nejen sv\u00fdmi ud\u00e1lostmi, ale tak\u00e9 t\u00edm, jak rychle utekl. A\u0165 u\u017e pot\u0159ebujete zjistit, na kter\u00fd den v t\u00fddnu p\u0159ipadlo konkr\u00e9tn\u00ed datum, nebo si chcete zp\u011btn\u011b zorganizovat ud\u00e1losti, kalend\u00e1\u0159 2020 v\u00e1m poskytne p\u0159esn\u00fd a p\u0159ehledn\u00fd pohled na cel\u00fd rok. Tento \u010dl\u00e1nek v\u00e1m nab\u00eddne kompletn\u00ed p\u0159ehled, praktick\u00e9 vyu\u017eit\u00ed kalend\u00e1\u0159e a d\u016fvody, pro\u010d je [&hellip;]<\/p>\n","protected":false},"author":1,"featured_media":0,"comment_status":"open","ping_status":"closed","sticky":false,"template":"","format":"standard","meta":{"footnotes":""},"categories":[1],"tags":[27],"class_list":["post-346","post","type-post","status-publish","format-standard","hentry","category-vyrocni","tag-27"],"_links":{"self":[{"href":"https:\/\/kalendare365.eu\/index.php?rest_route=\/wp\/v2\/posts\/346","targetHints":{"allow":["GET"]}}],"collection":[{"href":"https:\/\/kalendare365.eu\/index.php?rest_route=\/wp\/v2\/posts"}],"about":[{"href":"https:\/\/kalendare365.eu\/index.php?rest_route=\/wp\/v2\/types\/post"}],"author":[{"embeddable":true,"href":"https:\/\/kalendare365.eu\/index.php?rest_route=\/wp\/v2\/users\/1"}],"replies":[{"embeddable":true,"href":"https:\/\/kalendare365.eu\/index.php?rest_route=%2Fwp%2Fv2%2Fcomments&post=346"}],"version-history":[{"count":3,"href":"https:\/\/kalendare365.eu\/index.php?rest_route=\/wp\/v2\/posts\/346\/revisions"}],"predecessor-version":[{"id":3780,"href":"https:\/\/kalendare365.eu\/index.php?rest_route=\/wp\/v2\/posts\/346\/revisions\/3780"}],"wp:attachment":[{"href":"https:\/\/kalendare365.eu\/index.php?rest_route=%2Fwp%2Fv2%2Fmedia&parent=346"}],"wp:term":[{"taxonomy":"category","embeddable":true,"href":"https:\/\/kalendare365.eu\/index.php?rest_route=%2Fwp%2Fv2%2Fcategories&post=346"},{"taxonomy":"post_tag","embeddable":true,"href":"https:\/\/kalendare365.eu\/index.php?rest_route=%2Fwp%2Fv2%2Ftags&post=346"}],"curies":[{"name":"wp","href":"https:\/\/api.w.org\/{rel}","templated":true}]}}