{"id":3480,"date":"2026-02-12T19:27:49","date_gmt":"2026-02-12T16:27:49","guid":{"rendered":"https:\/\/kalendare365.eu\/?p=3480"},"modified":"2026-06-17T13:39:32","modified_gmt":"2026-06-17T10:39:32","slug":"kalendar-2027-s-cislovanymi-tydny","status":"publish","type":"post","link":"https:\/\/kalendare365.eu\/?p=3480","title":{"rendered":"Kalend\u00e1\u0159 2027 s \u010d\u00edslovan\u00fdmi t\u00fddny"},"content":{"rendered":"\n<p class=\"wp-block-paragraph\">Kalend\u00e1\u0159 na rok 2027 s jasn\u011b vyzna\u010den\u00fdmi t\u00fddny je ide\u00e1ln\u00edm n\u00e1strojem pro ka\u017ed\u00e9ho, kdo pot\u0159ebuje m\u00edt cel\u00fd rok pod kontrolou. D\u00edky \u010d\u00edslov\u00e1n\u00ed t\u00fddn\u016f podle standardu ISO z\u00edsk\u00e1te p\u0159esnou orientaci v pracovn\u00edch i osobn\u00edch pl\u00e1nech. Tento kalend\u00e1\u0159 je dostupn\u00fd zdarma ke sta\u017een\u00ed, snadno se tiskne a hod\u00ed se do dom\u00e1cnosti, kancel\u00e1\u0159e i \u0161koln\u00edho prost\u0159ed\u00ed.<\/p>\n\n\n\n<hr class=\"wp-block-separator has-alpha-channel-opacity\"\/>\n\n\n\n<h2 class=\"wp-block-heading\">Hlavn\u00ed vlastnosti kalend\u00e1\u0159e 2027 s t\u00fddenn\u00edm \u010d\u00edslov\u00e1n\u00edm<\/h2>\n\n\n\n<p class=\"wp-block-paragraph\">Kalend\u00e1\u0159 je navr\u017een tak, aby poskytoval maxim\u00e1ln\u00ed p\u0159ehlednost a jednoduch\u00e9 pou\u017e\u00edv\u00e1n\u00ed v ka\u017edodenn\u00edm \u017eivot\u011b.<\/p>\n\n\n\n<ul class=\"wp-block-list\">\n<li>Ro\u010dn\u00ed p\u0159ehled na jednom listu \u2013 cel\u00fd rok 2027 p\u0159ehledn\u011b na form\u00e1tu A4, ide\u00e1ln\u00ed pro rychlou orientaci.<\/li>\n\n\n\n<li>\u010c\u00edslov\u00e1n\u00ed t\u00fddn\u016f podle ISO \u2013 ka\u017ed\u00fd t\u00fdden je ozna\u010den \u010d\u00edslem od 1 do 52.<\/li>\n\n\n\n<li>\u010cist\u00e9 minimalistick\u00e9 rozlo\u017een\u00ed \u2013 jednoduch\u00fd design s dostatkem prostoru pro vlastn\u00ed pozn\u00e1mky.<\/li>\n\n\n\n<li>Modern\u00ed vizu\u00e1ln\u00ed styl \u2013 vhodn\u00fd do dom\u00e1c\u00ed kancel\u00e1\u0159e, pracovny i firemn\u00edho prost\u0159ed\u00ed.<\/li>\n\n\n\n<li>Kvalitn\u00ed typografie \u2013 dob\u0159e \u010diteln\u00e9 p\u00edsmo a jasn\u00e9 rozvr\u017een\u00ed pro pohodln\u00e9 pou\u017e\u00edv\u00e1n\u00ed.<\/li>\n<\/ul>\n\n\n\n<hr class=\"wp-block-separator has-alpha-channel-opacity\"\/>\n\n\n\n<h2 class=\"wp-block-heading\">Dostupn\u00e9 form\u00e1ty ke sta\u017een\u00ed<\/h2>\n\n\n\n<p class=\"wp-block-paragraph\">Kalend\u00e1\u0159 2027 je p\u0159ipraven ve dvou univerz\u00e1ln\u00edch form\u00e1tech, kter\u00e9 pokr\u00fdvaj\u00ed pot\u0159eby b\u011b\u017en\u00fdch u\u017eivatel\u016f i firem.<\/p>\n\n\n\n<ul class=\"wp-block-list\">\n<li>PDF verze \u2013 ide\u00e1ln\u00ed pro okam\u017eit\u00fd tisk bez nutnosti \u00faprav.<\/li>\n\n\n\n<li>DOCX verze \u2013 vhodn\u00e1 pro \u00fapravy v Microsoft Wordu, dopln\u011bn\u00ed barev, pozn\u00e1mek nebo firemn\u00edho loga.<\/li>\n<\/ul>\n\n\n\n<hr class=\"wp-block-separator has-alpha-channel-opacity\"\/>\n\n\n\n<h2 class=\"wp-block-heading\">Jak st\u00e1hnout a pou\u017e\u00edvat kalend\u00e1\u0159 2027<\/h2>\n\n\n\n<p class=\"wp-block-paragraph\">Pou\u017eit\u00ed kalend\u00e1\u0159e je rychl\u00e9 a intuitivn\u00ed. Sta\u010d\u00ed n\u011bkolik jednoduch\u00fdch krok\u016f:<\/p>\n\n\n\n<ul class=\"wp-block-list\">\n<li>Vyberte preferovan\u00fd form\u00e1t a st\u00e1hn\u011bte si PDF nebo DOCX.<\/li>\n\n\n\n<li>Ulo\u017ete soubor do po\u010d\u00edta\u010de.<\/li>\n\n\n\n<li>Tiskn\u011bte PDF na pap\u00edr A4 v b\u011b\u017en\u00e9m prohl\u00ed\u017ee\u010di.<\/li>\n\n\n\n<li>Upravte DOCX ve Wordu podle sv\u00fdch pot\u0159eb \u2013 barvy, pozn\u00e1mky, zv\u00fdrazn\u011bn\u00ed.<\/li>\n<\/ul>\n\n\n\n<hr class=\"wp-block-separator has-alpha-channel-opacity\"\/>\n\n\n\n<h2 class=\"wp-block-heading\">Tipy pro efektivn\u00ed pou\u017e\u00edv\u00e1n\u00ed kalend\u00e1\u0159e<\/h2>\n\n\n\n<p class=\"wp-block-paragraph\">Aby kalend\u00e1\u0159 slou\u017eil co nejl\u00e9pe, m\u016f\u017eete vyu\u017e\u00edt n\u011bkolik praktick\u00fdch doporu\u010den\u00ed:<\/p>\n\n\n\n<ul class=\"wp-block-list\">\n<li>Barevn\u00e9 zv\u00fdrazn\u011bn\u00ed pro d\u016fle\u017eit\u00e9 t\u00fddny, projekty nebo obdob\u00ed dovolen\u00fdch.<\/li>\n\n\n\n<li>Dopl\u0148ov\u00e1n\u00ed sv\u00e1tk\u016f a ud\u00e1lost\u00ed pro lep\u0161\u00ed p\u0159ehlednost.<\/li>\n\n\n\n<li>Pou\u017eit\u00ed samolepic\u00edch pap\u00edrk\u016f pro rychl\u00e9 pozn\u00e1mky.<\/li>\n\n\n\n<li>Laminace kalend\u00e1\u0159e pro vy\u0161\u0161\u00ed odolnost a mo\u017enost psan\u00ed st\u00edrateln\u00fdmi fixy.<\/li>\n<\/ul>\n\n\n\n<hr class=\"wp-block-separator has-alpha-channel-opacity\"\/>\n\n\n\n<h2 class=\"wp-block-heading\">Tisk kalend\u00e1\u0159e 2027 s \u010d\u00edslovan\u00fdmi t\u00fddny<\/h2>\n\n\n\n<p class=\"wp-block-paragraph\">Kalend\u00e1\u0159 s t\u00fddenn\u00edm \u010d\u00edslov\u00e1n\u00edm v\u00e1m poskytne jasn\u00fd p\u0159ehled o cel\u00e9m roce a pom\u016f\u017ee v\u00e1m l\u00e9pe pl\u00e1novat pracovn\u00ed povinnosti, osobn\u00ed c\u00edle i volno\u010dasov\u00e9 aktivity. Sta\u010d\u00ed si jej st\u00e1hnout, vytisknout a za\u010d\u00edt pou\u017e\u00edvat ka\u017ed\u00fd den.<\/p>\n\n\n\n<hr class=\"wp-block-separator has-alpha-channel-opacity\"\/>\n\n\n\n<figure class=\"wp-block-image size-large\"><img loading=\"lazy\" decoding=\"async\" width=\"724\" height=\"1024\" src=\"https:\/\/kalendare365.eu\/wp-content\/uploads\/2026\/02\/Kalendar-2027-s-cislovanymi-tydny-724x1024.webp\" alt=\"\" class=\"wp-image-3481\" srcset=\"https:\/\/kalendare365.eu\/wp-content\/uploads\/2026\/02\/Kalendar-2027-s-cislovanymi-tydny-724x1024.webp 724w, https:\/\/kalendare365.eu\/wp-content\/uploads\/2026\/02\/Kalendar-2027-s-cislovanymi-tydny-212x300.webp 212w, https:\/\/kalendare365.eu\/wp-content\/uploads\/2026\/02\/Kalendar-2027-s-cislovanymi-tydny-768x1086.webp 768w, https:\/\/kalendare365.eu\/wp-content\/uploads\/2026\/02\/Kalendar-2027-s-cislovanymi-tydny.webp 800w\" sizes=\"auto, (max-width: 724px) 100vw, 724px\" \/><\/figure>\n\n\n\n<p class=\"has-text-align-center wp-block-paragraph\"><a href=\"https:\/\/kalendare365.eu\/wp-content\/uploads\/2026\/02\/Kalendar-2027-s-cislovanymi-tydny.pdf\" target=\"_blank\" rel=\"noreferrer noopener nofollow\">PDF<\/a> | <a href=\"https:\/\/kalendare365.eu\/wp-content\/uploads\/2026\/02\/Kalendar-2027-s-cislovanymi-tydny.docx\" target=\"_blank\" rel=\"noreferrer noopener nofollow\">WORD<\/a><\/p>\n\n\n\n<h2 class=\"wp-block-heading\">Z\u00e1v\u011br<\/h2>\n\n\n\n<p class=\"wp-block-paragraph\">Kalend\u00e1\u0159 2027 s \u010d\u00edslovan\u00fdmi t\u00fddny je praktick\u00fd, p\u0159ehledn\u00fd a univerz\u00e1ln\u00ed n\u00e1stroj pro ka\u017ed\u00e9ho, kdo chce m\u00edt rok pevn\u011b pod kontrolou. D\u00edky jednoduch\u00e9mu designu, dostupnosti ve form\u00e1tech PDF a DOCX a mo\u017enosti vlastn\u00edch \u00faprav se st\u00e1v\u00e1 ide\u00e1ln\u00edm pomocn\u00edkem pro dom\u00e1cnost, kancel\u00e1\u0159 i studium. St\u00e1hn\u011bte si jej zdarma a u\u017eijte si rok 2027 s jasnou strukturou a pohodln\u00fdm pl\u00e1nov\u00e1n\u00edm.<\/p>\n","protected":false},"excerpt":{"rendered":"<p>Kalend\u00e1\u0159 na rok 2027 s jasn\u011b vyzna\u010den\u00fdmi t\u00fddny je ide\u00e1ln\u00edm n\u00e1strojem pro ka\u017ed\u00e9ho, kdo pot\u0159ebuje m\u00edt cel\u00fd rok pod kontrolou. D\u00edky \u010d\u00edslov\u00e1n\u00ed t\u00fddn\u016f podle standardu ISO z\u00edsk\u00e1te p\u0159esnou orientaci v pracovn\u00edch i osobn\u00edch pl\u00e1nech. Tento kalend\u00e1\u0159 je dostupn\u00fd zdarma ke sta\u017een\u00ed, snadno se tiskne a hod\u00ed se do dom\u00e1cnosti, kancel\u00e1\u0159e i \u0161koln\u00edho prost\u0159ed\u00ed. Hlavn\u00ed vlastnosti [&hellip;]<\/p>\n","protected":false},"author":1,"featured_media":0,"comment_status":"open","ping_status":"closed","sticky":false,"template":"","format":"standard","meta":{"footnotes":""},"categories":[1],"tags":[34],"class_list":["post-3480","post","type-post","status-publish","format-standard","hentry","category-vyrocni","tag-34"],"_links":{"self":[{"href":"https:\/\/kalendare365.eu\/index.php?rest_route=\/wp\/v2\/posts\/3480","targetHints":{"allow":["GET"]}}],"collection":[{"href":"https:\/\/kalendare365.eu\/index.php?rest_route=\/wp\/v2\/posts"}],"about":[{"href":"https:\/\/kalendare365.eu\/index.php?rest_route=\/wp\/v2\/types\/post"}],"author":[{"embeddable":true,"href":"https:\/\/kalendare365.eu\/index.php?rest_route=\/wp\/v2\/users\/1"}],"replies":[{"embeddable":true,"href":"https:\/\/kalendare365.eu\/index.php?rest_route=%2Fwp%2Fv2%2Fcomments&post=3480"}],"version-history":[{"count":2,"href":"https:\/\/kalendare365.eu\/index.php?rest_route=\/wp\/v2\/posts\/3480\/revisions"}],"predecessor-version":[{"id":3724,"href":"https:\/\/kalendare365.eu\/index.php?rest_route=\/wp\/v2\/posts\/3480\/revisions\/3724"}],"wp:attachment":[{"href":"https:\/\/kalendare365.eu\/index.php?rest_route=%2Fwp%2Fv2%2Fmedia&parent=3480"}],"wp:term":[{"taxonomy":"category","embeddable":true,"href":"https:\/\/kalendare365.eu\/index.php?rest_route=%2Fwp%2Fv2%2Fcategories&post=3480"},{"taxonomy":"post_tag","embeddable":true,"href":"https:\/\/kalendare365.eu\/index.php?rest_route=%2Fwp%2Fv2%2Ftags&post=3480"}],"curies":[{"name":"wp","href":"https:\/\/api.w.org\/{rel}","templated":true}]}}