{"id":3574,"date":"2026-04-11T19:02:15","date_gmt":"2026-04-11T16:02:15","guid":{"rendered":"https:\/\/kalendare365.eu\/?p=3574"},"modified":"2026-04-11T19:06:00","modified_gmt":"2026-04-11T16:06:00","slug":"stitky-na-zavazadla-k-vytisteni-prehled-a-prakticke-tipy","status":"publish","type":"post","link":"https:\/\/kalendare365.eu\/?p=3574","title":{"rendered":"\u0160t\u00edtky na zavazadla k vyti\u0161t\u011bn\u00ed \u2013 p\u0159ehled a praktick\u00e9 tipy"},"content":{"rendered":"\n<p class=\"wp-block-paragraph\">P\u0159i p\u0159\u00edprav\u011b na cestu chceme m\u00edt jistotu, \u017ee na\u0161e osobn\u00ed v\u011bci doraz\u00ed do c\u00edle bezpe\u010dn\u011b. Ztracen\u00fd kufr dok\u00e1\u017ee pokazit i tu nejl\u00e9pe napl\u00e1novanou dovolenou, a pr\u00e1v\u011b proto se vyplat\u00ed ozna\u010dit zavazadlo kvalitn\u00ed a dob\u0159e \u010ditelnou visa\u010dkou. Na t\u00e9to str\u00e1nce najdete v\u00fdb\u011br <strong>bezplatn\u00fdch \u0161t\u00edtk\u016f na kufry k vyti\u0161t\u011bn\u00ed<\/strong>, kter\u00e9 spojuj\u00ed jednoduchost, funk\u010dnost a p\u011bkn\u00fd design.<\/p>\n\n\n\n<hr class=\"wp-block-separator has-alpha-channel-opacity\"\/>\n\n\n\n<h2 class=\"wp-block-heading\"><strong>Pro\u010d je d\u016fle\u017eit\u00e9 ozna\u010dit sv\u00e9 zavazadlo<\/strong><\/h2>\n\n\n\n<p class=\"wp-block-paragraph\">I kdy\u017e leteck\u00e9 spole\u010dnosti n\u011bkdy poskytuj\u00ed pap\u00edrov\u00e9 visa\u010dky, ty se mohou snadno po\u0161kodit. Vlastn\u00ed \u0161t\u00edtek m\u00e1 n\u011bkolik v\u00fdhod:<\/p>\n\n\n\n<ul class=\"wp-block-list\">\n<li><strong>Rychl\u00e1 identifikace<\/strong> \u2013 pokud se kufr zatoul\u00e1 v autobuse, vlaku nebo na leti\u0161ti, va\u0161e kontaktn\u00ed \u00fadaje umo\u017en\u00ed rychl\u00e9 vr\u00e1cen\u00ed.<\/li>\n\n\n\n<li><strong>M\u00e9n\u011b z\u00e1m\u011bn na p\u00e1su<\/strong> \u2013 mnoho kufr\u016f vypad\u00e1 podobn\u011b. Barevn\u00fd nebo origin\u00e1ln\u00ed \u0161t\u00edtek pom\u016f\u017ee ten v\u00e1\u0161 okam\u017eit\u011b poznat.<\/li>\n\n\n\n<li><strong>Spln\u011bn\u00ed pravidel<\/strong> \u2013 u n\u011bkter\u00fdch dopravc\u016f (nap\u0159. u vlak\u016f ve Francii) je ozna\u010den\u00ed zavazadel povinn\u00e9 z bezpe\u010dnostn\u00edch d\u016fvod\u016f.<\/li>\n<\/ul>\n\n\n\n<hr class=\"wp-block-separator has-alpha-channel-opacity\"\/>\n\n\n\n<h2 class=\"wp-block-heading\"><strong>Jak pou\u017e\u00edvat na\u0161e tisknuteln\u00e9 \u0161t\u00edtky<\/strong><\/h2>\n\n\n\n<p class=\"wp-block-paragraph\">Postup je jednoduch\u00fd:<\/p>\n\n\n\n<ol class=\"wp-block-list\">\n<li><strong>Vyberte si design<\/strong> \u2013 od jednoduch\u00fdch a elegantn\u00edch po hrav\u00e9 motivy pro d\u011bti.<\/li>\n\n\n\n<li><strong>St\u00e1hn\u011bte a vytiskn\u011bte<\/strong> \u2013 soubory jsou dostupn\u00e9 ve form\u00e1tu PDF, obr\u00e1zku nebo Wordu. Pro v\u011bt\u0161\u00ed odolnost doporu\u010dujeme tvrd\u0161\u00ed pap\u00edr.<\/li>\n\n\n\n<li><strong>Dopl\u0148te \u00fadaje<\/strong> \u2013 napi\u0161te sv\u00e9 kontakty \u010diteln\u011b a p\u0159ehledn\u011b.<\/li>\n\n\n\n<li><strong>Chra\u0148te \u0161t\u00edtek<\/strong> \u2013 ide\u00e1ln\u00ed je laminace nebo p\u0159elepen\u00ed pr\u016fhlednou p\u00e1skou.<\/li>\n\n\n\n<li><strong>P\u0159ipevn\u011bte k zavazadlu<\/strong> \u2013 pou\u017eijte pevnou \u0161\u0148\u016frku nebo plastov\u00fd \u00fachyt.<\/li>\n<\/ol>\n\n\n\n<hr class=\"wp-block-separator has-alpha-channel-opacity\"\/>\n\n\n\n<h2 class=\"wp-block-heading\"><strong>Jak\u00e9 informace uv\u00e9st na \u0161t\u00edtku<\/strong><\/h2>\n\n\n\n<p class=\"wp-block-paragraph\">Aby byly va\u0161e \u00fadaje u\u017eite\u010dn\u00e9, ale z\u00e1rove\u0148 chr\u00e1nily soukrom\u00ed, doporu\u010duje se uv\u00e9st:<\/p>\n\n\n\n<ul class=\"wp-block-list\">\n<li>jm\u00e9no a p\u0159\u00edjmen\u00ed,<\/li>\n\n\n\n<li>telefonn\u00ed \u010d\u00edslo s mezin\u00e1rodn\u00ed p\u0159edvolbou,<\/li>\n\n\n\n<li>e\u2011mailovou adresu,<\/li>\n\n\n\n<li>p\u0159\u00edpadn\u011b adresu m\u00edsta pobytu (nikoli domovskou).<\/li>\n<\/ul>\n\n\n\n<hr class=\"wp-block-separator has-alpha-channel-opacity\"\/>\n\n\n\n<figure class=\"wp-block-image size-full\"><img loading=\"lazy\" decoding=\"async\" width=\"800\" height=\"566\" src=\"https:\/\/kalendare365.eu\/wp-content\/uploads\/2026\/04\/Stitky-na-zavazadla-k-vytisteni.webp\" alt=\"\" class=\"wp-image-3575\" srcset=\"https:\/\/kalendare365.eu\/wp-content\/uploads\/2026\/04\/Stitky-na-zavazadla-k-vytisteni.webp 800w, https:\/\/kalendare365.eu\/wp-content\/uploads\/2026\/04\/Stitky-na-zavazadla-k-vytisteni-300x212.webp 300w, https:\/\/kalendare365.eu\/wp-content\/uploads\/2026\/04\/Stitky-na-zavazadla-k-vytisteni-768x543.webp 768w\" sizes=\"auto, (max-width: 800px) 100vw, 800px\" \/><\/figure>\n\n\n\n<p class=\"has-text-align-center wp-block-paragraph\"><a href=\"https:\/\/kalendare365.eu\/wp-content\/uploads\/2026\/04\/Stitky-na-zavazadla-k-vytisteni.pdf\" target=\"_blank\" rel=\"noreferrer noopener nofollow\">PDF<\/a><\/p>\n\n\n\n<h2 class=\"wp-block-heading\"><strong>Z\u00e1v\u011br<\/strong><\/h2>\n\n\n\n<p class=\"wp-block-paragraph\">Spr\u00e1vn\u011b ozna\u010den\u00e9 zavazadlo v\u00e1m u\u0161et\u0159\u00ed starosti a umo\u017en\u00ed cestovat s v\u011bt\u0161\u00edm klidem. Vyberte si n\u011bkter\u00fd z p\u0159ipraven\u00fdch \u0161t\u00edtk\u016f, vytiskn\u011bte ho a u\u017eijte si cestu bez zbyte\u010dn\u00fdch komplikac\u00ed.<\/p>\n","protected":false},"excerpt":{"rendered":"<p>P\u0159i p\u0159\u00edprav\u011b na cestu chceme m\u00edt jistotu, \u017ee na\u0161e osobn\u00ed v\u011bci doraz\u00ed do c\u00edle bezpe\u010dn\u011b. Ztracen\u00fd kufr dok\u00e1\u017ee pokazit i tu nejl\u00e9pe napl\u00e1novanou dovolenou, a pr\u00e1v\u011b proto se vyplat\u00ed ozna\u010dit zavazadlo kvalitn\u00ed a dob\u0159e \u010ditelnou visa\u010dkou. Na t\u00e9to str\u00e1nce najdete v\u00fdb\u011br bezplatn\u00fdch \u0161t\u00edtk\u016f na kufry k vyti\u0161t\u011bn\u00ed, kter\u00e9 spojuj\u00ed jednoduchost, funk\u010dnost a p\u011bkn\u00fd design. Pro\u010d [&hellip;]<\/p>\n","protected":false},"author":1,"featured_media":0,"comment_status":"closed","ping_status":"closed","sticky":false,"template":"","format":"standard","meta":{"footnotes":""},"categories":[30],"tags":[],"class_list":["post-3574","post","type-post","status-publish","format-standard","hentry","category-stahnout-a-vytisknout"],"_links":{"self":[{"href":"https:\/\/kalendare365.eu\/index.php?rest_route=\/wp\/v2\/posts\/3574","targetHints":{"allow":["GET"]}}],"collection":[{"href":"https:\/\/kalendare365.eu\/index.php?rest_route=\/wp\/v2\/posts"}],"about":[{"href":"https:\/\/kalendare365.eu\/index.php?rest_route=\/wp\/v2\/types\/post"}],"author":[{"embeddable":true,"href":"https:\/\/kalendare365.eu\/index.php?rest_route=\/wp\/v2\/users\/1"}],"replies":[{"embeddable":true,"href":"https:\/\/kalendare365.eu\/index.php?rest_route=%2Fwp%2Fv2%2Fcomments&post=3574"}],"version-history":[{"count":1,"href":"https:\/\/kalendare365.eu\/index.php?rest_route=\/wp\/v2\/posts\/3574\/revisions"}],"predecessor-version":[{"id":3578,"href":"https:\/\/kalendare365.eu\/index.php?rest_route=\/wp\/v2\/posts\/3574\/revisions\/3578"}],"wp:attachment":[{"href":"https:\/\/kalendare365.eu\/index.php?rest_route=%2Fwp%2Fv2%2Fmedia&parent=3574"}],"wp:term":[{"taxonomy":"category","embeddable":true,"href":"https:\/\/kalendare365.eu\/index.php?rest_route=%2Fwp%2Fv2%2Fcategories&post=3574"},{"taxonomy":"post_tag","embeddable":true,"href":"https:\/\/kalendare365.eu\/index.php?rest_route=%2Fwp%2Fv2%2Ftags&post=3574"}],"curies":[{"name":"wp","href":"https:\/\/api.w.org\/{rel}","templated":true}]}}