{"id":3697,"date":"2026-05-22T13:31:27","date_gmt":"2026-05-22T10:31:27","guid":{"rendered":"https:\/\/kalendare365.eu\/?p=3697"},"modified":"2026-05-22T13:31:28","modified_gmt":"2026-05-22T10:31:28","slug":"vodickove-linky-k-vytisteni-pro-motivacni-dopis","status":"publish","type":"post","link":"https:\/\/kalendare365.eu\/?p=3697","title":{"rendered":"Vodi\u010dkov\u00e9 linky k vyti\u0161t\u011bn\u00ed pro motiva\u010dn\u00ed dopis"},"content":{"rendered":"\n<p class=\"wp-block-paragraph\">Ru\u010dn\u011b psan\u00fd motiva\u010dn\u00ed dopis p\u016fsob\u00ed osobn\u011b, pe\u010dliv\u011b a profesion\u00e1ln\u011b. Aby v\u0161ak v\u00fdsledek skute\u010dn\u011b zaujal, je pot\u0159eba nejen kvalitn\u00ed obsah, ale tak\u00e9 \u010dist\u00e1 a rovnom\u011brn\u00e1 \u00faprava textu. Pr\u00e1v\u011b k tomu slou\u017e\u00ed jednoduch\u00fd, ale mimo\u0159\u00e1dn\u011b praktick\u00fd n\u00e1stroj \u2013 vodi\u010dkov\u00e9 linky k vyti\u0161t\u011bn\u00ed. Tento nen\u00e1padn\u00fd podklad pom\u00e1h\u00e1 udr\u017eet rovn\u00e9 \u0159\u00e1dky, sjednotit v\u00fd\u0161ku p\u00edsma a dodat cel\u00e9mu dokumentu upraven\u00fd vzhled.<\/p>\n\n\n\n<h2 class=\"wp-block-heading\">Co jsou vodi\u010dkov\u00e9 linky<\/h2>\n\n\n\n<p class=\"wp-block-paragraph\">Vodi\u010dkov\u00e9 linky jsou pr\u016fsvitn\u00e9 pomocn\u00e9 \u010d\u00e1ry vyti\u0161t\u011bn\u00e9 na samostatn\u00e9m listu pap\u00edru. P\u0159i psan\u00ed se vlo\u017e\u00ed pod \u010dist\u00fd pap\u00edr a d\u00edky jemn\u00e9 pr\u016fhlednosti slou\u017e\u00ed jako vizu\u00e1ln\u00ed vod\u00edtko. Umo\u017e\u0148uj\u00ed ps\u00e1t rovn\u011b, pravideln\u011b a bez ne\u017e\u00e1douc\u00edho stoup\u00e1n\u00ed \u010di kles\u00e1n\u00ed textu. V\u00fdsledkem je motiva\u010dn\u00ed dopis, kter\u00fd p\u016fsob\u00ed uhlazen\u011b a profesion\u00e1ln\u011b.<\/p>\n\n\n\n<h2 class=\"wp-block-heading\">Pro\u010d pou\u017e\u00edvat vodi\u010dkov\u00e9 linky<\/h2>\n\n\n\n<p class=\"wp-block-paragraph\">\u2013 Rovn\u00e9 \u0159\u00e1dky \u2014 Pomocn\u00e9 \u010d\u00e1ry zabra\u0148uj\u00ed tomu, aby text ut\u00edkal nahoru nebo dol\u016f.<br>\u2013 Lep\u0161\u00ed \u010ditelnost \u2014 Pravideln\u00e9 rozestupy mezi \u0159\u00e1dky zaji\u0161\u0165uj\u00ed p\u0159ehlednou a vzdu\u0161nou strukturu.<br>\u2013 Soust\u0159ed\u011bn\u00ed na obsah \u2014 Nemus\u00ed\u0161 hl\u00eddat rovnost p\u00edsma, tak\u017ee se m\u016f\u017ee\u0161 pln\u011b v\u011bnovat formulaci my\u0161lenek.<\/p>\n\n\n\n<h2 class=\"wp-block-heading\">Jak vodi\u010dkov\u00e9 linky pou\u017e\u00edvat<\/h2>\n\n\n\n<h3 class=\"wp-block-heading\">P\u0159\u00edprava<\/h3>\n\n\n\n<p class=\"wp-block-paragraph\">St\u00e1hni si \u0161ablonu ve form\u00e1tu A4 a vytiskni ji. \u010c\u00e1ry by m\u011bly b\u00fdt dostate\u010dn\u011b v\u00fdrazn\u00e9, aby byly vid\u011bt p\u0159es pap\u00edr, ale z\u00e1rove\u0148 ne ru\u0161iv\u00e9.<\/p>\n\n\n\n<h3 class=\"wp-block-heading\">Um\u00edst\u011bn\u00ed<\/h3>\n\n\n\n<p class=\"wp-block-paragraph\">Vlo\u017e vyti\u0161t\u011bn\u00fd list pod pap\u00edr, na kter\u00fd bude\u0161 ps\u00e1t motiva\u010dn\u00ed dopis. Linky se jemn\u011b objev\u00ed skrz a poslou\u017e\u00ed jako vod\u00edtko.<\/p>\n\n\n\n<h3 class=\"wp-block-heading\">Psan\u00ed<\/h3>\n\n\n\n<p class=\"wp-block-paragraph\">Pi\u0161 p\u0159\u00edmo nad viditeln\u00e9 \u010d\u00e1ry. D\u00edky tomu bude cel\u00fd text rovnom\u011brn\u00fd od za\u010d\u00e1tku a\u017e do konce.<\/p>\n\n\n\n<h2 class=\"wp-block-heading\">Dostupn\u00e9 \u0161ablony<\/h2>\n\n\n\n<p class=\"wp-block-paragraph\">\u2013 Standardn\u00ed interlinia 1 cm \u2014 Vhodn\u00e1 pro b\u011b\u017en\u011b velk\u00e9 p\u00edsmo.<br>\u2013 \u0160ir\u0161\u00ed linky 12 mm \u2014 Ide\u00e1ln\u00ed pro v\u011bt\u0161\u00ed, otev\u0159en\u011bj\u0161\u00ed rukopis. K dispozici v PDF i Wordu.<\/p>\n\n\n\n<p class=\"wp-block-paragraph\">Pokud hled\u00e1\u0161 jin\u00fd typ podkladu, m\u016f\u017ee\u0161 vyzkou\u0161et tak\u00e9 linkovan\u00fd pap\u00edr A4.<\/p>\n\n\n\n<figure class=\"wp-block-image size-large\"><img loading=\"lazy\" decoding=\"async\" width=\"724\" height=\"1024\" src=\"https:\/\/kalendare365.eu\/wp-content\/uploads\/2026\/05\/Vodickove-linky-k-vytisteni-pro-motivacni-dopis-724x1024.webp\" alt=\"\" class=\"wp-image-3698\" srcset=\"https:\/\/kalendare365.eu\/wp-content\/uploads\/2026\/05\/Vodickove-linky-k-vytisteni-pro-motivacni-dopis-724x1024.webp 724w, https:\/\/kalendare365.eu\/wp-content\/uploads\/2026\/05\/Vodickove-linky-k-vytisteni-pro-motivacni-dopis-212x300.webp 212w, https:\/\/kalendare365.eu\/wp-content\/uploads\/2026\/05\/Vodickove-linky-k-vytisteni-pro-motivacni-dopis-768x1086.webp 768w, https:\/\/kalendare365.eu\/wp-content\/uploads\/2026\/05\/Vodickove-linky-k-vytisteni-pro-motivacni-dopis.webp 800w\" sizes=\"auto, (max-width: 724px) 100vw, 724px\" \/><\/figure>\n\n\n\n<p class=\"has-text-align-center wp-block-paragraph\"><a href=\"https:\/\/kalendare365.eu\/wp-content\/uploads\/2026\/05\/Vodickove-linky-k-vytisteni-pro-motivacni-dopis.pdf\" target=\"_blank\" rel=\"noreferrer noopener nofollow\">PDF<\/a> | <a href=\"https:\/\/kalendare365.eu\/wp-content\/uploads\/2026\/05\/Vodickove-linky-k-vytisteni-pro-motivacni-dopis.docx\" target=\"_blank\" rel=\"noreferrer noopener nofollow\">WORD<\/a><\/p>\n\n\n\n<h2 class=\"wp-block-heading\">Z\u00e1v\u011br<\/h2>\n\n\n\n<p class=\"wp-block-paragraph\">Vodi\u010dkov\u00e9 linky k vyti\u0161t\u011bn\u00ed jsou nen\u00e1padn\u00fdm, ale velmi \u00fa\u010dinn\u00fdm pomocn\u00edkem p\u0159i psan\u00ed ru\u010dn\u00edho motiva\u010dn\u00edho dopisu. Umo\u017e\u0148uj\u00ed dos\u00e1hnout \u010dist\u00e9, rovn\u00e9 a profesion\u00e1ln\u00ed \u00fapravy textu bez n\u00e1mahy. D\u00edky nim p\u016fsob\u00ed dopis harmonicky, p\u0159ehledn\u011b a zanech\u00e1 na personalistovi dojem pe\u010dlivosti a d\u016fslednosti. Mal\u00fd detail, kter\u00fd m\u016f\u017ee v\u00fdrazn\u011b ovlivnit celkov\u00fd v\u00fdsledek.<\/p>\n","protected":false},"excerpt":{"rendered":"<p>Ru\u010dn\u011b psan\u00fd motiva\u010dn\u00ed dopis p\u016fsob\u00ed osobn\u011b, pe\u010dliv\u011b a profesion\u00e1ln\u011b. Aby v\u0161ak v\u00fdsledek skute\u010dn\u011b zaujal, je pot\u0159eba nejen kvalitn\u00ed obsah, ale tak\u00e9 \u010dist\u00e1 a rovnom\u011brn\u00e1 \u00faprava textu. Pr\u00e1v\u011b k tomu slou\u017e\u00ed jednoduch\u00fd, ale mimo\u0159\u00e1dn\u011b praktick\u00fd n\u00e1stroj \u2013 vodi\u010dkov\u00e9 linky k vyti\u0161t\u011bn\u00ed. Tento nen\u00e1padn\u00fd podklad pom\u00e1h\u00e1 udr\u017eet rovn\u00e9 \u0159\u00e1dky, sjednotit v\u00fd\u0161ku p\u00edsma a dodat cel\u00e9mu dokumentu upraven\u00fd [&hellip;]<\/p>\n","protected":false},"author":1,"featured_media":3698,"comment_status":"closed","ping_status":"closed","sticky":false,"template":"","format":"standard","meta":{"footnotes":""},"categories":[30],"tags":[],"class_list":["post-3697","post","type-post","status-publish","format-standard","has-post-thumbnail","hentry","category-stahnout-a-vytisknout"],"_links":{"self":[{"href":"https:\/\/kalendare365.eu\/index.php?rest_route=\/wp\/v2\/posts\/3697","targetHints":{"allow":["GET"]}}],"collection":[{"href":"https:\/\/kalendare365.eu\/index.php?rest_route=\/wp\/v2\/posts"}],"about":[{"href":"https:\/\/kalendare365.eu\/index.php?rest_route=\/wp\/v2\/types\/post"}],"author":[{"embeddable":true,"href":"https:\/\/kalendare365.eu\/index.php?rest_route=\/wp\/v2\/users\/1"}],"replies":[{"embeddable":true,"href":"https:\/\/kalendare365.eu\/index.php?rest_route=%2Fwp%2Fv2%2Fcomments&post=3697"}],"version-history":[{"count":1,"href":"https:\/\/kalendare365.eu\/index.php?rest_route=\/wp\/v2\/posts\/3697\/revisions"}],"predecessor-version":[{"id":3701,"href":"https:\/\/kalendare365.eu\/index.php?rest_route=\/wp\/v2\/posts\/3697\/revisions\/3701"}],"wp:featuredmedia":[{"embeddable":true,"href":"https:\/\/kalendare365.eu\/index.php?rest_route=\/wp\/v2\/media\/3698"}],"wp:attachment":[{"href":"https:\/\/kalendare365.eu\/index.php?rest_route=%2Fwp%2Fv2%2Fmedia&parent=3697"}],"wp:term":[{"taxonomy":"category","embeddable":true,"href":"https:\/\/kalendare365.eu\/index.php?rest_route=%2Fwp%2Fv2%2Fcategories&post=3697"},{"taxonomy":"post_tag","embeddable":true,"href":"https:\/\/kalendare365.eu\/index.php?rest_route=%2Fwp%2Fv2%2Ftags&post=3697"}],"curies":[{"name":"wp","href":"https:\/\/api.w.org\/{rel}","templated":true}]}}