{"id":492,"date":"2023-10-12T10:01:29","date_gmt":"2023-10-12T07:01:29","guid":{"rendered":"https:\/\/kalendare365.eu\/?p=492"},"modified":"2026-04-16T11:40:30","modified_gmt":"2026-04-16T08:40:30","slug":"stahnete-si-kalendar-duben-2025","status":"publish","type":"post","link":"https:\/\/kalendare365.eu\/?p=492","title":{"rendered":"St\u00e1hn\u011bte si kalend\u00e1\u0159 duben 2025"},"content":{"rendered":"\n<p class=\"wp-block-paragraph\">Pl\u00e1nujete si \u00fakoly, pracovn\u00ed projekty nebo osobn\u00ed aktivity na duben 2025 a pot\u0159ebujete p\u0159ehledn\u00fd kalend\u00e1\u0159? P\u0159ipravili jsme pro v\u00e1s r\u016fzn\u00e9 varianty kalend\u00e1\u0159\u016f, kter\u00e9 si m\u016f\u017eete zdarma st\u00e1hnout a okam\u017eit\u011b pou\u017e\u00edt. Najdete zde jak tisknuteln\u00e9 PDF verze, tak i upraviteln\u00e9 \u0161ablony ve Wordu.<\/p>\n\n\n\n<hr class=\"wp-block-separator has-alpha-channel-opacity\"\/>\n\n\n\n<h2 class=\"wp-block-heading\"><strong>Dostupn\u00e9 kalend\u00e1\u0159e na duben 2025<\/strong><\/h2>\n\n\n\n<h3 class=\"wp-block-heading\"><strong>Kalend\u00e1\u0159e ve form\u00e1tu PDF<\/strong><\/h3>\n\n\n\n<p class=\"wp-block-paragraph\">PDF kalend\u00e1\u0159e jsou ide\u00e1ln\u00ed pro rychl\u00fd tisk. Nab\u00edz\u00edme je v rozm\u011brech A4 i A3 a v n\u011bkolika stylech a barevn\u00fdch proveden\u00edch. V\u0161echny jsou p\u0159ipraven\u00e9 k okam\u017eit\u00e9mu pou\u017eit\u00ed a m\u016f\u017eete je vyu\u017e\u00edt jak pro osobn\u00ed, tak i komer\u010dn\u00ed \u00fa\u010dely.<\/p>\n\n\n\n<h3 class=\"wp-block-heading\"><strong>Kalend\u00e1\u0159e ve form\u00e1tu Word (DOCX)<\/strong><\/h3>\n\n\n\n<p class=\"wp-block-paragraph\">Pokud pot\u0159ebujete kalend\u00e1\u0159 upravit podle sebe, zvolte Word \u0161ablony. Umo\u017e\u0148uj\u00ed zm\u011bnu barev, p\u00edsma, rozlo\u017een\u00ed i dopln\u011bn\u00ed vlastn\u00edch pozn\u00e1mek. \u0160ablony jsou kompatibiln\u00ed s modern\u00edmi verzemi Microsoft Wordu.<\/p>\n\n\n\n<hr class=\"wp-block-separator has-alpha-channel-opacity\"\/>\n\n\n\n<h2 class=\"wp-block-heading\"><strong>Typy dostupn\u00fdch \u0161ablon<\/strong><\/h2>\n\n\n\n<ul class=\"wp-block-list\">\n<li>Pl\u00e1novac\u00ed kalend\u00e1\u0159 na duben 2025<\/li>\n\n\n\n<li>Kalend\u00e1\u0159 s velk\u00fdmi \u010d\u00edsly<\/li>\n\n\n\n<li>Vertik\u00e1ln\u00ed pl\u00e1nova\u010d<\/li>\n\n\n\n<li>Kalend\u00e1\u0159 s p\u0159edchoz\u00edm a n\u00e1sleduj\u00edc\u00edm m\u011bs\u00edcem<\/li>\n\n\n\n<li>Elegantn\u00ed designov\u00fd kalend\u00e1\u0159<\/li>\n\n\n\n<li>Fotokalend\u00e1\u0159 na duben 2025<\/li>\n\n\n\n<li>Pl\u00e1nova\u010d s m\u00edstem pro pozn\u00e1mky<\/li>\n<\/ul>\n\n\n\n<hr class=\"wp-block-separator has-alpha-channel-opacity\"\/>\n\n\n\n<h2 class=\"wp-block-heading has-text-align-center\">Pl\u00e1nova\u010d kalend\u00e1\u0159e duben 2025<\/h2>\n\n\n\n<center><img decoding=\"async\" class=\"alignnone size-full wp-image-32\" src=\"https:\/\/kalendare365.eu\/wp-content\/uploads\/2023\/10\/planovac-kalendare-duben-2025.webp\" alt=\"\" width=\"500\" height=\"100%\"><\/center>\n\n\n\n<p class=\"has-text-align-center wp-block-paragraph\"><a href=\"https:\/\/kalendare365.eu\/wp-content\/uploads\/2023\/10\/planovac-kalendare-duben-2025.pdf\" target=\"_blank\" rel=\"noopener\">PDF<\/a> &#8212; <a href=\"https:\/\/kalendare365.eu\/wp-content\/uploads\/2023\/10\/planovac-kalendare-duben-2025.docx\" target=\"_blank\" rel=\"noopener\">DOCx<\/a><\/p>\n\n\n\n<h2 class=\"wp-block-heading has-text-align-center\">Kalend\u00e1\u0159 duben 2025 s velk\u00fdmi \u010d\u00edsly<\/h2>\n\n\n\n<center><img decoding=\"async\" class=\"alignnone size-full wp-image-32\" src=\"https:\/\/kalendare365.eu\/wp-content\/uploads\/2023\/10\/kalendar-duben-2025-s-velkymi-cisly.webp\" alt=\"\" width=\"500\" height=\"100%\"><\/center>\n\n\n\n<p class=\"has-text-align-center wp-block-paragraph\"><a href=\"https:\/\/kalendare365.eu\/wp-content\/uploads\/2023\/10\/kalendar-duben-2025-s-velkymi-cisly.pdf\" target=\"_blank\" rel=\"noopener\">PDF<\/a> &#8212; <a href=\"https:\/\/kalendare365.eu\/wp-content\/uploads\/2023\/10\/kalendar-duben-2025-s-velkymi-cisly.docx\" target=\"_blank\" rel=\"noopener\">DOCx<\/a><\/p>\n\n\n\n<h2 class=\"wp-block-heading has-text-align-center\">Vertik\u00e1ln\u00ed pl\u00e1nova\u010d kalend\u00e1\u0159e na duben 2025<\/h2>\n\n\n\n<center><img decoding=\"async\" class=\"alignnone size-full wp-image-32\" src=\"https:\/\/kalendare365.eu\/wp-content\/uploads\/2023\/10\/vertikalni-planovac-kalendare-na-duben-2025.webp\" alt=\"\" width=\"500\" height=\"100%\"><\/center>\n\n\n\n<p class=\"has-text-align-center wp-block-paragraph\"><a href=\"https:\/\/kalendare365.eu\/wp-content\/uploads\/2023\/10\/vertikalni-planovac-kalendare-na-duben-2025.pdf\" target=\"_blank\" rel=\"noopener\">PDF<\/a> &#8212; <a href=\"https:\/\/kalendare365.eu\/wp-content\/uploads\/2023\/10\/vertikalni-planovac-kalendare-na-duben-2025.docx\" target=\"_blank\" rel=\"noopener\">DOCx<\/a><\/p>\n\n\n\n<h2 class=\"wp-block-heading has-text-align-center\">Kalend\u00e1\u0159 duben 2025 s p\u0159edchoz\u00edm a p\u0159\u00ed\u0161t\u00edm m\u011bs\u00edcem<\/h2>\n\n\n\n<center><img decoding=\"async\" class=\"alignnone size-full wp-image-32\" src=\"https:\/\/kalendare365.eu\/wp-content\/uploads\/2023\/10\/kalendar-duben-2025-s-predchozim-a-pristim-mesicem.webp\" alt=\"\" width=\"500\" height=\"100%\"><\/center>\n\n\n\n<p class=\"has-text-align-center wp-block-paragraph\"><a href=\"https:\/\/kalendare365.eu\/wp-content\/uploads\/2023\/10\/kalendar-duben-2025-s-predchozim-a-pristim-mesicem.pdf\" target=\"_blank\" rel=\"noopener\">PDF<\/a> &#8212; <a href=\"https:\/\/kalendare365.eu\/wp-content\/uploads\/2023\/10\/kalendar-duben-2025-s-predchozim-a-pristim-mesicem.docx\" target=\"_blank\" rel=\"noopener\">DOCx<\/a><\/p>\n\n\n\n<h2 class=\"wp-block-heading has-text-align-center\">Kr\u00e1sn\u00fd kalend\u00e1\u0159 duben 2025<\/h2>\n\n\n\n<center><img decoding=\"async\" class=\"alignnone size-full wp-image-32\" src=\"https:\/\/kalendare365.eu\/wp-content\/uploads\/2023\/10\/krasny-kalendar-duben-2025.webp\" alt=\"\" width=\"500\" height=\"100%\"><\/center>\n\n\n\n<p class=\"has-text-align-center wp-block-paragraph\"><a href=\"https:\/\/kalendare365.eu\/wp-content\/uploads\/2023\/10\/krasny-kalendar-duben-2025.pdf\" target=\"_blank\" rel=\"noopener\">PDF<\/a> &#8212; <a href=\"https:\/\/kalendare365.eu\/wp-content\/uploads\/2023\/10\/krasny-kalendar-duben-2025.docx\" target=\"_blank\" rel=\"noopener\">DOCx<\/a><\/p>\n\n\n\n<h2 class=\"wp-block-heading has-text-align-center\">Fotokalend\u00e1\u0159 duben 2025<\/h2>\n\n\n\n<center><img decoding=\"async\" class=\"alignnone size-full wp-image-32\" src=\"https:\/\/kalendare365.eu\/wp-content\/uploads\/2023\/10\/fotokalendar-duben-2025.webp\" alt=\"\" width=\"500\" height=\"100%\"><\/center>\n\n\n\n<p class=\"has-text-align-center wp-block-paragraph\"><a href=\"https:\/\/kalendare365.eu\/wp-content\/uploads\/2023\/10\/fotokalendar-duben-2025.pdf\" target=\"_blank\" rel=\"noopener\">PDF<\/a> &#8212; <a href=\"https:\/\/kalendare365.eu\/wp-content\/uploads\/2023\/10\/fotokalendar-duben-2025.docx\" target=\"_blank\" rel=\"noopener\">DOCx<\/a><\/p>\n\n\n\n<h2 class=\"wp-block-heading has-text-align-center\">Kr\u00e1sn\u00fd pl\u00e1nova\u010d kalend\u00e1\u0159e duben 2025<\/h2>\n\n\n\n<center><img decoding=\"async\" class=\"alignnone size-full wp-image-32\" src=\"https:\/\/kalendare365.eu\/wp-content\/uploads\/2023\/10\/krasny-planovac-kalendare-duben-2025.webp\" alt=\"\" width=\"500\" height=\"100%\"><\/center>\n\n\n\n<p class=\"has-text-align-center wp-block-paragraph\"><a href=\"https:\/\/kalendare365.eu\/wp-content\/uploads\/2023\/10\/krasny-planovac-kalendare-duben-2025.pdf\" target=\"_blank\" rel=\"noopener\">PDF<\/a> &#8212; <a href=\"https:\/\/kalendare365.eu\/wp-content\/uploads\/2023\/10\/krasny-planovac-kalendare-duben-2025.docx\" target=\"_blank\" rel=\"noopener\">DOCx<\/a><\/p>\n\n\n\n<h2 class=\"wp-block-heading has-text-align-center\">Kalend\u00e1\u0159 duben 2025 s pozn\u00e1mkami<\/h2>\n\n\n\n<center><img decoding=\"async\" class=\"alignnone size-full wp-image-32\" src=\"https:\/\/kalendare365.eu\/wp-content\/uploads\/2023\/10\/kalendar-duben-2025-s-poznamkami.webp\" alt=\"\" width=\"500\" height=\"100%\"><\/center>\n\n\n\n<p class=\"has-text-align-center wp-block-paragraph\"><a href=\"https:\/\/kalendare365.eu\/wp-content\/uploads\/2023\/10\/kalendar-duben-2025-s-poznamkami.pdf\" target=\"_blank\" rel=\"noopener\">PDF<\/a> &#8212; <a href=\"https:\/\/kalendare365.eu\/wp-content\/uploads\/2023\/10\/kalendar-duben-2025-s-poznamkami.docx\" target=\"_blank\" rel=\"noopener\">DOCx<\/a><\/p>\n\n\n\n<h2 class=\"wp-block-heading\"><strong>Z\u00e1v\u011br<\/strong><\/h2>\n\n\n\n<p class=\"wp-block-paragraph\">A\u0165 u\u017e pot\u0159ebujete jednoduch\u00fd m\u011bs\u00ed\u010dn\u00ed p\u0159ehled, prostor pro pozn\u00e1mky nebo upravitelnou \u0161ablonu, kalend\u00e1\u0159e na duben 2025 v\u00e1m pomohou l\u00e9pe organizovat \u010das a zv\u00fd\u0161it produktivitu. Vyberte si variantu, kter\u00e1 v\u00e1m nejv\u00edce vyhovuje, a za\u010dn\u011bte pl\u00e1novat je\u0161t\u011b dnes.<\/p>\n","protected":false},"excerpt":{"rendered":"<p>Pl\u00e1nujete si \u00fakoly, pracovn\u00ed projekty nebo osobn\u00ed aktivity na duben 2025 a pot\u0159ebujete p\u0159ehledn\u00fd kalend\u00e1\u0159? P\u0159ipravili jsme pro v\u00e1s r\u016fzn\u00e9 varianty kalend\u00e1\u0159\u016f, kter\u00e9 si m\u016f\u017eete zdarma st\u00e1hnout a okam\u017eit\u011b pou\u017e\u00edt. Najdete zde jak tisknuteln\u00e9 PDF verze, tak i upraviteln\u00e9 \u0161ablony ve Wordu. Dostupn\u00e9 kalend\u00e1\u0159e na duben 2025 Kalend\u00e1\u0159e ve form\u00e1tu PDF PDF kalend\u00e1\u0159e jsou ide\u00e1ln\u00ed [&hellip;]<\/p>\n","protected":false},"author":1,"featured_media":0,"comment_status":"open","ping_status":"closed","sticky":false,"template":"","format":"standard","meta":{"footnotes":""},"categories":[8],"tags":[28],"class_list":["post-492","post","type-post","status-publish","format-standard","hentry","category-duben","tag-28"],"_links":{"self":[{"href":"https:\/\/kalendare365.eu\/index.php?rest_route=\/wp\/v2\/posts\/492","targetHints":{"allow":["GET"]}}],"collection":[{"href":"https:\/\/kalendare365.eu\/index.php?rest_route=\/wp\/v2\/posts"}],"about":[{"href":"https:\/\/kalendare365.eu\/index.php?rest_route=\/wp\/v2\/types\/post"}],"author":[{"embeddable":true,"href":"https:\/\/kalendare365.eu\/index.php?rest_route=\/wp\/v2\/users\/1"}],"replies":[{"embeddable":true,"href":"https:\/\/kalendare365.eu\/index.php?rest_route=%2Fwp%2Fv2%2Fcomments&post=492"}],"version-history":[{"count":4,"href":"https:\/\/kalendare365.eu\/index.php?rest_route=\/wp\/v2\/posts\/492\/revisions"}],"predecessor-version":[{"id":3605,"href":"https:\/\/kalendare365.eu\/index.php?rest_route=\/wp\/v2\/posts\/492\/revisions\/3605"}],"wp:attachment":[{"href":"https:\/\/kalendare365.eu\/index.php?rest_route=%2Fwp%2Fv2%2Fmedia&parent=492"}],"wp:term":[{"taxonomy":"category","embeddable":true,"href":"https:\/\/kalendare365.eu\/index.php?rest_route=%2Fwp%2Fv2%2Fcategories&post=492"},{"taxonomy":"post_tag","embeddable":true,"href":"https:\/\/kalendare365.eu\/index.php?rest_route=%2Fwp%2Fv2%2Ftags&post=492"}],"curies":[{"name":"wp","href":"https:\/\/api.w.org\/{rel}","templated":true}]}}