{"id":50,"date":"2023-02-20T23:05:23","date_gmt":"2023-02-20T20:05:23","guid":{"rendered":"https:\/\/kalendare365.eu\/?p=50"},"modified":"2026-04-16T11:34:57","modified_gmt":"2026-04-16T08:34:57","slug":"stahnete-si-kalendar-2022","status":"publish","type":"post","link":"https:\/\/kalendare365.eu\/?p=50","title":{"rendered":"St\u00e1hn\u011bte si kalend\u00e1\u0159 2022"},"content":{"rendered":"\n<p class=\"wp-block-paragraph\">Pl\u00e1nujete si rok 2022 a hled\u00e1te p\u0159ehledn\u00fd kalend\u00e1\u0159, kter\u00fd si m\u016f\u017eete zdarma st\u00e1hnout a vytisknout? P\u0159ipravili jsme pro v\u00e1s r\u016fzn\u00e9 typy kalend\u00e1\u0159\u016f v n\u011bkolika form\u00e1tech, aby si ka\u017ed\u00fd na\u0161el p\u0159esn\u011b to, co pot\u0159ebuje \u2013 od jednoduch\u00fdch m\u011bs\u00ed\u010dn\u00edch p\u0159ehled\u016f a\u017e po barevn\u00e9 ro\u010dn\u00ed pl\u00e1nova\u010de.<\/p>\n\n\n\n<hr class=\"wp-block-separator has-alpha-channel-opacity\"\/>\n\n\n\n<h2 class=\"wp-block-heading\"><strong>Druhy kalend\u00e1\u0159\u016f pro rok 2022<\/strong><\/h2>\n\n\n\n<h3 class=\"wp-block-heading\"><strong>M\u011bs\u00ed\u010dn\u00ed kalend\u00e1\u0159e<\/strong><\/h3>\n\n\n\n<p class=\"wp-block-paragraph\">M\u011bs\u00ed\u010dn\u00ed kalend\u00e1\u0159e zobrazuj\u00ed jeden m\u011bs\u00edc na samostatn\u00e9 str\u00e1nce, co\u017e umo\u017e\u0148uje jasn\u00fd p\u0159ehled o v\u0161ech ud\u00e1lostech, sch\u016fzk\u00e1ch a \u00fakolech. K dispozici jsou r\u016fzn\u00e9 styly i rozvr\u017een\u00ed \u2013 vertik\u00e1ln\u00ed, horizont\u00e1ln\u00ed i minimalistick\u00e9 varianty. Jsou ide\u00e1ln\u00ed na st\u011bnu, pracovn\u00ed st\u016fl nebo do dom\u00e1c\u00ed kancel\u00e1\u0159e.<\/p>\n\n\n\n<h3 class=\"wp-block-heading\"><strong>Ro\u010dn\u00ed kalend\u00e1\u0159e<\/strong><\/h3>\n\n\n\n<p class=\"wp-block-paragraph\">Ro\u010dn\u00ed kalend\u00e1\u0159e zobrazuj\u00ed v\u0161ech 12 m\u011bs\u00edc\u016f na jedn\u00e9 str\u00e1nce. D\u00edky tomu z\u00edsk\u00e1te rychl\u00fd p\u0159ehled o cel\u00e9m roce, co\u017e je praktick\u00e9 pro dlouhodob\u00e9 pl\u00e1nov\u00e1n\u00ed, \u0161koln\u00ed rok nebo pracovn\u00ed projekty. Vybrat si m\u016f\u017eete z kompaktn\u00edch i roz\u0161\u00ed\u0159en\u00fdch verz\u00ed.<\/p>\n\n\n\n<h3 class=\"wp-block-heading\"><strong>T\u00fddenn\u00ed kalend\u00e1\u0159e<\/strong><\/h3>\n\n\n\n<p class=\"wp-block-paragraph\">T\u00fddenn\u00ed kalend\u00e1\u0159e zobrazuj\u00ed jeden t\u00fdden na jedn\u00e9 str\u00e1nce a poskytuj\u00ed detailn\u00ed prostor pro ka\u017edodenn\u00ed pozn\u00e1mky. Jsou vhodn\u00e9 pro ty, kte\u0159\u00ed pot\u0159ebuj\u00ed p\u0159esn\u011b pl\u00e1novat sch\u016fzky, sm\u011bny nebo studijn\u00ed rozvrh.<\/p>\n\n\n\n<hr class=\"wp-block-separator has-alpha-channel-opacity\"\/>\n\n\n\n<h2 class=\"wp-block-heading\"><strong>Dostupn\u00e9 form\u00e1ty ke sta\u017een\u00ed<\/strong><\/h2>\n\n\n\n<p class=\"wp-block-paragraph\">V\u0161echny kalend\u00e1\u0159e jsou p\u0159ipraveny v n\u011bkolika form\u00e1tech, aby si ka\u017ed\u00fd mohl zvolit ten nejvhodn\u011bj\u0161\u00ed:<\/p>\n\n\n\n<ul class=\"wp-block-list\">\n<li><strong>PNG<\/strong> \u2013 ide\u00e1ln\u00ed pro rychl\u00fd tisk nebo zobrazen\u00ed na obrazovce<\/li>\n\n\n\n<li><strong>PDF<\/strong> \u2013 vhodn\u00e9 pro profesion\u00e1ln\u00ed tisk nebo sd\u00edlen\u00ed<\/li>\n\n\n\n<li><strong>DOCX<\/strong> \u2013 umo\u017e\u0148uje \u00fapravy v textov\u00fdch editorech, nap\u0159\u00edklad v Microsoft Word<\/li>\n<\/ul>\n\n\n\n<hr class=\"wp-block-separator has-alpha-channel-opacity\"\/>\n\n\n\n<h2 class=\"wp-block-heading\"><strong>U\u017eite\u010dn\u00e9 tipy pro pou\u017eit\u00ed<\/strong><\/h2>\n\n\n\n<ul class=\"wp-block-list\">\n<li>Vyberte si styl, kter\u00fd odpov\u00edd\u00e1 va\u0161im pot\u0159eb\u00e1m \u2013 minimalistick\u00fd, barevn\u00fd nebo s m\u00edstem na pozn\u00e1mky.<\/li>\n\n\n\n<li>Tiskn\u011bte na kvalitn\u00ed pap\u00edr, aby kalend\u00e1\u0159 vydr\u017eel cel\u00fd rok.<\/li>\n\n\n\n<li>Um\u00edst\u011bte kalend\u00e1\u0159 na viditeln\u00e9 m\u00edsto, nap\u0159\u00edklad nad pracovn\u00ed st\u016fl.<\/li>\n\n\n\n<li>Pokud preferujete digit\u00e1ln\u00ed pl\u00e1nov\u00e1n\u00ed, m\u016f\u017eete si kalend\u00e1\u0159 ulo\u017eit do telefonu nebo tabletu.<\/li>\n<\/ul>\n\n\n\n<hr class=\"wp-block-separator has-alpha-channel-opacity\"\/>\n\n\n\n<h2 class=\"wp-block-heading has-text-align-center\">Jednoduch\u00fd kalend\u00e1\u0159 2022<\/h2>\n\n\n\n<center><img decoding=\"async\" class=\"alignnone size-full wp-image-32\" src=\"https:\/\/kalendare365.eu\/wp-content\/uploads\/2023\/02\/kalendar-2022-jednoduchy.webp\" alt=\"\" width=\"500\" height=\"100%\"><\/center>\n\n\n\n<p class=\"has-text-align-center wp-block-paragraph\"><a href=\"https:\/\/kalendare365.eu\/wp-content\/uploads\/2023\/02\/kalendar-2022-jednoduchy.pdf\" target=\"_blank\" rel=\"noopener\">PDF<\/a> &#8212; <a href=\"https:\/\/kalendare365.eu\/wp-content\/uploads\/2023\/02\/kalendar-2022-jednoduchy.docx\" target=\"_blank\" rel=\"noopener\">DOCx<\/a> &#8212; <a href=\"https:\/\/kalendare365.eu\/wp-content\/uploads\/2023\/02\/kalendar-2022-jednoduchy.png\" target=\"_blank\" rel=\"noopener\">PNG<\/a><\/p>\n\n\n\n<h2 class=\"wp-block-heading has-text-align-center\">Kalend\u00e1\u0159 2022 t\u00fddny<\/h2>\n\n\n\n<center><img decoding=\"async\" class=\"alignnone size-full wp-image-32\" src=\"https:\/\/kalendare365.eu\/wp-content\/uploads\/2023\/02\/kalendar-2022-tydny.webp\" alt=\"\" width=\"500\" height=\"100%\"><\/center>\n\n\n\n<p class=\"has-text-align-center wp-block-paragraph\"><a href=\"https:\/\/kalendare365.eu\/wp-content\/uploads\/2023\/02\/kalendar-2022-tydny.pdf\" target=\"_blank\" rel=\"noopener\">PDF<\/a> &#8212; <a href=\"https:\/\/kalendare365.eu\/wp-content\/uploads\/2023\/02\/kalendar-2022-tydny.docx\" target=\"_blank\" rel=\"noopener\">DOCx<\/a> &#8212; <a href=\"https:\/\/kalendare365.eu\/wp-content\/uploads\/2023\/02\/kalendar-2022-tydny.png\" target=\"_blank\" rel=\"noopener\">PNG<\/a><\/p>\n\n\n\n<h2 class=\"wp-block-heading has-text-align-center\">Kalend\u00e1\u0159 2022 na pozn\u00e1mky<\/h2>\n\n\n\n<center><img decoding=\"async\" class=\"alignnone size-full wp-image-32\" src=\"https:\/\/kalendare365.eu\/wp-content\/uploads\/2023\/02\/kalendar-2022-na-poznamky.webp\" alt=\"\" width=\"500\" height=\"100%\"><\/center>\n\n\n\n<p class=\"has-text-align-center wp-block-paragraph\"><a href=\"https:\/\/kalendare365.eu\/wp-content\/uploads\/2023\/02\/kalendar-2022-na-poznamky.pdf\" target=\"_blank\" rel=\"noopener\">PDF<\/a> &#8212; <a href=\"https:\/\/kalendare365.eu\/wp-content\/uploads\/2023\/02\/kalendar-2022-na-poznamky.docx\" target=\"_blank\" rel=\"noopener\">DOCx<\/a> &#8212; <a href=\"https:\/\/kalendare365.eu\/wp-content\/uploads\/2023\/02\/kalendar-2022-na-poznamky.png\" target=\"_blank\" rel=\"noopener\">PNG<\/a><\/p>\n\n\n\n<h2 class=\"wp-block-heading has-text-align-center\">Fotokalend\u00e1\u0159 2022<\/h2>\n\n\n\n<center><img decoding=\"async\" class=\"alignnone size-full wp-image-32\" src=\"https:\/\/kalendare365.eu\/wp-content\/uploads\/2023\/02\/fotokalendar-2022.webp\" alt=\"\" width=\"500\" height=\"100%\"><\/center>\n\n\n\n<p class=\"has-text-align-center wp-block-paragraph\"><a href=\"https:\/\/kalendare365.eu\/wp-content\/uploads\/2023\/02\/fotokalendar-2022.pdf\" target=\"_blank\" rel=\"noopener\">PDF<\/a> &#8212; <a href=\"https:\/\/kalendare365.eu\/wp-content\/uploads\/2023\/02\/fotokalendar-2022.docx\" target=\"_blank\" rel=\"noopener\">DOCx<\/a> &#8212; <a href=\"https:\/\/kalendare365.eu\/wp-content\/uploads\/2023\/02\/fotokalendar-2022.png\" target=\"_blank\" rel=\"noopener\">PNG<\/a><\/p>\n\n\n\n<h2 class=\"wp-block-heading has-text-align-center\">Kalend\u00e1\u0159 2022 pro v\u00fdro\u010dn\u00ed pozn\u00e1mky<\/h2>\n\n\n\n<center><img decoding=\"async\" class=\"alignnone size-full wp-image-32\" src=\"https:\/\/kalendare365.eu\/wp-content\/uploads\/2023\/02\/kalendar-2022-pro-vyrocni-poznamky.webp\" alt=\"\" width=\"500\" height=\"100%\"><\/center>\n\n\n\n<p class=\"has-text-align-center wp-block-paragraph\"><a href=\"https:\/\/kalendare365.eu\/wp-content\/uploads\/2023\/02\/kalendar-2022-pro-vyrocni-poznamky.pdf\" target=\"_blank\" rel=\"noopener\">PDF<\/a> &#8212; <a href=\"https:\/\/kalendare365.eu\/wp-content\/uploads\/2023\/02\/kalendar-2022-pro-vyrocni-poznamky.docx\" target=\"_blank\" rel=\"noopener\">DOCx<\/a> &#8212; <a href=\"https:\/\/kalendare365.eu\/wp-content\/uploads\/2023\/02\/kalendar-2022-pro-vyrocni-poznamky.png\" target=\"_blank\" rel=\"noopener\">PNG<\/a><\/p>\n\n\n\n<h2 class=\"wp-block-heading has-text-align-center\">V\u00edcebarevn\u00fd kalend\u00e1\u0159 2022<\/h2>\n\n\n\n<center><img decoding=\"async\" class=\"alignnone size-full wp-image-32\" src=\"https:\/\/kalendare365.eu\/wp-content\/uploads\/2023\/02\/vicebarevny-kalendar-2022.webp\" alt=\"\" width=\"500\" height=\"100%\"><\/center>\n\n\n\n<p class=\"has-text-align-center wp-block-paragraph\"><a href=\"https:\/\/kalendare365.eu\/wp-content\/uploads\/2023\/02\/vicebarevny-kalendar-2022.pdf\" target=\"_blank\" rel=\"noopener\">PDF<\/a> &#8212; <a href=\"https:\/\/kalendare365.eu\/wp-content\/uploads\/2023\/02\/vicebarevny-kalendar-2022.docx\" target=\"_blank\" rel=\"noopener\">DOCx<\/a> &#8212; <a href=\"https:\/\/kalendare365.eu\/wp-content\/uploads\/2023\/02\/vicebarevny-kalendar-2022.png\" target=\"_blank\" rel=\"noopener\">PNG<\/a><\/p>\n\n\n\n<h2 class=\"wp-block-heading has-text-align-center\">Kr\u00e1sn\u00fd kalend\u00e1\u0159 2022<\/h2>\n\n\n\n<center><img decoding=\"async\" class=\"alignnone size-full wp-image-32\" src=\"https:\/\/kalendare365.eu\/wp-content\/uploads\/2023\/02\/krasny-kalendar-2022.webp\" alt=\"\" width=\"500\" height=\"100%\"><\/center>\n\n\n\n<p class=\"has-text-align-center wp-block-paragraph\"><a href=\"https:\/\/kalendare365.eu\/wp-content\/uploads\/2023\/02\/krasny-kalendar-2022.pdf\" target=\"_blank\" rel=\"noopener\">PDF<\/a> &#8212; <a href=\"https:\/\/kalendare365.eu\/wp-content\/uploads\/2023\/02\/krasny-kalendar-2022.docx\" target=\"_blank\" rel=\"noopener\">DOCx<\/a> &#8212; <a href=\"https:\/\/kalendare365.eu\/wp-content\/uploads\/2023\/02\/krasny-kalendar-2022.png\" target=\"_blank\" rel=\"noopener\">PNG<\/a><\/p>\n\n\n\n<h2 class=\"wp-block-heading has-text-align-center\">Kapesn\u00ed kalend\u00e1\u0159 2022<\/h2>\n\n\n\n<center><img decoding=\"async\" class=\"alignnone size-full wp-image-32\" src=\"https:\/\/kalendare365.eu\/wp-content\/uploads\/2023\/02\/kapesni-kalendar-2022.webp\" alt=\"\" width=\"500\" height=\"100%\"><\/center>\n\n\n\n<p class=\"has-text-align-center wp-block-paragraph\"><a href=\"https:\/\/kalendare365.eu\/wp-content\/uploads\/2023\/02\/kapesni-kalendar-2022.pdf\" target=\"_blank\" rel=\"noopener\">PDF<\/a> &#8212; <a href=\"https:\/\/kalendare365.eu\/wp-content\/uploads\/2023\/02\/kapesni-kalendar-2022.docx\" target=\"_blank\" rel=\"noopener\">DOCx<\/a> &#8212; <a href=\"https:\/\/kalendare365.eu\/wp-content\/uploads\/2023\/02\/kapesni-kalendar-2022.png\" target=\"_blank\" rel=\"noopener\">PNG<\/a><\/p>\n\n\n\n<h2 class=\"wp-block-heading has-text-align-center\">N\u00e1st\u011bnn\u00fd kalend\u00e1\u0159 2022<\/h2>\n\n\n\n<center><img decoding=\"async\" class=\"alignnone size-full wp-image-32\" src=\"https:\/\/kalendare365.eu\/wp-content\/uploads\/2023\/02\/nastenny-kalendar-2022.webp\" alt=\"\" width=\"500\" height=\"100%\"><\/center>\n\n\n\n<p class=\"has-text-align-center wp-block-paragraph\"><a href=\"https:\/\/kalendare365.eu\/wp-content\/uploads\/2023\/02\/nastenny-kalendar-2022.pdf\" target=\"_blank\" rel=\"noopener\">PDF<\/a> &#8212; <a href=\"https:\/\/kalendare365.eu\/wp-content\/uploads\/2023\/02\/nastenny-kalendar-2022.docx\" target=\"_blank\" rel=\"noopener\">DOCx<\/a> &#8212; <a href=\"https:\/\/kalendare365.eu\/wp-content\/uploads\/2023\/02\/nastenny-kalendar-2022.png\" target=\"_blank\" rel=\"noopener\">PNG<\/a><\/p>\n\n\n\n<h2 class=\"wp-block-heading\"><strong>Z\u00e1v\u011br<\/strong><\/h2>\n\n\n\n<p class=\"wp-block-paragraph\">A\u0165 u\u017e pot\u0159ebujete jednoduch\u00fd m\u011bs\u00ed\u010dn\u00ed p\u0159ehled, t\u00fddenn\u00ed pl\u00e1nova\u010d nebo kompletn\u00ed ro\u010dn\u00ed kalend\u00e1\u0159, v\u0161echny \u0161ablony pro rok 2022 m\u00e1te k dispozici ke sta\u017een\u00ed zdarma. Vyberte si form\u00e1t, kter\u00fd v\u00e1m nejl\u00e9pe vyhovuje, a za\u010dn\u011bte pl\u00e1novat sv\u016fj rok p\u0159ehledn\u011b a efektivn\u011b.<\/p>\n","protected":false},"excerpt":{"rendered":"<p>Pl\u00e1nujete si rok 2022 a hled\u00e1te p\u0159ehledn\u00fd kalend\u00e1\u0159, kter\u00fd si m\u016f\u017eete zdarma st\u00e1hnout a vytisknout? P\u0159ipravili jsme pro v\u00e1s r\u016fzn\u00e9 typy kalend\u00e1\u0159\u016f v n\u011bkolika form\u00e1tech, aby si ka\u017ed\u00fd na\u0161el p\u0159esn\u011b to, co pot\u0159ebuje \u2013 od jednoduch\u00fdch m\u011bs\u00ed\u010dn\u00edch p\u0159ehled\u016f a\u017e po barevn\u00e9 ro\u010dn\u00ed pl\u00e1nova\u010de. Druhy kalend\u00e1\u0159\u016f pro rok 2022 M\u011bs\u00ed\u010dn\u00ed kalend\u00e1\u0159e M\u011bs\u00ed\u010dn\u00ed kalend\u00e1\u0159e zobrazuj\u00ed jeden m\u011bs\u00edc [&hellip;]<\/p>\n","protected":false},"author":1,"featured_media":0,"comment_status":"open","ping_status":"closed","sticky":false,"template":"","format":"standard","meta":{"footnotes":""},"categories":[1],"tags":[19],"class_list":["post-50","post","type-post","status-publish","format-standard","hentry","category-vyrocni","tag-19"],"_links":{"self":[{"href":"https:\/\/kalendare365.eu\/index.php?rest_route=\/wp\/v2\/posts\/50","targetHints":{"allow":["GET"]}}],"collection":[{"href":"https:\/\/kalendare365.eu\/index.php?rest_route=\/wp\/v2\/posts"}],"about":[{"href":"https:\/\/kalendare365.eu\/index.php?rest_route=\/wp\/v2\/types\/post"}],"author":[{"embeddable":true,"href":"https:\/\/kalendare365.eu\/index.php?rest_route=\/wp\/v2\/users\/1"}],"replies":[{"embeddable":true,"href":"https:\/\/kalendare365.eu\/index.php?rest_route=%2Fwp%2Fv2%2Fcomments&post=50"}],"version-history":[{"count":3,"href":"https:\/\/kalendare365.eu\/index.php?rest_route=\/wp\/v2\/posts\/50\/revisions"}],"predecessor-version":[{"id":3602,"href":"https:\/\/kalendare365.eu\/index.php?rest_route=\/wp\/v2\/posts\/50\/revisions\/3602"}],"wp:attachment":[{"href":"https:\/\/kalendare365.eu\/index.php?rest_route=%2Fwp%2Fv2%2Fmedia&parent=50"}],"wp:term":[{"taxonomy":"category","embeddable":true,"href":"https:\/\/kalendare365.eu\/index.php?rest_route=%2Fwp%2Fv2%2Fcategories&post=50"},{"taxonomy":"post_tag","embeddable":true,"href":"https:\/\/kalendare365.eu\/index.php?rest_route=%2Fwp%2Fv2%2Ftags&post=50"}],"curies":[{"name":"wp","href":"https:\/\/api.w.org\/{rel}","templated":true}]}}