{"id":518,"date":"2023-10-12T10:07:30","date_gmt":"2023-10-12T07:07:30","guid":{"rendered":"https:\/\/kalendare365.eu\/?p=518"},"modified":"2026-04-14T13:41:00","modified_gmt":"2026-04-14T10:41:00","slug":"stahnete-si-kalendar-kveten-2025","status":"publish","type":"post","link":"https:\/\/kalendare365.eu\/?p=518","title":{"rendered":"St\u00e1hn\u011bte si kalend\u00e1\u0159 kv\u011bten 2025"},"content":{"rendered":"\n<p class=\"wp-block-paragraph\">Kv\u011bten 2025 je m\u011bs\u00edc pln\u00fd jarn\u00ed energie, prodlu\u017euj\u00edc\u00edch se dn\u016f a ide\u00e1ln\u00ed \u010das pro pl\u00e1nov\u00e1n\u00ed pracovn\u00edch povinnost\u00ed i volno\u010dasov\u00fdch aktivit. Abychom v\u00e1m organizaci usnadnili, p\u0159ipravili jsme p\u0159ehled praktick\u00fdch kalend\u00e1\u0159\u016f v r\u016fzn\u00fdch form\u00e1tech, kter\u00e9 si m\u016f\u017eete zdarma st\u00e1hnout a pou\u017e\u00edvat podle sv\u00fdch pot\u0159eb.<\/p>\n\n\n\n<hr class=\"wp-block-separator has-alpha-channel-opacity\"\/>\n\n\n\n<h2 class=\"wp-block-heading\"><strong>Mo\u017enosti sta\u017een\u00ed kalend\u00e1\u0159e na kv\u011bten 2025<\/strong><\/h2>\n\n\n\n<p class=\"wp-block-paragraph\">Nab\u00edz\u00edme n\u011bkolik variant kalend\u00e1\u0159\u016f, aby si ka\u017ed\u00fd mohl vybrat p\u0159esn\u011b to, co mu vyhovuje \u2013 a\u0165 u\u017e preferujete tisk, pr\u00e1ci na po\u010d\u00edta\u010di nebo online pl\u00e1nov\u00e1n\u00ed.<\/p>\n\n\n\n<h3 class=\"wp-block-heading\"><strong>1. Kalend\u00e1\u0159 ve form\u00e1tu PDF<\/strong><\/h3>\n\n\n\n<p class=\"wp-block-paragraph\"><strong>V\u00fdhody:<\/strong><br>\u2013 rychl\u00e9 sta\u017een\u00ed bez nutnosti instalace program\u016f<br>\u2013 ide\u00e1ln\u00ed pro tisk<br><strong>Nev\u00fdhody:<\/strong><br>\u2013 nelze jej p\u0159\u00edmo upravovat<\/p>\n\n\n\n<h3 class=\"wp-block-heading\"><strong>2. Kalend\u00e1\u0159 ve form\u00e1tu PNG (obr\u00e1zek)<\/strong><\/h3>\n\n\n\n<p class=\"wp-block-paragraph\"><strong>V\u00fdhody:<\/strong><br>\u2013 snadn\u00e9 pou\u017eit\u00ed na po\u010d\u00edta\u010di i mobilu<br>\u2013 vhodn\u00fd pro tisk i online sd\u00edlen\u00ed<br><strong>Nev\u00fdhody:<\/strong><br>\u2013 bez mo\u017enosti \u00faprav<\/p>\n\n\n\n<h3 class=\"wp-block-heading\"><strong>3. Online kalend\u00e1\u0159<\/strong><\/h3>\n\n\n\n<p class=\"wp-block-paragraph\"><strong>V\u00fdhody:<\/strong><br>\u2013 okam\u017eit\u00fd p\u0159\u00edstup bez stahov\u00e1n\u00ed<br>\u2013 mo\u017enost p\u0159id\u00e1vat ud\u00e1losti, pozn\u00e1mky a sledovat pl\u00e1n<br><strong>Nev\u00fdhody:<\/strong><br>\u2013 vy\u017eaduje p\u0159ipojen\u00ed k internetu<\/p>\n\n\n\n<hr class=\"wp-block-separator has-alpha-channel-opacity\"\/>\n\n\n\n<h2 class=\"wp-block-heading\"><strong>Dostupn\u00e9 \u0161ablony kalend\u00e1\u0159e kv\u011bten 2025<\/strong><\/h2>\n\n\n\n<p class=\"wp-block-paragraph\">V\u0161echny varianty jsou p\u0159ipraveny ke sta\u017een\u00ed v PDF i DOCX:<\/p>\n\n\n\n<ul class=\"wp-block-list\">\n<li>Pl\u00e1novac\u00ed kalend\u00e1\u0159 kv\u011bten 2025<\/li>\n\n\n\n<li>Kalend\u00e1\u0159 s velk\u00fdmi \u010d\u00edsly<\/li>\n\n\n\n<li>Vertik\u00e1ln\u00ed pl\u00e1nova\u010d<\/li>\n\n\n\n<li>Kalend\u00e1\u0159 s p\u0159edchoz\u00edm a n\u00e1sleduj\u00edc\u00edm m\u011bs\u00edcem<\/li>\n\n\n\n<li>Elegantn\u00ed kv\u011btnov\u00fd kalend\u00e1\u0159<\/li>\n\n\n\n<li>Fotokalend\u00e1\u0159<\/li>\n\n\n\n<li>Pl\u00e1nova\u010d s m\u00edstem pro pozn\u00e1mky<\/li>\n<\/ul>\n\n\n\n<p class=\"wp-block-paragraph\">Sta\u010d\u00ed si vybrat form\u00e1t, ulo\u017eit soubor a p\u0159\u00edpadn\u011b vytisknout. Kalend\u00e1\u0159e m\u016f\u017eete pou\u017e\u00edvat doma, v kancel\u00e1\u0159i nebo je sd\u00edlet s kolegy a p\u0159\u00e1teli.<\/p>\n\n\n\n<hr class=\"wp-block-separator has-alpha-channel-opacity\"\/>\n\n\n\n<h2 class=\"wp-block-heading has-text-align-center\">Pl\u00e1nova\u010d kalend\u00e1\u0159e kveten 2025<\/h2>\n\n\n\n<center><img decoding=\"async\" class=\"alignnone size-full wp-image-32\" src=\"https:\/\/kalendare365.eu\/wp-content\/uploads\/2023\/10\/planovac-kalendare-kveten-2025.webp\" alt=\"\" width=\"500\" height=\"100%\"><\/center>\n\n\n\n<p class=\"has-text-align-center wp-block-paragraph\"><a href=\"https:\/\/kalendare365.eu\/wp-content\/uploads\/2023\/10\/planovac-kalendare-kveten-2025.pdf\" target=\"_blank\" rel=\"noopener\">PDF<\/a> &#8212; <a href=\"https:\/\/kalendare365.eu\/wp-content\/uploads\/2023\/10\/planovac-kalendare-kveten-2025.docx\" target=\"_blank\" rel=\"noopener\">DOCx<\/a><\/p>\n\n\n\n<h2 class=\"wp-block-heading has-text-align-center\">Kalend\u00e1\u0159 kveten 2025 s velk\u00fdmi \u010d\u00edsly<\/h2>\n\n\n\n<center><img decoding=\"async\" class=\"alignnone size-full wp-image-32\" src=\"https:\/\/kalendare365.eu\/wp-content\/uploads\/2023\/10\/kalendar-kveten-2025-s-velkymi-cisly.webp\" alt=\"\" width=\"500\" height=\"100%\"><\/center>\n\n\n\n<p class=\"has-text-align-center wp-block-paragraph\"><a href=\"https:\/\/kalendare365.eu\/wp-content\/uploads\/2023\/10\/kalendar-kveten-2025-s-velkymi-cisly.pdf\" target=\"_blank\" rel=\"noopener\">PDF<\/a> &#8212; <a href=\"https:\/\/kalendare365.eu\/wp-content\/uploads\/2023\/10\/kalendar-kveten-2025-s-velkymi-cisly.docx\" target=\"_blank\" rel=\"noopener\">DOCx<\/a><\/p>\n\n\n\n<h2 class=\"wp-block-heading has-text-align-center\">Vertik\u00e1ln\u00ed pl\u00e1nova\u010d kalend\u00e1\u0159e na kveten 2025<\/h2>\n\n\n\n<center><img decoding=\"async\" class=\"alignnone size-full wp-image-32\" src=\"https:\/\/kalendare365.eu\/wp-content\/uploads\/2023\/10\/vertikalni-planovac-kalendare-na-kveten-2025.webp\" alt=\"\" width=\"500\" height=\"100%\"><\/center>\n\n\n\n<p class=\"has-text-align-center wp-block-paragraph\"><a href=\"https:\/\/kalendare365.eu\/wp-content\/uploads\/2023\/10\/vertikalni-planovac-kalendare-na-kveten-2025.pdf\" target=\"_blank\" rel=\"noopener\">PDF<\/a> &#8212; <a href=\"https:\/\/kalendare365.eu\/wp-content\/uploads\/2023\/10\/vertikalni-planovac-kalendare-na-kveten-2025.docx\" target=\"_blank\" rel=\"noopener\">DOCx<\/a><\/p>\n\n\n\n<h2 class=\"wp-block-heading has-text-align-center\">Kalend\u00e1\u0159 kveten 2025 s p\u0159edchoz\u00edm a p\u0159\u00ed\u0161t\u00edm m\u011bs\u00edcem<\/h2>\n\n\n\n<center><img decoding=\"async\" class=\"alignnone size-full wp-image-32\" src=\"https:\/\/kalendare365.eu\/wp-content\/uploads\/2023\/10\/kalendar-kveten-2025-s-predchozim-a-pristim-mesicem.webp\" alt=\"\" width=\"500\" height=\"100%\"><\/center>\n\n\n\n<p class=\"has-text-align-center wp-block-paragraph\"><a href=\"https:\/\/kalendare365.eu\/wp-content\/uploads\/2023\/10\/kalendar-kveten-2025-s-predchozim-a-pristim-mesicem.pdf\" target=\"_blank\" rel=\"noopener\">PDF<\/a> &#8212; <a href=\"https:\/\/kalendare365.eu\/wp-content\/uploads\/2023\/10\/kalendar-kveten-2025-s-predchozim-a-pristim-mesicem.docx\" target=\"_blank\" rel=\"noopener\">DOCx<\/a><\/p>\n\n\n\n<h2 class=\"wp-block-heading has-text-align-center\">Kr\u00e1sn\u00fd kalend\u00e1\u0159 kveten 2025<\/h2>\n\n\n\n<center><img decoding=\"async\" class=\"alignnone size-full wp-image-32\" src=\"https:\/\/kalendare365.eu\/wp-content\/uploads\/2023\/10\/krasny-kalendar-kveten-2025.webp\" alt=\"\" width=\"500\" height=\"100%\"><\/center>\n\n\n\n<p class=\"has-text-align-center wp-block-paragraph\"><a href=\"https:\/\/kalendare365.eu\/wp-content\/uploads\/2023\/10\/krasny-kalendar-kveten-2025.pdf\" target=\"_blank\" rel=\"noopener\">PDF<\/a> &#8212; <a href=\"https:\/\/kalendare365.eu\/wp-content\/uploads\/2023\/10\/krasny-kalendar-kveten-2025.docx\" target=\"_blank\" rel=\"noopener\">DOCx<\/a><\/p>\n\n\n\n<h2 class=\"wp-block-heading has-text-align-center\">Fotokalend\u00e1\u0159 kveten 2025<\/h2>\n\n\n\n<center><img decoding=\"async\" class=\"alignnone size-full wp-image-32\" src=\"https:\/\/kalendare365.eu\/wp-content\/uploads\/2023\/10\/fotokalendar-kveten-2025.webp\" alt=\"\" width=\"500\" height=\"100%\"><\/center>\n\n\n\n<p class=\"has-text-align-center wp-block-paragraph\"><a href=\"https:\/\/kalendare365.eu\/wp-content\/uploads\/2023\/10\/fotokalendar-kveten-2025.pdf\" target=\"_blank\" rel=\"noopener\">PDF<\/a> &#8212; <a href=\"https:\/\/kalendare365.eu\/wp-content\/uploads\/2023\/10\/fotokalendar-kveten-2025.docx\" target=\"_blank\" rel=\"noopener\">DOCx<\/a><\/p>\n\n\n\n<h2 class=\"wp-block-heading has-text-align-center\">Kr\u00e1sn\u00fd pl\u00e1nova\u010d kalend\u00e1\u0159e kveten 2025<\/h2>\n\n\n\n<center><img decoding=\"async\" class=\"alignnone size-full wp-image-32\" src=\"https:\/\/kalendare365.eu\/wp-content\/uploads\/2023\/10\/krasny-planovac-kalendare-kveten-2025.webp\" alt=\"\" width=\"500\" height=\"100%\"><\/center>\n\n\n\n<p class=\"has-text-align-center wp-block-paragraph\"><a href=\"https:\/\/kalendare365.eu\/wp-content\/uploads\/2023\/10\/krasny-planovac-kalendare-kveten-2025.pdf\" target=\"_blank\" rel=\"noopener\">PDF<\/a> &#8212; <a href=\"https:\/\/kalendare365.eu\/wp-content\/uploads\/2023\/10\/krasny-planovac-kalendare-kveten-2025.docx\" target=\"_blank\" rel=\"noopener\">DOCx<\/a><\/p>\n\n\n\n<h2 class=\"wp-block-heading has-text-align-center\">Kalend\u00e1\u0159 kveten 2025 s pozn\u00e1mkami<\/h2>\n\n\n\n<center><img decoding=\"async\" class=\"alignnone size-full wp-image-32\" src=\"https:\/\/kalendare365.eu\/wp-content\/uploads\/2023\/10\/kalendar-kveten-2025-s-poznamkami.webp\" alt=\"\" width=\"500\" height=\"100%\"><\/center>\n\n\n\n<p class=\"has-text-align-center wp-block-paragraph\"><a href=\"https:\/\/kalendare365.eu\/wp-content\/uploads\/2023\/10\/kalendar-kveten-2025-s-poznamkami.pdf\" target=\"_blank\" rel=\"noopener\">PDF<\/a> &#8212; <a href=\"https:\/\/kalendare365.eu\/wp-content\/uploads\/2023\/10\/kalendar-kveten-2025-s-poznamkami.docx\" target=\"_blank\" rel=\"noopener\">DOCx<\/a><\/p>\n\n\n\n<h2 class=\"wp-block-heading\"><strong>Z\u00e1v\u011br<\/strong><\/h2>\n\n\n\n<p class=\"wp-block-paragraph\">A\u0165 u\u017e pot\u0159ebujete jednoduch\u00fd p\u0159ehled, prostor pro pozn\u00e1mky nebo vizu\u00e1ln\u011b atraktivn\u00ed \u0161ablonu, kalend\u00e1\u0159e na kv\u011bten 2025 v\u00e1m pomohou m\u00edt v\u0161e pod kontrolou. Vyberte si variantu, kter\u00e1 v\u00e1m nejl\u00e9pe vyhovuje, a za\u010dn\u011bte pl\u00e1novat sv\u016fj jarn\u00ed m\u011bs\u00edc efektivn\u011bji.<\/p>\n","protected":false},"excerpt":{"rendered":"<p>Kv\u011bten 2025 je m\u011bs\u00edc pln\u00fd jarn\u00ed energie, prodlu\u017euj\u00edc\u00edch se dn\u016f a ide\u00e1ln\u00ed \u010das pro pl\u00e1nov\u00e1n\u00ed pracovn\u00edch povinnost\u00ed i volno\u010dasov\u00fdch aktivit. Abychom v\u00e1m organizaci usnadnili, p\u0159ipravili jsme p\u0159ehled praktick\u00fdch kalend\u00e1\u0159\u016f v r\u016fzn\u00fdch form\u00e1tech, kter\u00e9 si m\u016f\u017eete zdarma st\u00e1hnout a pou\u017e\u00edvat podle sv\u00fdch pot\u0159eb. Mo\u017enosti sta\u017een\u00ed kalend\u00e1\u0159e na kv\u011bten 2025 Nab\u00edz\u00edme n\u011bkolik variant kalend\u00e1\u0159\u016f, aby si ka\u017ed\u00fd [&hellip;]<\/p>\n","protected":false},"author":1,"featured_media":0,"comment_status":"open","ping_status":"closed","sticky":false,"template":"","format":"standard","meta":{"footnotes":""},"categories":[9],"tags":[28],"class_list":["post-518","post","type-post","status-publish","format-standard","hentry","category-kveten","tag-28"],"_links":{"self":[{"href":"https:\/\/kalendare365.eu\/index.php?rest_route=\/wp\/v2\/posts\/518","targetHints":{"allow":["GET"]}}],"collection":[{"href":"https:\/\/kalendare365.eu\/index.php?rest_route=\/wp\/v2\/posts"}],"about":[{"href":"https:\/\/kalendare365.eu\/index.php?rest_route=\/wp\/v2\/types\/post"}],"author":[{"embeddable":true,"href":"https:\/\/kalendare365.eu\/index.php?rest_route=\/wp\/v2\/users\/1"}],"replies":[{"embeddable":true,"href":"https:\/\/kalendare365.eu\/index.php?rest_route=%2Fwp%2Fv2%2Fcomments&post=518"}],"version-history":[{"count":4,"href":"https:\/\/kalendare365.eu\/index.php?rest_route=\/wp\/v2\/posts\/518\/revisions"}],"predecessor-version":[{"id":3594,"href":"https:\/\/kalendare365.eu\/index.php?rest_route=\/wp\/v2\/posts\/518\/revisions\/3594"}],"wp:attachment":[{"href":"https:\/\/kalendare365.eu\/index.php?rest_route=%2Fwp%2Fv2%2Fmedia&parent=518"}],"wp:term":[{"taxonomy":"category","embeddable":true,"href":"https:\/\/kalendare365.eu\/index.php?rest_route=%2Fwp%2Fv2%2Fcategories&post=518"},{"taxonomy":"post_tag","embeddable":true,"href":"https:\/\/kalendare365.eu\/index.php?rest_route=%2Fwp%2Fv2%2Ftags&post=518"}],"curies":[{"name":"wp","href":"https:\/\/api.w.org\/{rel}","templated":true}]}}