{"id":544,"date":"2023-10-12T10:15:46","date_gmt":"2023-10-12T07:15:46","guid":{"rendered":"https:\/\/kalendare365.eu\/?p=544"},"modified":"2026-03-30T13:01:27","modified_gmt":"2026-03-30T10:01:27","slug":"stahnete-si-kalendar-cerven-2025","status":"publish","type":"post","link":"https:\/\/kalendare365.eu\/?p=544","title":{"rendered":"St\u00e1hn\u011bte si kalend\u00e1\u0159 \u010derven 2025"},"content":{"rendered":"\n<p class=\"wp-block-paragraph\">\u010cerven je m\u011bs\u00edc pln\u00fd energie, dlouh\u00fdch dn\u016f a nov\u00fdch pl\u00e1n\u016f. A\u0165 u\u017e si chcete l\u00e9pe zorganizovat pracovn\u00ed povinnosti, napl\u00e1novat rodinn\u00e9 aktivity nebo si jen vytvo\u0159it p\u0159ehledn\u00fd m\u011bs\u00ed\u010dn\u00ed rozvrh, praktick\u00fd kalend\u00e1\u0159 v\u00e1m v\u0161e v\u00fdrazn\u011b usnadn\u00ed. P\u0159ipravili jsme pro v\u00e1s n\u011bkolik variant kalend\u00e1\u0159e na \u010derven 2025, kter\u00e9 si m\u016f\u017eete zdarma st\u00e1hnout a okam\u017eit\u011b pou\u017e\u00edvat.<\/p>\n\n\n\n<hr class=\"wp-block-separator has-alpha-channel-opacity\"\/>\n\n\n\n<h2 class=\"wp-block-heading\"><strong>Kalend\u00e1\u0159e \u010derven 2025 ke sta\u017een\u00ed<\/strong><\/h2>\n\n\n\n<p class=\"wp-block-paragraph\">Nab\u00edz\u00edme r\u016fzn\u00e9 typy kalend\u00e1\u0159\u016f, aby si ka\u017ed\u00fd mohl vybrat p\u0159esn\u011b to, co pot\u0159ebuje:<\/p>\n\n\n\n<h3 class=\"wp-block-heading\"><strong>1. Kalend\u00e1\u0159e ve form\u00e1tu PDF<\/strong><\/h3>\n\n\n\n<ul class=\"wp-block-list\">\n<li>P\u0159ipraven\u00e9 k okam\u017eit\u00e9mu tisku<\/li>\n\n\n\n<li>Dostupn\u00e9 ve velikostech <strong>A4<\/strong> a <strong>A3<\/strong><\/li>\n\n\n\n<li>R\u016fzn\u00e9 styly, barvy a rozvr\u017een\u00ed<\/li>\n\n\n\n<li>Vhodn\u00e9 pro osobn\u00ed i komer\u010dn\u00ed pou\u017eit\u00ed<\/li>\n<\/ul>\n\n\n\n<h3 class=\"wp-block-heading\"><strong>2. Kalend\u00e1\u0159e ve form\u00e1tu Word (DOCX)<\/strong><\/h3>\n\n\n\n<ul class=\"wp-block-list\">\n<li>Pln\u011b upraviteln\u00e9 \u0161ablony<\/li>\n\n\n\n<li>Mo\u017enost m\u011bnit barvy, p\u00edsma i rozlo\u017een\u00ed<\/li>\n\n\n\n<li>Kompatibiln\u00ed s modern\u00edmi verzemi Microsoft Word<\/li>\n<\/ul>\n\n\n\n<p class=\"wp-block-paragraph\">A\u0165 u\u017e si zvol\u00edte jakoukoli variantu, v\u0161echny kalend\u00e1\u0159e jsou navr\u017eeny tak, aby v\u00e1m pomohly udr\u017eet p\u0159ehled a produktivitu b\u011bhem cel\u00e9ho m\u011bs\u00edce.<\/p>\n\n\n\n<hr class=\"wp-block-separator has-alpha-channel-opacity\"\/>\n\n\n\n<h2 class=\"wp-block-heading\"><strong>Tipy, jak kalend\u00e1\u0159 efektivn\u011b vyu\u017e\u00edt<\/strong><\/h2>\n\n\n\n<ul class=\"wp-block-list\">\n<li><strong>Zaznamen\u00e1vejte d\u016fle\u017eit\u00e9 ud\u00e1losti<\/strong> \u2013 sch\u016fzky, term\u00edny, narozeniny \u010di \u0161koln\u00ed akce.<\/li>\n\n\n\n<li><strong>Nastavte si p\u0159ipom\u00ednky<\/strong>, abyste na nic nezapomn\u011bli.<\/li>\n\n\n\n<li><strong>Pl\u00e1nujte sv\u016fj \u010das<\/strong> \u2013 rozd\u011blte si \u00fakoly na t\u00fddny nebo dny.<\/li>\n\n\n\n<li><strong>Bu\u010fte kreativn\u00ed<\/strong> \u2013 kalend\u00e1\u0159 si m\u016f\u017eete ozdobit, barevn\u011b odli\u0161it kategorie nebo doplnit vlastn\u00ed pozn\u00e1mky.<\/li>\n<\/ul>\n\n\n\n<hr class=\"wp-block-separator has-alpha-channel-opacity\"\/>\n\n\n\n<h2 class=\"wp-block-heading\"><strong>Dostupn\u00e9 varianty ke sta\u017een\u00ed<\/strong><\/h2>\n\n\n\n<ul class=\"wp-block-list\">\n<li>Pl\u00e1novac\u00ed kalend\u00e1\u0159 \u010derven 2025 \u2013 PDF \/ DOCX<\/li>\n\n\n\n<li>Kalend\u00e1\u0159 s velk\u00fdmi \u010d\u00edsly \u2013 PDF \/ DOCX<\/li>\n\n\n\n<li>Vertik\u00e1ln\u00ed pl\u00e1nova\u010d \u2013 PDF \/ DOCX<\/li>\n\n\n\n<li>Kalend\u00e1\u0159 s p\u0159edchoz\u00edm a n\u00e1sleduj\u00edc\u00edm m\u011bs\u00edcem \u2013 PDF \/ DOCX<\/li>\n\n\n\n<li>Elegantn\u00ed barevn\u00fd kalend\u00e1\u0159 \u2013 PDF \/ DOCX<\/li>\n\n\n\n<li>Fotokalend\u00e1\u0159 \u010derven 2025 \u2013 PDF \/ DOCX<\/li>\n\n\n\n<li>Kalend\u00e1\u0159 s m\u00edstem pro pozn\u00e1mky \u2013 PDF \/ DOCX<\/li>\n<\/ul>\n\n\n\n<hr class=\"wp-block-separator has-alpha-channel-opacity\"\/>\n\n\n\n<h2 class=\"wp-block-heading has-text-align-center\">Pl\u00e1nova\u010d kalend\u00e1\u0159e cerven 2025<\/h2>\n\n\n\n<center><img decoding=\"async\" class=\"alignnone size-full wp-image-32\" src=\"https:\/\/kalendare365.eu\/wp-content\/uploads\/2023\/10\/planovac-kalendare-cerven-2025.webp\" alt=\"\" width=\"500\" height=\"100%\"><\/center>\n\n\n\n<p class=\"has-text-align-center wp-block-paragraph\"><a href=\"https:\/\/kalendare365.eu\/wp-content\/uploads\/2023\/10\/planovac-kalendare-cerven-2025.pdf\" target=\"_blank\" rel=\"noopener\">PDF<\/a> &#8212; <a href=\"https:\/\/kalendare365.eu\/wp-content\/uploads\/2023\/10\/planovac-kalendare-cerven-2025.docx\" target=\"_blank\" rel=\"noopener\">DOCx<\/a><\/p>\n\n\n\n<h2 class=\"wp-block-heading has-text-align-center\">Kalend\u00e1\u0159 cerven 2025 s velk\u00fdmi \u010d\u00edsly<\/h2>\n\n\n\n<center><img decoding=\"async\" class=\"alignnone size-full wp-image-32\" src=\"https:\/\/kalendare365.eu\/wp-content\/uploads\/2023\/10\/kalendar-cerven-2025-s-velkymi-cisly.webp\" alt=\"\" width=\"500\" height=\"100%\"><\/center>\n\n\n\n<p class=\"has-text-align-center wp-block-paragraph\"><a href=\"https:\/\/kalendare365.eu\/wp-content\/uploads\/2023\/10\/kalendar-cerven-2025-s-velkymi-cisly.pdf\" target=\"_blank\" rel=\"noopener\">PDF<\/a> &#8212; <a href=\"https:\/\/kalendare365.eu\/wp-content\/uploads\/2023\/10\/kalendar-cerven-2025-s-velkymi-cisly.docx\" target=\"_blank\" rel=\"noopener\">DOCx<\/a><\/p>\n\n\n\n<h2 class=\"wp-block-heading has-text-align-center\">Vertik\u00e1ln\u00ed pl\u00e1nova\u010d kalend\u00e1\u0159e na cerven 2025<\/h2>\n\n\n\n<center><img decoding=\"async\" class=\"alignnone size-full wp-image-32\" src=\"https:\/\/kalendare365.eu\/wp-content\/uploads\/2023\/10\/vertikalni-planovac-kalendare-na-cerven-2025.webp\" alt=\"\" width=\"500\" height=\"100%\"><\/center>\n\n\n\n<p class=\"has-text-align-center wp-block-paragraph\"><a href=\"https:\/\/kalendare365.eu\/wp-content\/uploads\/2023\/10\/vertikalni-planovac-kalendare-na-cerven-2025.pdf\" target=\"_blank\" rel=\"noopener\">PDF<\/a> &#8212; <a href=\"https:\/\/kalendare365.eu\/wp-content\/uploads\/2023\/10\/vertikalni-planovac-kalendare-na-cerven-2025.docx\" target=\"_blank\" rel=\"noopener\">DOCx<\/a><\/p>\n\n\n\n<h2 class=\"wp-block-heading has-text-align-center\">Kalend\u00e1\u0159 cerven 2025 s p\u0159edchoz\u00edm a p\u0159\u00ed\u0161t\u00edm m\u011bs\u00edcem<\/h2>\n\n\n\n<center><img decoding=\"async\" class=\"alignnone size-full wp-image-32\" src=\"https:\/\/kalendare365.eu\/wp-content\/uploads\/2023\/10\/kalendar-cerven-2025-s-predchozim-a-pristim-mesicem.webp\" alt=\"\" width=\"500\" height=\"100%\"><\/center>\n\n\n\n<p class=\"has-text-align-center wp-block-paragraph\"><a href=\"https:\/\/kalendare365.eu\/wp-content\/uploads\/2023\/10\/kalendar-cerven-2025-s-predchozim-a-pristim-mesicem.pdf\" target=\"_blank\" rel=\"noopener\">PDF<\/a> &#8212; <a href=\"https:\/\/kalendare365.eu\/wp-content\/uploads\/2023\/10\/kalendar-cerven-2025-s-predchozim-a-pristim-mesicem.docx\" target=\"_blank\" rel=\"noopener\">DOCx<\/a><\/p>\n\n\n\n<h2 class=\"wp-block-heading has-text-align-center\">Kr\u00e1sn\u00fd kalend\u00e1\u0159 cerven 2025<\/h2>\n\n\n\n<center><img decoding=\"async\" class=\"alignnone size-full wp-image-32\" src=\"https:\/\/kalendare365.eu\/wp-content\/uploads\/2023\/10\/krasny-kalendar-cerven-2025.webp\" alt=\"\" width=\"500\" height=\"100%\"><\/center>\n\n\n\n<p class=\"has-text-align-center wp-block-paragraph\"><a href=\"https:\/\/kalendare365.eu\/wp-content\/uploads\/2023\/10\/krasny-kalendar-cerven-2025.pdf\" target=\"_blank\" rel=\"noopener\">PDF<\/a> &#8212; <a href=\"https:\/\/kalendare365.eu\/wp-content\/uploads\/2023\/10\/krasny-kalendar-cerven-2025.docx\" target=\"_blank\" rel=\"noopener\">DOCx<\/a><\/p>\n\n\n\n<h2 class=\"wp-block-heading has-text-align-center\">Fotokalend\u00e1\u0159 cerven 2025<\/h2>\n\n\n\n<center><img decoding=\"async\" class=\"alignnone size-full wp-image-32\" src=\"https:\/\/kalendare365.eu\/wp-content\/uploads\/2023\/10\/fotokalendar-cerven-2025.webp\" alt=\"\" width=\"500\" height=\"100%\"><\/center>\n\n\n\n<p class=\"has-text-align-center wp-block-paragraph\"><a href=\"https:\/\/kalendare365.eu\/wp-content\/uploads\/2023\/10\/fotokalendar-cerven-2025.pdf\" target=\"_blank\" rel=\"noopener\">PDF<\/a> &#8212; <a href=\"https:\/\/kalendare365.eu\/wp-content\/uploads\/2023\/10\/fotokalendar-cerven-2025.docx\" target=\"_blank\" rel=\"noopener\">DOCx<\/a><\/p>\n\n\n\n<h2 class=\"wp-block-heading has-text-align-center\">Kr\u00e1sn\u00fd pl\u00e1nova\u010d kalend\u00e1\u0159e cerven 2025<\/h2>\n\n\n\n<center><img decoding=\"async\" class=\"alignnone size-full wp-image-32\" src=\"https:\/\/kalendare365.eu\/wp-content\/uploads\/2023\/10\/krasny-planovac-kalendare-cerven-2025.webp\" alt=\"\" width=\"500\" height=\"100%\"><\/center>\n\n\n\n<p class=\"has-text-align-center wp-block-paragraph\"><a href=\"https:\/\/kalendare365.eu\/wp-content\/uploads\/2023\/10\/krasny-planovac-kalendare-cerven-2025.pdf\" target=\"_blank\" rel=\"noopener\">PDF<\/a> &#8212; <a href=\"https:\/\/kalendare365.eu\/wp-content\/uploads\/2023\/10\/krasny-planovac-kalendare-cerven-2025.docx\" target=\"_blank\" rel=\"noopener\">DOCx<\/a><\/p>\n\n\n\n<h2 class=\"wp-block-heading has-text-align-center\">Kalend\u00e1\u0159 cerven 2025 s pozn\u00e1mkami<\/h2>\n\n\n\n<center><img decoding=\"async\" class=\"alignnone size-full wp-image-32\" src=\"https:\/\/kalendare365.eu\/wp-content\/uploads\/2023\/10\/kalendar-cerven-2025-s-poznamkami.webp\" alt=\"\" width=\"500\" height=\"100%\"><\/center>\n\n\n\n<p class=\"has-text-align-center wp-block-paragraph\"><a href=\"https:\/\/kalendare365.eu\/wp-content\/uploads\/2023\/10\/kalendar-cerven-2025-s-poznamkami.pdf\" target=\"_blank\" rel=\"noopener\">PDF<\/a> &#8212; <a href=\"https:\/\/kalendare365.eu\/wp-content\/uploads\/2023\/10\/kalendar-cerven-2025-s-poznamkami.docx\" target=\"_blank\" rel=\"noopener\">DOCx<\/a><\/p>\n\n\n\n<h2 class=\"wp-block-heading\"><strong>Z\u00e1v\u011br<\/strong><\/h2>\n\n\n\n<p class=\"wp-block-paragraph\">Kalend\u00e1\u0159 na \u010derven 2025 v\u00e1m pom\u016f\u017ee l\u00e9pe si uspo\u0159\u00e1dat \u010das, napl\u00e1novat d\u016fle\u017eit\u00e9 ud\u00e1losti a m\u00edt v\u0161e p\u0159ehledn\u011b na jednom m\u00edst\u011b. Vyberte si variantu, kter\u00e1 v\u00e1m nejv\u00edce vyhovuje, st\u00e1hn\u011bte si ji zdarma a u\u017eijte si organizovan\u00fd a inspirativn\u00ed za\u010d\u00e1tek l\u00e9ta.<\/p>\n","protected":false},"excerpt":{"rendered":"<p>\u010cerven je m\u011bs\u00edc pln\u00fd energie, dlouh\u00fdch dn\u016f a nov\u00fdch pl\u00e1n\u016f. A\u0165 u\u017e si chcete l\u00e9pe zorganizovat pracovn\u00ed povinnosti, napl\u00e1novat rodinn\u00e9 aktivity nebo si jen vytvo\u0159it p\u0159ehledn\u00fd m\u011bs\u00ed\u010dn\u00ed rozvrh, praktick\u00fd kalend\u00e1\u0159 v\u00e1m v\u0161e v\u00fdrazn\u011b usnadn\u00ed. P\u0159ipravili jsme pro v\u00e1s n\u011bkolik variant kalend\u00e1\u0159e na \u010derven 2025, kter\u00e9 si m\u016f\u017eete zdarma st\u00e1hnout a okam\u017eit\u011b pou\u017e\u00edvat. Kalend\u00e1\u0159e \u010derven 2025 [&hellip;]<\/p>\n","protected":false},"author":1,"featured_media":0,"comment_status":"open","ping_status":"closed","sticky":false,"template":"","format":"standard","meta":{"footnotes":""},"categories":[10],"tags":[28],"class_list":["post-544","post","type-post","status-publish","format-standard","hentry","category-cerven","tag-28"],"_links":{"self":[{"href":"https:\/\/kalendare365.eu\/index.php?rest_route=\/wp\/v2\/posts\/544","targetHints":{"allow":["GET"]}}],"collection":[{"href":"https:\/\/kalendare365.eu\/index.php?rest_route=\/wp\/v2\/posts"}],"about":[{"href":"https:\/\/kalendare365.eu\/index.php?rest_route=\/wp\/v2\/types\/post"}],"author":[{"embeddable":true,"href":"https:\/\/kalendare365.eu\/index.php?rest_route=\/wp\/v2\/users\/1"}],"replies":[{"embeddable":true,"href":"https:\/\/kalendare365.eu\/index.php?rest_route=%2Fwp%2Fv2%2Fcomments&post=544"}],"version-history":[{"count":5,"href":"https:\/\/kalendare365.eu\/index.php?rest_route=\/wp\/v2\/posts\/544\/revisions"}],"predecessor-version":[{"id":3537,"href":"https:\/\/kalendare365.eu\/index.php?rest_route=\/wp\/v2\/posts\/544\/revisions\/3537"}],"wp:attachment":[{"href":"https:\/\/kalendare365.eu\/index.php?rest_route=%2Fwp%2Fv2%2Fmedia&parent=544"}],"wp:term":[{"taxonomy":"category","embeddable":true,"href":"https:\/\/kalendare365.eu\/index.php?rest_route=%2Fwp%2Fv2%2Fcategories&post=544"},{"taxonomy":"post_tag","embeddable":true,"href":"https:\/\/kalendare365.eu\/index.php?rest_route=%2Fwp%2Fv2%2Ftags&post=544"}],"curies":[{"name":"wp","href":"https:\/\/api.w.org\/{rel}","templated":true}]}}