{"id":629,"date":"2023-10-12T12:36:23","date_gmt":"2023-10-12T09:36:23","guid":{"rendered":"https:\/\/kalendare365.eu\/?p=629"},"modified":"2026-04-09T11:27:59","modified_gmt":"2026-04-09T08:27:59","slug":"prani-k-svatku-eliska","status":"publish","type":"post","link":"https:\/\/kalendare365.eu\/?p=629","title":{"rendered":"P\u0159\u00e1n\u00ed k sv\u00e1tku Eli\u0161ka"},"content":{"rendered":"\n<p class=\"wp-block-paragraph\">Jm\u00e9no Eli\u0161ka pat\u0159\u00ed v \u010desk\u00e9m kalend\u00e1\u0159i k t\u011bm nejobl\u00edben\u011bj\u0161\u00edm a mnoho lid\u00ed si r\u00e1do p\u0159ipom\u00edn\u00e1 tento den mil\u00fdm p\u0159\u00e1n\u00edm. A\u0165 u\u017e hled\u00e1te form\u00e1ln\u00ed text, n\u011bco osobn\u00edho, vtipn\u00e9ho nebo origin\u00e1ln\u00edho, n\u00e1sleduj\u00edc\u00ed v\u00fdb\u011br v\u00e1m pom\u016f\u017ee naj\u00edt ide\u00e1ln\u00ed slova, kter\u00e1 pot\u011b\u0161\u00ed ka\u017edou oslavenkyni.<\/p>\n\n\n\n<hr class=\"wp-block-separator has-alpha-channel-opacity\"\/>\n\n\n\n<h2 class=\"wp-block-heading\"><strong>Form\u00e1ln\u00ed p\u0159\u00e1n\u00ed<\/strong><\/h2>\n\n\n\n<ul class=\"wp-block-list\">\n<li>V\u00e1\u017een\u00e1 Eli\u0161ko, r\u00e1da bych V\u00e1m pop\u0159\u00e1la v\u0161e nejlep\u0161\u00ed k Va\u0161emu sv\u00e1tku. P\u0159eji mnoho zdrav\u00ed, \u0161t\u011bst\u00ed a \u00fasp\u011bch\u016f v osobn\u00edm i pracovn\u00edm \u017eivot\u011b.<\/li>\n\n\n\n<li>Mil\u00e1 Eli\u0161ko, k Va\u0161emu sv\u00e1tku V\u00e1m p\u0159eji, aby se V\u00e1m splnila v\u0161echna p\u0159\u00e1n\u00ed a sny. A\u0165 je v\u00e1\u0161 den pln\u00fd radosti a klidu.<\/li>\n\n\n\n<li>S \u00factou V\u00e1m p\u0159eji kr\u00e1sn\u00fd sv\u00e1tek, Eli\u0161ko, a mnoho p\u0159\u00edjemn\u00fdch okam\u017eik\u016f.<\/li>\n<\/ul>\n\n\n\n<hr class=\"wp-block-separator has-alpha-channel-opacity\"\/>\n\n\n\n<h2 class=\"wp-block-heading\"><strong>Neform\u00e1ln\u00ed p\u0159\u00e1n\u00ed<\/strong><\/h2>\n\n\n\n<ul class=\"wp-block-list\">\n<li>Eli\u0161ko, v\u0161echno nejlep\u0161\u00ed k sv\u00e1tku! A\u0165 m\u00e1\u0161 den pln\u00fd pohody, radosti a dobr\u00e9 n\u00e1lady.<\/li>\n\n\n\n<li>Hodn\u011b \u0161t\u011bst\u00ed a zdrav\u00ed, Eli\u0161ko! A\u0165 se ti da\u0159\u00ed ve v\u0161em, do \u010deho se pust\u00ed\u0161.<\/li>\n\n\n\n<li>Eli\u0161ko, jsi skv\u011bl\u00e1 kamar\u00e1dka\/kolegyn\u011b\/sestra \u2013 p\u0159eji ti kr\u00e1sn\u00fd sv\u00e1tek a spoustu \u00fasm\u011bv\u016f.<\/li>\n<\/ul>\n\n\n\n<hr class=\"wp-block-separator has-alpha-channel-opacity\"\/>\n\n\n\n<h2 class=\"wp-block-heading\"><strong>Vtipn\u00e1 p\u0159\u00e1n\u00ed<\/strong><\/h2>\n\n\n\n<ul class=\"wp-block-list\">\n<li>Eli\u0161ko, p\u0159eji ti tolik \u0161t\u011bst\u00ed, kolik je hv\u011bzd na obloze \u2013 a je\u0161t\u011b o kousek v\u00edc.<\/li>\n\n\n\n<li>A\u0165 m\u00e1\u0161 v\u017edy dobrou n\u00e1ladu a \u00fasm\u011bv, kter\u00fd ti nikdo nevezme. Kr\u00e1sn\u00fd sv\u00e1tek!<\/li>\n\n\n\n<li>Eli\u0161ko, jsi jako slun\u00ed\u010dko \u2013 rozz\u00e1\u0159\u00ed\u0161 ka\u017ed\u00fd den. U\u017eij si sv\u016fj sv\u00e1te\u010dn\u00ed den naplno.<\/li>\n<\/ul>\n\n\n\n<hr class=\"wp-block-separator has-alpha-channel-opacity\"\/>\n\n\n\n<h2 class=\"wp-block-heading\"><strong>Origin\u00e1ln\u00ed p\u0159\u00e1n\u00ed<\/strong><\/h2>\n\n\n\n<ul class=\"wp-block-list\">\n<li>Eli\u0161ko, jsi v\u00fdjime\u010dn\u00e1 \u017eena, kter\u00e1 inspiruje sv\u00e9 okol\u00ed. P\u0159eji ti sv\u00e1tek pln\u00fd kr\u00e1sn\u00fdch z\u00e1\u017eitk\u016f a nezapomenuteln\u00fdch moment\u016f.<\/li>\n\n\n\n<li>A\u0165 m\u00e1\u0161 dost energie a s\u00edly v\u011bnovat se tomu, co t\u011b napl\u0148uje a bav\u00ed. Kr\u00e1sn\u00fd sv\u00e1tek, Eli\u0161ko!<\/li>\n\n\n\n<li>Eli\u0161ko, p\u0159eji ti den pln\u00fd p\u0159\u00e1telstv\u00ed, l\u00e1sky a sm\u00edchu \u2013 p\u0159esn\u011b takov\u00fd, jak\u00fd si zaslou\u017e\u00ed\u0161.<\/li>\n<\/ul>\n\n\n\n<hr class=\"wp-block-separator has-alpha-channel-opacity\"\/>\n\n\n\n<div class=\"wp-block-group is-layout-grid wp-container-core-group-is-layout-7d05cc0d wp-block-group-is-layout-grid\">\n<center><a href=\"https:\/\/kalendare365.eu\/wp-content\/uploads\/2023\/10\/vsechno-nejlepsi-k-svatku-eliska-01.webp\" target=\"_blank\" rel=\"noopener\"><img loading=\"lazy\" decoding=\"async\" class=\"size-full wp-image-640 aligncenter\" src=\"https:\/\/kalendare365.eu\/wp-content\/uploads\/2023\/10\/vsechno-nejlepsi-k-svatku-eliska-01-1.webp\" alt=\"\" width=\"500\" height=\"500\"><\/a><\/center>\n\n\n\n<center><a href=\"https:\/\/kalendare365.eu\/wp-content\/uploads\/2023\/10\/vsechno-nejlepsi-k-svatku-eliska-02.webp\" target=\"_blank\" rel=\"noopener\"><img loading=\"lazy\" decoding=\"async\" class=\"size-full wp-image-640 aligncenter\" src=\"https:\/\/kalendare365.eu\/wp-content\/uploads\/2023\/10\/vsechno-nejlepsi-k-svatku-eliska-02-1.webp\" alt=\"\" width=\"500\" height=\"500\"><\/a><\/center>\n\n\n\n<center><a href=\"https:\/\/kalendare365.eu\/wp-content\/uploads\/2023\/10\/vsechno-nejlepsi-k-svatku-eliska-03.webp\" target=\"_blank\" rel=\"noopener\"><img loading=\"lazy\" decoding=\"async\" class=\"size-full wp-image-640 aligncenter\" src=\"https:\/\/kalendare365.eu\/wp-content\/uploads\/2023\/10\/vsechno-nejlepsi-k-svatku-eliska-03-1.webp\" alt=\"\" width=\"500\" height=\"500\"><\/a><\/center>\n\n\n\n<center><a href=\"https:\/\/kalendare365.eu\/wp-content\/uploads\/2023\/10\/vsechno-nejlepsi-k-svatku-eliska-04.webp\" target=\"_blank\" rel=\"noopener\"><img loading=\"lazy\" decoding=\"async\" class=\"size-full wp-image-640 aligncenter\" src=\"https:\/\/kalendare365.eu\/wp-content\/uploads\/2023\/10\/vsechno-nejlepsi-k-svatku-eliska-04-1.webp\" alt=\"\" width=\"500\" height=\"500\"><\/a><\/center>\n\n\n\n<center><a href=\"https:\/\/kalendare365.eu\/wp-content\/uploads\/2023\/10\/vsechno-nejlepsi-k-svatku-eliska-05.webp\" target=\"_blank\" rel=\"noopener\"><img loading=\"lazy\" decoding=\"async\" class=\"size-full wp-image-640 aligncenter\" src=\"https:\/\/kalendare365.eu\/wp-content\/uploads\/2023\/10\/vsechno-nejlepsi-k-svatku-eliska-05-1.webp\" alt=\"\" width=\"500\" height=\"500\" srcset=\"https:\/\/kalendare365.eu\/wp-content\/uploads\/2023\/10\/vsechno-nejlepsi-k-svatku-eliska-05-1.webp 500w, https:\/\/kalendare365.eu\/wp-content\/uploads\/2023\/10\/vsechno-nejlepsi-k-svatku-eliska-05-1-300x300.webp 300w, https:\/\/kalendare365.eu\/wp-content\/uploads\/2023\/10\/vsechno-nejlepsi-k-svatku-eliska-05-1-150x150.webp 150w\" sizes=\"auto, (max-width: 500px) 100vw, 500px\" \/><\/a><\/center>\n<\/div>\n\n\n\n<h2 class=\"wp-block-heading\"><strong>Z\u00e1v\u011br<\/strong><\/h2>\n\n\n\n<p class=\"wp-block-paragraph\">P\u0159\u00e1n\u00ed k sv\u00e1tku Eli\u0161ky m\u016f\u017ee m\u00edt mnoho podob \u2013 od form\u00e1ln\u00edch a\u017e po hrav\u00e1 a osobn\u00ed. D\u016fle\u017eit\u00e9 je, aby vych\u00e1zelo od srdce a ud\u011blalo oslavenkyni radost. Vyberte si text, kter\u00fd nejl\u00e9pe vystihuje v\u00e1\u0161 vztah k Eli\u0161ce, a pot\u011b\u0161te ji mil\u00fdm slovem v jej\u00ed v\u00fdjime\u010dn\u00fd den.<\/p>\n","protected":false},"excerpt":{"rendered":"<p>Jm\u00e9no Eli\u0161ka pat\u0159\u00ed v \u010desk\u00e9m kalend\u00e1\u0159i k t\u011bm nejobl\u00edben\u011bj\u0161\u00edm a mnoho lid\u00ed si r\u00e1do p\u0159ipom\u00edn\u00e1 tento den mil\u00fdm p\u0159\u00e1n\u00edm. A\u0165 u\u017e hled\u00e1te form\u00e1ln\u00ed text, n\u011bco osobn\u00edho, vtipn\u00e9ho nebo origin\u00e1ln\u00edho, n\u00e1sleduj\u00edc\u00ed v\u00fdb\u011br v\u00e1m pom\u016f\u017ee naj\u00edt ide\u00e1ln\u00ed slova, kter\u00e1 pot\u011b\u0161\u00ed ka\u017edou oslavenkyni. Form\u00e1ln\u00ed p\u0159\u00e1n\u00ed Neform\u00e1ln\u00ed p\u0159\u00e1n\u00ed Vtipn\u00e1 p\u0159\u00e1n\u00ed Origin\u00e1ln\u00ed p\u0159\u00e1n\u00ed Z\u00e1v\u011br P\u0159\u00e1n\u00ed k sv\u00e1tku Eli\u0161ky m\u016f\u017ee m\u00edt [&hellip;]<\/p>\n","protected":false},"author":1,"featured_media":0,"comment_status":"open","ping_status":"closed","sticky":false,"template":"","format":"standard","meta":{"footnotes":""},"categories":[29],"tags":[],"class_list":["post-629","post","type-post","status-publish","format-standard","hentry","category-obrazky"],"_links":{"self":[{"href":"https:\/\/kalendare365.eu\/index.php?rest_route=\/wp\/v2\/posts\/629","targetHints":{"allow":["GET"]}}],"collection":[{"href":"https:\/\/kalendare365.eu\/index.php?rest_route=\/wp\/v2\/posts"}],"about":[{"href":"https:\/\/kalendare365.eu\/index.php?rest_route=\/wp\/v2\/types\/post"}],"author":[{"embeddable":true,"href":"https:\/\/kalendare365.eu\/index.php?rest_route=\/wp\/v2\/users\/1"}],"replies":[{"embeddable":true,"href":"https:\/\/kalendare365.eu\/index.php?rest_route=%2Fwp%2Fv2%2Fcomments&post=629"}],"version-history":[{"count":6,"href":"https:\/\/kalendare365.eu\/index.php?rest_route=\/wp\/v2\/posts\/629\/revisions"}],"predecessor-version":[{"id":3565,"href":"https:\/\/kalendare365.eu\/index.php?rest_route=\/wp\/v2\/posts\/629\/revisions\/3565"}],"wp:attachment":[{"href":"https:\/\/kalendare365.eu\/index.php?rest_route=%2Fwp%2Fv2%2Fmedia&parent=629"}],"wp:term":[{"taxonomy":"category","embeddable":true,"href":"https:\/\/kalendare365.eu\/index.php?rest_route=%2Fwp%2Fv2%2Fcategories&post=629"},{"taxonomy":"post_tag","embeddable":true,"href":"https:\/\/kalendare365.eu\/index.php?rest_route=%2Fwp%2Fv2%2Ftags&post=629"}],"curies":[{"name":"wp","href":"https:\/\/api.w.org\/{rel}","templated":true}]}}