{"id":674,"date":"2023-10-19T13:20:00","date_gmt":"2023-10-19T10:20:00","guid":{"rendered":"https:\/\/kalendare365.eu\/?p=674"},"modified":"2026-05-10T14:03:35","modified_gmt":"2026-05-10T11:03:35","slug":"dobre-rano-obrazky","status":"publish","type":"post","link":"https:\/\/kalendare365.eu\/?p=674","title":{"rendered":"Dobr\u00e9 r\u00e1no obr\u00e1zky"},"content":{"rendered":"\n<p class=\"wp-block-paragraph\">Rann\u00ed pozdrav dok\u00e1\u017ee zm\u011bnit atmosf\u00e9ru cel\u00e9ho dne. Jedna mil\u00e1 v\u011bta, kr\u00e1tk\u00e1 zpr\u00e1va nebo obr\u00e1zek s p\u0159\u00e1n\u00edm dobr\u00e9ho r\u00e1na m\u016f\u017ee pot\u011b\u0161it partnera, rodinu i p\u0159\u00e1tele. P\u0159in\u00e1\u0161\u00ed pocit bl\u00edzkosti, radosti a pozornosti, kter\u00e1 zah\u0159eje hned po probuzen\u00ed. Tento \u010dl\u00e1nek nab\u00edz\u00ed inspiraci pro r\u016fzn\u00e1 rann\u00ed p\u0159\u00e1n\u00ed \u2013 od klasick\u00fdch p\u0159es romantick\u00e1 a\u017e po vesel\u00e1. V\u0161e dopln\u011bn\u00e9 o tipy na obr\u00e1zky, kter\u00e9 se k t\u011bmto pozdrav\u016fm skv\u011ble hod\u00ed.<\/p>\n\n\n\n<hr class=\"wp-block-separator has-alpha-channel-opacity\"\/>\n\n\n\n<h2 class=\"wp-block-heading\">Klasick\u00e1 p\u0159\u00e1n\u00ed dobr\u00e9ho r\u00e1na<\/h2>\n\n\n\n<p class=\"wp-block-paragraph\">Klasick\u00e9 rann\u00ed pozdravy jsou univerz\u00e1ln\u00ed a hod\u00ed se pro ka\u017ed\u00e9ho \u2013 kolegy, zn\u00e1m\u00e9, sousedy i rodinu. Jsou jednoduch\u00e9, zdvo\u0159il\u00e9 a v\u017edy p\u0159\u00edjemn\u00e9.<\/p>\n\n\n\n<p class=\"wp-block-paragraph\">A\u0165 se V\u00e1m dnes r\u00e1no usm\u00edv\u00e1 \u0161t\u011bst\u00ed.<br>M\u011bjte kr\u00e1sn\u00fd den pln\u00fd pohody.<br>P\u0159eji V\u00e1m p\u0159\u00edjemn\u00e9 a klidn\u00e9 r\u00e1no.<br>A\u0165 se V\u00e1m dnes ve v\u0161em da\u0159\u00ed.<br>P\u0159eji V\u00e1m hodn\u011b \u0161t\u011bst\u00ed a radosti do nov\u00e9ho dne.<\/p>\n\n\n\n<hr class=\"wp-block-separator has-alpha-channel-opacity\"\/>\n\n\n\n<h2 class=\"wp-block-heading\">Romantick\u00e1 p\u0159\u00e1n\u00ed dobr\u00e9ho r\u00e1na<\/h2>\n\n\n\n<p class=\"wp-block-paragraph\">Romantick\u00e9 zpr\u00e1vy jsou ide\u00e1ln\u00ed pro partnera nebo partnerku. P\u0159in\u00e1\u0161ej\u00ed n\u011bhu, bl\u00edzkost a pocit, \u017ee na druh\u00e9ho mysl\u00edte hned po probuzen\u00ed.<\/p>\n\n\n\n<p class=\"wp-block-paragraph\">Probu\u010fte se do r\u00e1na pln\u00e9ho l\u00e1sky a n\u011bhy.<br>A\u0165 se V\u00e1m dnes spln\u00ed v\u0161echny sny i tajn\u00e1 p\u0159\u00e1n\u00ed.<br>P\u0159eji V\u00e1m den pln\u00fd polibk\u016f, objet\u00ed a kr\u00e1sn\u00fdch chvil.<br>Nech\u0165 V\u00e1s l\u00e1ska prov\u00e1z\u00ed na ka\u017ed\u00e9m kroku dne.<br>Jste pro m\u011b jako rann\u00ed slunce, kter\u00e9 rozz\u00e1\u0159\u00ed cel\u00fd m\u016fj den.<\/p>\n\n\n\n<hr class=\"wp-block-separator has-alpha-channel-opacity\"\/>\n\n\n\n<h2 class=\"wp-block-heading\">Vesel\u00e1 p\u0159\u00e1n\u00ed dobr\u00e9ho r\u00e1na<\/h2>\n\n\n\n<p class=\"wp-block-paragraph\">Vesel\u00e9 pozdravy dodaj\u00ed energii, \u00fasm\u011bv a lehkost. Skv\u011ble se hod\u00ed pro p\u0159\u00e1tele, rodinu nebo kohokoli, komu chcete zlep\u0161it n\u00e1ladu.<\/p>\n\n\n\n<p class=\"wp-block-paragraph\">Vsta\u0148te s \u00fasm\u011bvem a vkro\u010dte do nov\u00e9ho dne s energi\u00ed.<br>A\u0165 je dne\u0161n\u00ed den pln\u00fd sm\u00edchu a dobr\u00e9 n\u00e1lady.<br>Nezapome\u0148te si dop\u0159\u00e1t chvilku odpo\u010dinku a pohody.<br>P\u0159eji V\u00e1m den pln\u00fd p\u0159ekvapen\u00ed a mal\u00fdch dobrodru\u017estv\u00ed.<br>A\u0165 se V\u00e1m dnes poda\u0159\u00ed n\u011bco opravdu \u00fa\u017easn\u00e9ho.<\/p>\n\n\n\n<hr class=\"wp-block-separator has-alpha-channel-opacity\"\/>\n\n\n\n<h2 class=\"wp-block-heading\">Obr\u00e1zky pro kr\u00e1sn\u00e9 dobr\u00e9 r\u00e1no<\/h2>\n\n\n\n<p class=\"wp-block-paragraph\">Obr\u00e1zky s rann\u00edm pozdravem jsou ide\u00e1ln\u00ed pro sd\u00edlen\u00ed na soci\u00e1ln\u00edch s\u00edt\u00edch, v chatu nebo jako mal\u00e1 pozornost pro bl\u00edzk\u00e9. Hod\u00ed se k nim motivy jako:<\/p>\n\n\n\n<p class=\"wp-block-paragraph\">\u2013 rann\u00ed slunce<br>\u2013 kv\u011btiny<br>\u2013 \u0161\u00e1lek k\u00e1vy<br>\u2013 p\u0159\u00edrodn\u00ed scen\u00e9rie<br>\u2013 jemn\u00e9 pastelov\u00e9 barvy<\/p>\n\n\n\n<p class=\"wp-block-paragraph\">Takov\u00e9 obr\u00e1zky vytv\u00e1\u0159ej\u00ed p\u0159\u00edjemnou atmosf\u00e9ru a dopl\u0148uj\u00ed textov\u00e1 p\u0159\u00e1n\u00ed o vizu\u00e1ln\u00ed kouzlo.<\/p>\n\n\n\n<hr class=\"wp-block-separator has-alpha-channel-opacity\"\/>\n\n\n\n<div class=\"wp-block-group is-layout-grid wp-container-core-group-is-layout-7d05cc0d wp-block-group-is-layout-grid\">\n<center><a href=\"https:\/\/kalendare365.eu\/wp-content\/uploads\/2023\/10\/dobre-rano-01.webp\" target=\"_blank\" rel=\"noopener\"><img loading=\"lazy\" decoding=\"async\" class=\"size-full wp-image-693 aligncenter\" src=\"https:\/\/kalendare365.eu\/wp-content\/uploads\/2023\/10\/dobre-rano-01-1.webp\" alt=\"\" width=\"500\" height=\"500\" srcset=\"https:\/\/kalendare365.eu\/wp-content\/uploads\/2023\/10\/dobre-rano-01-1.webp 500w, https:\/\/kalendare365.eu\/wp-content\/uploads\/2023\/10\/dobre-rano-01-1-300x300.webp 300w, https:\/\/kalendare365.eu\/wp-content\/uploads\/2023\/10\/dobre-rano-01-1-150x150.webp 150w\" sizes=\"auto, (max-width: 500px) 100vw, 500px\" \/><\/a><\/center>\n\n\n\n<center><a href=\"https:\/\/kalendare365.eu\/wp-content\/uploads\/2023\/10\/dobre-rano-02.webp\" target=\"_blank\" rel=\"noopener\"><img loading=\"lazy\" decoding=\"async\" class=\"size-full wp-image-693 aligncenter\" src=\"https:\/\/kalendare365.eu\/wp-content\/uploads\/2023\/10\/dobre-rano-02-1.webp\" alt=\"\" width=\"500\" height=\"500\"><\/a><\/center>\n\n\n\n<center><a href=\"https:\/\/kalendare365.eu\/wp-content\/uploads\/2023\/10\/dobre-rano-03.webp\" target=\"_blank\" rel=\"noopener\"><img loading=\"lazy\" decoding=\"async\" class=\"size-full wp-image-693 aligncenter\" src=\"https:\/\/kalendare365.eu\/wp-content\/uploads\/2023\/10\/dobre-rano-03-1.webp\" alt=\"\" width=\"500\" height=\"500\"><\/a><\/center>\n\n\n\n<center><a href=\"https:\/\/kalendare365.eu\/wp-content\/uploads\/2023\/10\/dobre-rano-04.webp\" target=\"_blank\" rel=\"noopener\"><img loading=\"lazy\" decoding=\"async\" class=\"size-full wp-image-693 aligncenter\" src=\"https:\/\/kalendare365.eu\/wp-content\/uploads\/2023\/10\/dobre-rano-04-1.webp\" alt=\"\" width=\"500\" height=\"500\"><\/a><\/center>\n\n\n\n<center><a href=\"https:\/\/kalendare365.eu\/wp-content\/uploads\/2023\/10\/dobre-rano-05.webp\" target=\"_blank\" rel=\"noopener\"><img loading=\"lazy\" decoding=\"async\" class=\"size-full wp-image-693 aligncenter\" src=\"https:\/\/kalendare365.eu\/wp-content\/uploads\/2023\/10\/dobre-rano-05-1.webp\" alt=\"\" width=\"500\" height=\"500\"><\/a><\/center>\n\n\n\n<center><a href=\"https:\/\/kalendare365.eu\/wp-content\/uploads\/2023\/10\/dobre-rano-06.webp\" target=\"_blank\" rel=\"noopener\"><img loading=\"lazy\" decoding=\"async\" class=\"size-full wp-image-693 aligncenter\" src=\"https:\/\/kalendare365.eu\/wp-content\/uploads\/2023\/10\/dobre-rano-06-1.webp\" alt=\"\" width=\"500\" height=\"500\"><\/a><\/center>\n\n\n\n<center><a href=\"https:\/\/kalendare365.eu\/wp-content\/uploads\/2023\/10\/dobre-rano-07.webp\" target=\"_blank\" rel=\"noopener\"><img loading=\"lazy\" decoding=\"async\" class=\"size-full wp-image-693 aligncenter\" src=\"https:\/\/kalendare365.eu\/wp-content\/uploads\/2023\/10\/dobre-rano-07-1.webp\" alt=\"\" width=\"500\" height=\"500\"><\/a><\/center>\n\n\n\n<center><a href=\"https:\/\/kalendare365.eu\/wp-content\/uploads\/2023\/10\/dobre-rano-08.webp\" target=\"_blank\" rel=\"noopener\"><img loading=\"lazy\" decoding=\"async\" class=\"size-full wp-image-693 aligncenter\" src=\"https:\/\/kalendare365.eu\/wp-content\/uploads\/2023\/10\/dobre-rano-08-1.webp\" alt=\"\" width=\"500\" height=\"500\"><\/a><\/center>\n\n\n\n<center><a href=\"https:\/\/kalendare365.eu\/wp-content\/uploads\/2023\/10\/dobre-rano-09.webp\" target=\"_blank\" rel=\"noopener\"><img loading=\"lazy\" decoding=\"async\" class=\"size-full wp-image-693 aligncenter\" src=\"https:\/\/kalendare365.eu\/wp-content\/uploads\/2023\/10\/dobre-rano-09-1.webp\" alt=\"\" width=\"500\" height=\"500\"><\/a><\/center>\n\n\n\n<center><a href=\"https:\/\/kalendare365.eu\/wp-content\/uploads\/2023\/10\/dobre-rano-10.webp\" target=\"_blank\" rel=\"noopener\"><img loading=\"lazy\" decoding=\"async\" class=\"size-full wp-image-693 aligncenter\" src=\"https:\/\/kalendare365.eu\/wp-content\/uploads\/2023\/10\/dobre-rano-10-1.webp\" alt=\"\" width=\"500\" height=\"500\"><\/a><\/center>\n<\/div>\n\n\n\n<h1 class=\"wp-block-heading\">Z\u00e1v\u011br<\/h1>\n\n\n\n<p class=\"wp-block-paragraph\">P\u0159\u00e1n\u00ed dobr\u00e9ho r\u00e1na je drobn\u00fd, ale velmi \u00fa\u010dinn\u00fd zp\u016fsob, jak n\u011bkomu zp\u0159\u00edjemnit za\u010d\u00e1tek dne. A\u0165 u\u017e zvol\u00edte klasick\u00e9, romantick\u00e9 nebo vesel\u00e9 p\u0159\u00e1n\u00ed, v\u017edy t\u00edm projev\u00edte pozornost a p\u00e9\u010di. Obr\u00e1zky s rann\u00edmi motivy nav\u00edc dodaj\u00ed pozdravu je\u0161t\u011b v\u00edce emoc\u00ed a kr\u00e1sy. Ud\u011blejte dne\u0161n\u00ed r\u00e1no n\u011bkomu hez\u010d\u00ed \u2013 sta\u010d\u00ed p\u00e1r slov nebo jeden obr\u00e1zek.<\/p>\n","protected":false},"excerpt":{"rendered":"<p>Rann\u00ed pozdrav dok\u00e1\u017ee zm\u011bnit atmosf\u00e9ru cel\u00e9ho dne. Jedna mil\u00e1 v\u011bta, kr\u00e1tk\u00e1 zpr\u00e1va nebo obr\u00e1zek s p\u0159\u00e1n\u00edm dobr\u00e9ho r\u00e1na m\u016f\u017ee pot\u011b\u0161it partnera, rodinu i p\u0159\u00e1tele. P\u0159in\u00e1\u0161\u00ed pocit bl\u00edzkosti, radosti a pozornosti, kter\u00e1 zah\u0159eje hned po probuzen\u00ed. Tento \u010dl\u00e1nek nab\u00edz\u00ed inspiraci pro r\u016fzn\u00e1 rann\u00ed p\u0159\u00e1n\u00ed \u2013 od klasick\u00fdch p\u0159es romantick\u00e1 a\u017e po vesel\u00e1. V\u0161e dopln\u011bn\u00e9 o tipy [&hellip;]<\/p>\n","protected":false},"author":1,"featured_media":3680,"comment_status":"open","ping_status":"closed","sticky":false,"template":"","format":"standard","meta":{"footnotes":""},"categories":[29],"tags":[],"class_list":["post-674","post","type-post","status-publish","format-standard","has-post-thumbnail","hentry","category-obrazky"],"_links":{"self":[{"href":"https:\/\/kalendare365.eu\/index.php?rest_route=\/wp\/v2\/posts\/674","targetHints":{"allow":["GET"]}}],"collection":[{"href":"https:\/\/kalendare365.eu\/index.php?rest_route=\/wp\/v2\/posts"}],"about":[{"href":"https:\/\/kalendare365.eu\/index.php?rest_route=\/wp\/v2\/types\/post"}],"author":[{"embeddable":true,"href":"https:\/\/kalendare365.eu\/index.php?rest_route=\/wp\/v2\/users\/1"}],"replies":[{"embeddable":true,"href":"https:\/\/kalendare365.eu\/index.php?rest_route=%2Fwp%2Fv2%2Fcomments&post=674"}],"version-history":[{"count":6,"href":"https:\/\/kalendare365.eu\/index.php?rest_route=\/wp\/v2\/posts\/674\/revisions"}],"predecessor-version":[{"id":3681,"href":"https:\/\/kalendare365.eu\/index.php?rest_route=\/wp\/v2\/posts\/674\/revisions\/3681"}],"wp:featuredmedia":[{"embeddable":true,"href":"https:\/\/kalendare365.eu\/index.php?rest_route=\/wp\/v2\/media\/3680"}],"wp:attachment":[{"href":"https:\/\/kalendare365.eu\/index.php?rest_route=%2Fwp%2Fv2%2Fmedia&parent=674"}],"wp:term":[{"taxonomy":"category","embeddable":true,"href":"https:\/\/kalendare365.eu\/index.php?rest_route=%2Fwp%2Fv2%2Fcategories&post=674"},{"taxonomy":"post_tag","embeddable":true,"href":"https:\/\/kalendare365.eu\/index.php?rest_route=%2Fwp%2Fv2%2Ftags&post=674"}],"curies":[{"name":"wp","href":"https:\/\/api.w.org\/{rel}","templated":true}]}}