{"id":699,"date":"2023-10-28T17:51:26","date_gmt":"2023-10-28T14:51:26","guid":{"rendered":"https:\/\/kalendare365.eu\/?p=699"},"modified":"2026-07-25T16:05:37","modified_gmt":"2026-07-25T13:05:37","slug":"mesice-v-anglictine","status":"publish","type":"post","link":"https:\/\/kalendare365.eu\/?p=699","title":{"rendered":"M\u011bs\u00edce v angli\u010dtin\u011b"},"content":{"rendered":"\n<p class=\"wp-block-paragraph\">U\u010den\u00ed <strong>m\u011bs\u00edc\u016f v angli\u010dtin\u011b<\/strong> pat\u0159\u00ed mezi prvn\u00ed kroky ka\u017ed\u00e9ho studenta angli\u010dtiny. Spr\u00e1vn\u00e1 znalost n\u00e1zv\u016f m\u011bs\u00edc\u016f v\u00e1m pom\u016f\u017ee l\u00e9pe porozum\u011bt text\u016fm, komunikaci i ka\u017edodenn\u00edm situac\u00edm. Tento \u010dl\u00e1nek p\u0159edstavuje <strong>kompletn\u00ed, p\u0159ehledn\u00fd a u\u017eivatelsky p\u0159\u00edv\u011btiv\u00fd materi\u00e1l<\/strong>, kter\u00fd m\u016f\u017eete vyu\u017e\u00edt p\u0159i studiu i tisku.<\/p>\n\n\n\n<h2 class=\"wp-block-heading\">\ud83d\udcc5 N\u00e1zvy m\u011bs\u00edc\u016f v angli\u010dtin\u011b \u2013 p\u0159ehled a v\u00fdznam<\/h2>\n\n\n\n<p class=\"wp-block-paragraph\">N\u00ed\u017ee najdete v\u0161echny m\u011bs\u00edce v angli\u010dtin\u011b, jejich \u010desk\u00e9 ekvivalenty a kr\u00e1tk\u00e9 tematick\u00e9 popisy.<\/p>\n\n\n\n<h3 class=\"wp-block-heading\">\ud83e\uddca Leden \u2013 <strong>January<\/strong><\/h3>\n\n\n\n<p class=\"wp-block-paragraph\">Prvn\u00ed m\u011bs\u00edc roku symbolizuje nov\u00e9 za\u010d\u00e1tky, pl\u00e1ny a p\u0159edsevzet\u00ed. <strong>January<\/strong><\/p>\n\n\n\n<h3 class=\"wp-block-heading\">\ud83d\udc98 \u00danor \u2013 <strong>February<\/strong><\/h3>\n\n\n\n<p class=\"wp-block-paragraph\">Nejkrat\u0161\u00ed m\u011bs\u00edc roku, \u010dasto spojovan\u00fd se sv\u00e1tkem sv. Valent\u00fdna. <strong>February<\/strong><\/p>\n\n\n\n<h3 class=\"wp-block-heading\">\ud83c\udf31 B\u0159ezen \u2013 <strong>March<\/strong><\/h3>\n\n\n\n<p class=\"wp-block-paragraph\">M\u011bs\u00edc, kdy se objevuj\u00ed prvn\u00ed zn\u00e1mky jara a p\u0159\u00edroda se za\u010d\u00edn\u00e1 probouzet. <strong>March<\/strong><\/p>\n\n\n\n<h3 class=\"wp-block-heading\">\ud83c\udf26\ufe0f Duben \u2013 <strong>April<\/strong><\/h3>\n\n\n\n<p class=\"wp-block-paragraph\">Duben p\u0159in\u00e1\u0161\u00ed jarn\u00ed d\u00e9\u0161\u0165, sv\u011b\u017e\u00ed vzduch a postupn\u00e9 oteplov\u00e1n\u00ed. <strong>April<\/strong><\/p>\n\n\n\n<h3 class=\"wp-block-heading\">\ud83c\udf38 Kv\u011bten \u2013 <strong>May<\/strong><\/h3>\n\n\n\n<p class=\"wp-block-paragraph\">M\u011bs\u00edc pln\u00fd kv\u011bt\u016f, v\u016fn\u00ed a rozkv\u011btu p\u0159\u00edrody. <strong>May<\/strong><\/p>\n\n\n\n<h3 class=\"wp-block-heading\">\ud83c\udf1e \u010cerven \u2013 <strong>June<\/strong><\/h3>\n\n\n\n<p class=\"wp-block-paragraph\">Za\u010d\u00e1tek l\u00e9ta, del\u0161\u00ed dny a p\u0159\u00edjemn\u00e9 teploty. <strong>June<\/strong><\/p>\n\n\n\n<h3 class=\"wp-block-heading\">\ud83c\udfd6\ufe0f \u010cervenec \u2013 <strong>July<\/strong><\/h3>\n\n\n\n<p class=\"wp-block-paragraph\">Vrchol l\u00e9ta, pr\u00e1zdniny, cestov\u00e1n\u00ed a slune\u010dn\u00e9 po\u010das\u00ed. <strong>July<\/strong><\/p>\n\n\n\n<h3 class=\"wp-block-heading\">\ud83c\udf49 Srpen \u2013 <strong>August<\/strong><\/h3>\n\n\n\n<p class=\"wp-block-paragraph\">Pokra\u010dov\u00e1n\u00ed letn\u00edch radov\u00e1nek, dovolen\u00fdch a tepl\u00fdch ve\u010der\u016f. <strong>August<\/strong><\/p>\n\n\n\n<h3 class=\"wp-block-heading\">\ud83c\udf92 Z\u00e1\u0159\u00ed \u2013 <strong>September<\/strong><\/h3>\n\n\n\n<p class=\"wp-block-paragraph\">N\u00e1vrat do \u0161koly, za\u010d\u00e1tek podzimu a zm\u011bna rytmu. <strong>September<\/strong><\/p>\n\n\n\n<h3 class=\"wp-block-heading\">\ud83c\udf41 \u0158\u00edjen \u2013 <strong>October<\/strong><\/h3>\n\n\n\n<p class=\"wp-block-paragraph\">Barevn\u00e9 list\u00ed, chladn\u011bj\u0161\u00ed po\u010das\u00ed a obl\u00edben\u00fd Halloween. <strong>October<\/strong><\/p>\n\n\n\n<h3 class=\"wp-block-heading\">\ud83c\udf2c\ufe0f Listopad \u2013 <strong>November<\/strong><\/h3>\n\n\n\n<p class=\"wp-block-paragraph\">Chladn\u00fd m\u011bs\u00edc, kdy se p\u0159\u00edroda p\u0159ipravuje na zimu. <strong>November<\/strong><\/p>\n\n\n\n<h3 class=\"wp-block-heading\">\ud83c\udf84 Prosinec \u2013 <strong>December<\/strong><\/h3>\n\n\n\n<p class=\"wp-block-paragraph\">\u010cas V\u00e1noc, zimn\u00ed atmosf\u00e9ry a konce roku. <strong>December<\/strong><\/p>\n\n\n\n<h2 class=\"wp-block-heading\">\ud83d\udcd8 Jak se efektivn\u011b u\u010dit m\u011bs\u00edce v angli\u010dtin\u011b<\/h2>\n\n\n\n<ul class=\"wp-block-list\">\n<li><strong>Opakov\u00e1n\u00ed<\/strong> \u2014 pravideln\u00e9 procvi\u010dov\u00e1n\u00ed pom\u00e1h\u00e1 rychlej\u0161\u00edmu zapamatov\u00e1n\u00ed.<\/li>\n\n\n\n<li><strong>Karti\u010dky<\/strong> \u2014 ide\u00e1ln\u00ed pro vizu\u00e1ln\u00ed studenty.<\/li>\n\n\n\n<li><strong>Kr\u00e1tk\u00e9 v\u011bty<\/strong> \u2014 pou\u017e\u00edv\u00e1n\u00ed m\u011bs\u00edc\u016f v kontextu zlep\u0161uje porozum\u011bn\u00ed.<\/li>\n\n\n\n<li><strong>Tisknuteln\u00e9 materi\u00e1ly<\/strong> \u2014 skv\u011bl\u00e9 pro dom\u00e1c\u00ed studium.<\/li>\n<\/ul>\n\n\n\n<div class=\"wp-block-group is-layout-grid wp-container-core-group-is-layout-7d05cc0d wp-block-group-is-layout-grid\">\n<div class=\"wp-block-group has-global-padding is-layout-constrained wp-block-group-is-layout-constrained\">\n<center><figure><img loading=\"lazy\" decoding=\"async\" class=\"alignnone size-full wp-image-701\" src=\"https:\/\/kalendare365.eu\/wp-content\/uploads\/2023\/10\/mesice-v-anglictine-01.webp\" alt=\"\" width=\"500\" height=\"707\" srcset=\"https:\/\/kalendare365.eu\/wp-content\/uploads\/2023\/10\/mesice-v-anglictine-01.webp 500w, https:\/\/kalendare365.eu\/wp-content\/uploads\/2023\/10\/mesice-v-anglictine-01-212x300.webp 212w\" sizes=\"auto, (max-width: 500px) 100vw, 500px\" \/><\/figure><\/center>\n\n\n\n<p class=\"has-text-align-center wp-block-paragraph\"><a href=\"https:\/\/kalendare365.eu\/wp-content\/uploads\/2023\/10\/mesice-v-anglictine-01.pdf\" target=\"_blank\" rel=\"noopener\">PDF<\/a> | <a href=\"https:\/\/kalendare365.eu\/wp-content\/uploads\/2023\/10\/mesice-v-anglictine-01.docx\" target=\"_blank\" rel=\"noopener\">DOCx<\/a><\/p>\n<\/div>\n\n\n\n<div class=\"wp-block-group has-global-padding is-layout-constrained wp-block-group-is-layout-constrained\">\n<center><figure><img loading=\"lazy\" decoding=\"async\" class=\"alignnone size-full wp-image-701\" src=\"https:\/\/kalendare365.eu\/wp-content\/uploads\/2023\/10\/mesice-v-anglictine-02.webp\" alt=\"\" width=\"500\" height=\"707\"><\/figure><\/center>\n\n\n\n<p class=\"has-text-align-center wp-block-paragraph\"><a href=\"https:\/\/kalendare365.eu\/wp-content\/uploads\/2023\/10\/mesice-v-anglictine-02.pdf\" target=\"_blank\" rel=\"noopener\">PDF<\/a> | <a href=\"https:\/\/kalendare365.eu\/wp-content\/uploads\/2023\/10\/mesice-v-anglictine-02.docx\" target=\"_blank\" rel=\"noopener\">DOCx<\/a><\/p>\n<\/div>\n<\/div>\n\n\n\n<h2 class=\"wp-block-heading\">Z\u00e1v\u011br \ud83c\udf93<\/h2>\n\n\n\n<p class=\"wp-block-paragraph\">Znalost <strong>anglick\u00fdch n\u00e1zv\u016f m\u011bs\u00edc\u016f<\/strong> je jednoduch\u00fd, ale velmi d\u016fle\u017eit\u00fd krok p\u0159i studiu jazyka. Tento \u010dl\u00e1nek v\u00e1m nab\u00edz\u00ed p\u0159ehlednou, strukturovanou a u\u017eivatelsky p\u0159\u00edv\u011btivou pom\u016fcku, kter\u00e1 v\u00e1m pom\u016f\u017ee u\u010dit se rychleji a efektivn\u011bji.<\/p>\n","protected":false},"excerpt":{"rendered":"<p>U\u010den\u00ed m\u011bs\u00edc\u016f v angli\u010dtin\u011b pat\u0159\u00ed mezi prvn\u00ed kroky ka\u017ed\u00e9ho studenta angli\u010dtiny. Spr\u00e1vn\u00e1 znalost n\u00e1zv\u016f m\u011bs\u00edc\u016f v\u00e1m pom\u016f\u017ee l\u00e9pe porozum\u011bt text\u016fm, komunikaci i ka\u017edodenn\u00edm situac\u00edm. Tento \u010dl\u00e1nek p\u0159edstavuje kompletn\u00ed, p\u0159ehledn\u00fd a u\u017eivatelsky p\u0159\u00edv\u011btiv\u00fd materi\u00e1l, kter\u00fd m\u016f\u017eete vyu\u017e\u00edt p\u0159i studiu i tisku. \ud83d\udcc5 N\u00e1zvy m\u011bs\u00edc\u016f v angli\u010dtin\u011b \u2013 p\u0159ehled a v\u00fdznam N\u00ed\u017ee najdete v\u0161echny m\u011bs\u00edce v angli\u010dtin\u011b, [&hellip;]<\/p>\n","protected":false},"author":1,"featured_media":0,"comment_status":"open","ping_status":"closed","sticky":false,"template":"","format":"standard","meta":{"footnotes":""},"categories":[1],"tags":[],"class_list":["post-699","post","type-post","status-publish","format-standard","hentry","category-vyrocni"],"_links":{"self":[{"href":"https:\/\/kalendare365.eu\/index.php?rest_route=\/wp\/v2\/posts\/699","targetHints":{"allow":["GET"]}}],"collection":[{"href":"https:\/\/kalendare365.eu\/index.php?rest_route=\/wp\/v2\/posts"}],"about":[{"href":"https:\/\/kalendare365.eu\/index.php?rest_route=\/wp\/v2\/types\/post"}],"author":[{"embeddable":true,"href":"https:\/\/kalendare365.eu\/index.php?rest_route=\/wp\/v2\/users\/1"}],"replies":[{"embeddable":true,"href":"https:\/\/kalendare365.eu\/index.php?rest_route=%2Fwp%2Fv2%2Fcomments&post=699"}],"version-history":[{"count":3,"href":"https:\/\/kalendare365.eu\/index.php?rest_route=\/wp\/v2\/posts\/699\/revisions"}],"predecessor-version":[{"id":3779,"href":"https:\/\/kalendare365.eu\/index.php?rest_route=\/wp\/v2\/posts\/699\/revisions\/3779"}],"wp:attachment":[{"href":"https:\/\/kalendare365.eu\/index.php?rest_route=%2Fwp%2Fv2%2Fmedia&parent=699"}],"wp:term":[{"taxonomy":"category","embeddable":true,"href":"https:\/\/kalendare365.eu\/index.php?rest_route=%2Fwp%2Fv2%2Fcategories&post=699"},{"taxonomy":"post_tag","embeddable":true,"href":"https:\/\/kalendare365.eu\/index.php?rest_route=%2Fwp%2Fv2%2Ftags&post=699"}],"curies":[{"name":"wp","href":"https:\/\/api.w.org\/{rel}","templated":true}]}}