{"id":77,"date":"2023-02-21T00:43:35","date_gmt":"2023-02-20T21:43:35","guid":{"rendered":"https:\/\/kalendare365.eu\/?p=77"},"modified":"2026-03-04T14:37:53","modified_gmt":"2026-03-04T11:37:53","slug":"stahnete-si-kalendar-unor-2024","status":"publish","type":"post","link":"https:\/\/kalendare365.eu\/?p=77","title":{"rendered":"St\u00e1hn\u011bte si kalend\u00e1\u0159 \u00fanor 2024"},"content":{"rendered":"\n<p class=\"wp-block-paragraph\">Hled\u00e1te p\u0159ehledn\u00fd a praktick\u00fd kalend\u00e1\u0159 na \u00fanor 2024? Pak jste na spr\u00e1vn\u00e9m m\u00edst\u011b! Nab\u00edz\u00edme v\u00e1m hned n\u011bkolik mo\u017enost\u00ed, jak si st\u00e1hnout kalend\u00e1\u0159 pro tento zimn\u00ed m\u011bs\u00edc:<\/p>\n\n\n\n<p class=\"wp-block-paragraph\"><strong>1. Kalend\u00e1\u0159 ve form\u00e1tu PDF:<\/strong><\/p>\n\n\n\n<ul class=\"wp-block-list\">\n<li><strong>V\u00fdhody:<\/strong> Snadn\u00e9 a rychl\u00e9 sta\u017een\u00ed bez nutnosti instalace dal\u0161\u00edho softwaru. Vhodn\u00fd pro tisk.<\/li>\n\n\n\n<li><strong>Nev\u00fdhody:<\/strong> Nen\u00ed mo\u017en\u00e9 upravovat.<\/li>\n<\/ul>\n\n\n\n<p class=\"wp-block-paragraph\"><strong>2. Kalend\u00e1\u0159 v obr\u00e1zku PNG:<\/strong><\/p>\n\n\n\n<ul class=\"wp-block-list\">\n<li><strong>V\u00fdhody:<\/strong> Snadn\u00e9 a rychl\u00e9 sta\u017een\u00ed bez nutnosti instalace dal\u0161\u00edho softwaru. Vhodn\u00fd pro online pou\u017eit\u00ed nebo tisk.<\/li>\n\n\n\n<li><strong>Nev\u00fdhody:<\/strong> Nen\u00ed mo\u017en\u00e9 upravovat.<\/li>\n<\/ul>\n\n\n\n<p class=\"wp-block-paragraph\"><strong>3. Kalend\u00e1\u0159 online:<\/strong><\/p>\n\n\n\n<ul class=\"wp-block-list\">\n<li><strong>V\u00fdhody:<\/strong> Mo\u017enost prohl\u00ed\u017eet kalend\u00e1\u0159 online bez nutnosti stahov\u00e1n\u00ed. \u010casto nab\u00edz\u00ed dal\u0161\u00ed funkce, jako je mo\u017enost p\u0159id\u00e1vat ud\u00e1losti a pozn\u00e1mky.<\/li>\n\n\n\n<li><strong>Nev\u00fdhody:<\/strong> Vy\u017eaduje internetov\u00e9 p\u0159ipojen\u00ed.<\/li>\n<\/ul>\n\n\n\n<ul class=\"wp-block-list\">\n<li>Vyberte si form\u00e1t, kter\u00fd v\u00e1m nejl\u00e9pe vyhovuje (PDF, PNG nebo online).<\/li>\n\n\n\n<li>Pokud si st\u00e1hnete kalend\u00e1\u0159 v PDF nebo PNG, vytiskn\u011bte ho na libovoln\u00fd pap\u00edr.<\/li>\n\n\n\n<li>M\u016f\u017eete si vytisknout v\u00edce kopi\u00ed kalend\u00e1\u0159e a sd\u00edlet je s p\u0159\u00e1teli nebo kolegy.<\/li>\n\n\n\n<li>Online kalend\u00e1\u0159 si m\u016f\u017eete ulo\u017eit do z\u00e1lo\u017eek pro snadn\u00fd p\u0159\u00edstup.<\/li>\n\n\n\n<li>V online kalend\u00e1\u0159i si m\u016f\u017eete p\u0159id\u00e1vat ud\u00e1losti a pozn\u00e1mky, abyste m\u011bli p\u0159ehled o sv\u00fdch pl\u00e1nech.<\/li>\n<\/ul>\n\n\n\n<h2 class=\"wp-block-heading\">Pl\u00e1nova\u010d kalend\u00e1\u0159e unor 2024<\/h2>\n\n\n\n<center><img decoding=\"async\" class=\"alignnone size-full wp-image-32\" src=\"https:\/\/kalendare365.eu\/wp-content\/uploads\/2023\/02\/planovac-kalendare-unor-2024.webp\" alt=\"\" width=\"500\" height=\"100%\"><\/center>\n\n\n\n<p class=\"wp-block-paragraph\"><a href=\"https:\/\/kalendare365.eu\/wp-content\/uploads\/2023\/02\/planovac-kalendare-unor-2024.pdf\" target=\"_blank\" rel=\"noopener\">PDF<\/a> &#8212; <a href=\"https:\/\/kalendare365.eu\/wp-content\/uploads\/2023\/02\/planovac-kalendare-unor-2024.docx\" target=\"_blank\" rel=\"noopener\">DOCx<\/a> &#8212; <a href=\"https:\/\/kalendare365.eu\/wp-content\/uploads\/2023\/02\/planovac-kalendare-unor-2024.png\" target=\"_blank\" rel=\"noopener\">PNG<\/a><\/p>\n\n\n\n<h3 class=\"wp-block-heading\">Kalend\u00e1\u0159 unor 2024 s velk\u00fdmi \u010d\u00edsly<\/h3>\n\n\n\n<center><img decoding=\"async\" class=\"alignnone size-full wp-image-32\" src=\"https:\/\/kalendare365.eu\/wp-content\/uploads\/2023\/02\/kalendar-unor-2024-s-velkymi-cisly.webp\" alt=\"\" width=\"500\" height=\"100%\"><\/center>\n\n\n\n<p class=\"wp-block-paragraph\"><a href=\"https:\/\/kalendare365.eu\/wp-content\/uploads\/2023\/02\/kalendar-unor-2024-s-velkymi-cisly.pdf\" target=\"_blank\" rel=\"noopener\">PDF<\/a> &#8212; <a href=\"https:\/\/kalendare365.eu\/wp-content\/uploads\/2023\/02\/kalendar-unor-2024-s-velkymi-cisly.docx\" target=\"_blank\" rel=\"noopener\">DOCx<\/a> &#8212; <a href=\"https:\/\/kalendare365.eu\/wp-content\/uploads\/2023\/02\/kalendar-unor-2024-s-velkymi-cisly.png\" target=\"_blank\" rel=\"noopener\">PNG<\/a><\/p>\n\n\n\n<h3 class=\"wp-block-heading\">Vertik\u00e1ln\u00ed pl\u00e1nova\u010d kalend\u00e1\u0159e na unor 2024<\/h3>\n\n\n\n<center><img decoding=\"async\" class=\"alignnone size-full wp-image-32\" src=\"https:\/\/kalendare365.eu\/wp-content\/uploads\/2023\/02\/vertikalni-planovac-kalendare-na-unor-2024.webp\" alt=\"\" width=\"500\" height=\"100%\"><\/center>\n\n\n\n<p class=\"wp-block-paragraph\"><a href=\"https:\/\/kalendare365.eu\/wp-content\/uploads\/2023\/02\/vertikalni-planovac-kalendare-na-unor-2024.pdf\" target=\"_blank\" rel=\"noopener\">PDF<\/a> &#8212; <a href=\"https:\/\/kalendare365.eu\/wp-content\/uploads\/2023\/02\/vertikalni-planovac-kalendare-na-unor-2024.docx\" target=\"_blank\" rel=\"noopener\">DOCx<\/a> &#8212; <a href=\"https:\/\/kalendare365.eu\/wp-content\/uploads\/2023\/02\/vertikalni-planovac-kalendare-na-unor-2024.png\" target=\"_blank\" rel=\"noopener\">PNG<\/a><\/p>\n\n\n\n<h3 class=\"wp-block-heading\">Kalend\u00e1\u0159 unor 2024 s p\u0159edchoz\u00edm a p\u0159\u00ed\u0161t\u00edm m\u011bs\u00edcem<\/h3>\n\n\n\n<center><img decoding=\"async\" class=\"alignnone size-full wp-image-32\" src=\"https:\/\/kalendare365.eu\/wp-content\/uploads\/2023\/02\/kalendar-unor-2024-s-predchozim-a-pristim-mesicem.webp\" alt=\"\" width=\"500\" height=\"100%\"><\/center>\n\n\n\n<p class=\"wp-block-paragraph\"><a href=\"https:\/\/kalendare365.eu\/wp-content\/uploads\/2023\/02\/kalendar-unor-2024-s-predchozim-a-pristim-mesicem.pdf\" target=\"_blank\" rel=\"noopener\">PDF<\/a> &#8212; <a href=\"https:\/\/kalendare365.eu\/wp-content\/uploads\/2023\/02\/kalendar-unor-2024-s-predchozim-a-pristim-mesicem.docx\" target=\"_blank\" rel=\"noopener\">DOCx<\/a> &#8212; <a href=\"https:\/\/kalendare365.eu\/wp-content\/uploads\/2023\/02\/kalendar-unor-2024-s-predchozim-a-pristim-mesicem.png\" target=\"_blank\" rel=\"noopener\">PNG<\/a><\/p>\n\n\n\n<h3 class=\"wp-block-heading\">Kr\u00e1sn\u00fd kalend\u00e1\u0159 unor 2024<\/h3>\n\n\n\n<center><img decoding=\"async\" class=\"alignnone size-full wp-image-32\" src=\"https:\/\/kalendare365.eu\/wp-content\/uploads\/2023\/02\/krasny-kalendar-unor-2024.webp\" alt=\"\" width=\"500\" height=\"100%\"><\/center>\n\n\n\n<p class=\"wp-block-paragraph\"><a href=\"https:\/\/kalendare365.eu\/wp-content\/uploads\/2023\/02\/krasny-kalendar-unor-2024.pdf\" target=\"_blank\" rel=\"noopener\">PDF<\/a> &#8212; <a href=\"https:\/\/kalendare365.eu\/wp-content\/uploads\/2023\/02\/krasny-kalendar-unor-2024.docx\" target=\"_blank\" rel=\"noopener\">DOCx<\/a> &#8212; <a href=\"https:\/\/kalendare365.eu\/wp-content\/uploads\/2023\/02\/krasny-kalendar-unor-2024.png\" target=\"_blank\" rel=\"noopener\">PNG<\/a><\/p>\n\n\n\n<h3 class=\"wp-block-heading\">Fotokalend\u00e1\u0159 unor 2024<\/h3>\n\n\n\n<center><img decoding=\"async\" class=\"alignnone size-full wp-image-32\" src=\"https:\/\/kalendare365.eu\/wp-content\/uploads\/2023\/02\/fotokalendar-unor-2024.webp\" alt=\"\" width=\"500\" height=\"100%\"><\/center>\n\n\n\n<p class=\"wp-block-paragraph\"><a href=\"https:\/\/kalendare365.eu\/wp-content\/uploads\/2023\/02\/fotokalendar-unor-2024.pdf\" target=\"_blank\" rel=\"noopener\">PDF<\/a> &#8212; <a href=\"https:\/\/kalendare365.eu\/wp-content\/uploads\/2023\/02\/fotokalendar-unor-2024.docx\" target=\"_blank\" rel=\"noopener\">DOCx<\/a> &#8212; <a href=\"https:\/\/kalendare365.eu\/wp-content\/uploads\/2023\/02\/fotokalendar-unor-2024.png\" target=\"_blank\" rel=\"noopener\">PNG<\/a><\/p>\n\n\n\n<h3 class=\"wp-block-heading\">Kr\u00e1sn\u00fd pl\u00e1nova\u010d kalend\u00e1\u0159e unor 2024<\/h3>\n\n\n\n<center><img decoding=\"async\" class=\"alignnone size-full wp-image-32\" src=\"https:\/\/kalendare365.eu\/wp-content\/uploads\/2023\/02\/krasny-planovac-kalendare-unor-2024.webp\" alt=\"\" width=\"500\" height=\"100%\"><\/center>\n\n\n\n<p class=\"wp-block-paragraph\"><a href=\"https:\/\/kalendare365.eu\/wp-content\/uploads\/2023\/02\/krasny-planovac-kalendare-unor-2024.pdf\" target=\"_blank\" rel=\"noopener\">PDF<\/a> &#8212; <a href=\"https:\/\/kalendare365.eu\/wp-content\/uploads\/2023\/02\/krasny-planovac-kalendare-unor-2024.docx\" target=\"_blank\" rel=\"noopener\">DOCx<\/a> &#8212; <a href=\"https:\/\/kalendare365.eu\/wp-content\/uploads\/2023\/02\/krasny-planovac-kalendare-unor-2024.png\" target=\"_blank\" rel=\"noopener\">PNG<\/a><\/p>\n\n\n\n<h3 class=\"wp-block-heading\">Kalend\u00e1\u0159 unor 2024 s pozn\u00e1mkami<\/h3>\n\n\n\n<center><img decoding=\"async\" class=\"alignnone size-full wp-image-32\" src=\"https:\/\/kalendare365.eu\/wp-content\/uploads\/2023\/02\/kalendar-unor-2024-s-poznamkami.webp\" alt=\"\" width=\"500\" height=\"100%\"><\/center>\n\n\n\n<p class=\"wp-block-paragraph\"><a href=\"https:\/\/kalendare365.eu\/wp-content\/uploads\/2023\/02\/kalendar-unor-2024-s-poznamkami.pdf\" target=\"_blank\" rel=\"noopener\">PDF<\/a> &#8212; <a href=\"https:\/\/kalendare365.eu\/wp-content\/uploads\/2023\/02\/kalendar-unor-2024-s-poznamkami.docx\" target=\"_blank\" rel=\"noopener\">DOCx<\/a> &#8212; <a href=\"https:\/\/kalendare365.eu\/wp-content\/uploads\/2023\/02\/kalendar-unor-2024-s-poznamkami.png\" target=\"_blank\" rel=\"noopener\">PNG<\/a><\/p>\n","protected":false},"excerpt":{"rendered":"<p>Hled\u00e1te p\u0159ehledn\u00fd a praktick\u00fd kalend\u00e1\u0159 na \u00fanor 2024? Pak jste na spr\u00e1vn\u00e9m m\u00edst\u011b! Nab\u00edz\u00edme v\u00e1m hned n\u011bkolik mo\u017enost\u00ed, jak si st\u00e1hnout kalend\u00e1\u0159 pro tento zimn\u00ed m\u011bs\u00edc: 1. Kalend\u00e1\u0159 ve form\u00e1tu PDF: 2. Kalend\u00e1\u0159 v obr\u00e1zku PNG: 3. Kalend\u00e1\u0159 online: Pl\u00e1nova\u010d kalend\u00e1\u0159e unor 2024 PDF &#8212; DOCx &#8212; PNG Kalend\u00e1\u0159 unor 2024 s velk\u00fdmi \u010d\u00edsly PDF [&hellip;]<\/p>\n","protected":false},"author":1,"featured_media":0,"comment_status":"open","ping_status":"closed","sticky":false,"template":"","format":"standard","meta":{"footnotes":""},"categories":[6],"tags":[21],"class_list":["post-77","post","type-post","status-publish","format-standard","hentry","category-unor","tag-21"],"_links":{"self":[{"href":"https:\/\/kalendare365.eu\/index.php?rest_route=\/wp\/v2\/posts\/77","targetHints":{"allow":["GET"]}}],"collection":[{"href":"https:\/\/kalendare365.eu\/index.php?rest_route=\/wp\/v2\/posts"}],"about":[{"href":"https:\/\/kalendare365.eu\/index.php?rest_route=\/wp\/v2\/types\/post"}],"author":[{"embeddable":true,"href":"https:\/\/kalendare365.eu\/index.php?rest_route=\/wp\/v2\/users\/1"}],"replies":[{"embeddable":true,"href":"https:\/\/kalendare365.eu\/index.php?rest_route=%2Fwp%2Fv2%2Fcomments&post=77"}],"version-history":[{"count":4,"href":"https:\/\/kalendare365.eu\/index.php?rest_route=\/wp\/v2\/posts\/77\/revisions"}],"predecessor-version":[{"id":2196,"href":"https:\/\/kalendare365.eu\/index.php?rest_route=\/wp\/v2\/posts\/77\/revisions\/2196"}],"wp:attachment":[{"href":"https:\/\/kalendare365.eu\/index.php?rest_route=%2Fwp%2Fv2%2Fmedia&parent=77"}],"wp:term":[{"taxonomy":"category","embeddable":true,"href":"https:\/\/kalendare365.eu\/index.php?rest_route=%2Fwp%2Fv2%2Fcategories&post=77"},{"taxonomy":"post_tag","embeddable":true,"href":"https:\/\/kalendare365.eu\/index.php?rest_route=%2Fwp%2Fv2%2Ftags&post=77"}],"curies":[{"name":"wp","href":"https:\/\/api.w.org\/{rel}","templated":true}]}}