{"id":775,"date":"2023-12-25T12:15:57","date_gmt":"2023-12-25T09:15:57","guid":{"rendered":"https:\/\/kalendare365.eu\/?p=775"},"modified":"2026-04-12T16:02:00","modified_gmt":"2026-04-12T13:02:00","slug":"zakaz-parkovani-pro-tisk","status":"publish","type":"post","link":"https:\/\/kalendare365.eu\/?p=775","title":{"rendered":"Z\u00e1kaz parkov\u00e1n\u00ed pro tisk"},"content":{"rendered":"\n<p class=\"wp-block-paragraph\">Pot\u0159ebujete rychle, jasn\u011b a bez zbyte\u010dn\u00fdch n\u00e1klad\u016f ozna\u010dit m\u00edsto, kde je parkov\u00e1n\u00ed zak\u00e1z\u00e1no? Ne v\u017edy je nutn\u00e9 po\u0159izovat drah\u00e9 dopravn\u00ed zna\u010den\u00ed \u2013 n\u011bkdy sta\u010d\u00ed jednoduch\u00fd, dob\u0159e viditeln\u00fd n\u00e1pis, kter\u00fd si m\u016f\u017eete okam\u017eit\u011b vytisknout a pou\u017e\u00edt. P\u0159ipraven\u00e9 \u0161ablony \u201eZ\u00e1kaz parkov\u00e1n\u00ed\u201c ve form\u00e1tu A4 p\u0159edstavuj\u00ed snadn\u00e9, dostupn\u00e9 a flexibiln\u00ed \u0159e\u0161en\u00ed pro dom\u00e1cnosti, firmy i organiz\u00e1tory akc\u00ed.<\/p>\n\n\n\n<hr class=\"wp-block-separator has-alpha-channel-opacity\"\/>\n\n\n\n<h2 class=\"wp-block-heading\"><strong>Kdy se hod\u00ed pou\u017e\u00edt n\u00e1pis \u201eZ\u00e1kaz parkov\u00e1n\u00ed\u201c<\/strong><\/h2>\n\n\n\n<ul class=\"wp-block-list\">\n<li><strong>Soukrom\u00e9 pozemky<\/strong><br>Ozna\u010den\u00ed m\u00edst vyhrazen\u00fdch pro rezidenty, n\u00e1v\u0161t\u011bvy nebo zam\u011bstnance.<\/li>\n\n\n\n<li><strong>Firemn\u00ed are\u00e1ly<\/strong><br>Zaji\u0161t\u011bn\u00ed voln\u00e9ho pr\u016fjezdu pro z\u00e1sobov\u00e1n\u00ed, technick\u00e9 slu\u017eby nebo vozidla IZS.<\/li>\n\n\n\n<li><strong>Jednor\u00e1zov\u00e9 akce<\/strong><br>Vyhrazen\u00ed parkovac\u00edch m\u00edst pro organiz\u00e1tory, VIP hosty \u010di technick\u00e9 z\u00e1zem\u00ed.<\/li>\n\n\n\n<li><strong>Prostory s omezen\u00fdm p\u0159\u00edstupem<\/strong><br>M\u00edsta, kde zaparkovan\u00e9 auto br\u00e1n\u00ed vjezdu, v\u00fdjezdu nebo pr\u016fchodu.<\/li>\n<\/ul>\n\n\n\n<hr class=\"wp-block-separator has-alpha-channel-opacity\"\/>\n\n\n\n<h2 class=\"wp-block-heading\"><strong>V\u00fdhody ti\u0161t\u011bn\u00fdch n\u00e1pis\u016f<\/strong><\/h2>\n\n\n\n<ul class=\"wp-block-list\">\n<li><strong>N\u00edzk\u00e9 n\u00e1klady<\/strong><br>N\u00e1pisy si m\u016f\u017eete vytisknout kdykoli a v libovoln\u00e9m mno\u017estv\u00ed, bez investic do kovov\u00fdch zna\u010dek.<\/li>\n\n\n\n<li><strong>Rychl\u00e1 instalace<\/strong><br>Sta\u010d\u00ed vytisknout, p\u0159ilepit na viditeln\u00e9 m\u00edsto a z\u00e1kaz je okam\u017eit\u011b platn\u00fd.<\/li>\n\n\n\n<li><strong>Flexibilita<\/strong><br>R\u016fzn\u00e9 varianty designu a velikost\u00ed umo\u017e\u0148uj\u00ed p\u0159izp\u016fsoben\u00ed konkr\u00e9tn\u00edm pot\u0159eb\u00e1m.<\/li>\n\n\n\n<li><strong>Ide\u00e1ln\u00ed pro do\u010dasn\u00e9 pou\u017eit\u00ed<\/strong><br>Skv\u011bl\u00e9 pro kr\u00e1tkodob\u00e9 akce nebo situace, kdy se pravidla parkov\u00e1n\u00ed \u010dasto m\u011bn\u00ed.<\/li>\n<\/ul>\n\n\n\n<hr class=\"wp-block-separator has-alpha-channel-opacity\"\/>\n\n\n\n<h2 class=\"wp-block-heading\"><strong>Jak st\u00e1hnout a vytisknout n\u00e1pisy<\/strong><\/h2>\n\n\n\n<ol class=\"wp-block-list\">\n<li><strong>St\u00e1hn\u011bte PDF soubor<\/strong><br>Ulo\u017ete si p\u0159ipraven\u00fd dokument do po\u010d\u00edta\u010de.<\/li>\n\n\n\n<li><strong>Vytiskn\u011bte n\u00e1pis<\/strong><br>Otev\u0159ete PDF v prohl\u00ed\u017ee\u010di a vytiskn\u011bte na pap\u00edr form\u00e1tu A4.<\/li>\n\n\n\n<li><strong>Um\u00edst\u011bte n\u00e1pis na viditeln\u00e9 m\u00edsto<\/strong><br>Pou\u017eijte lepic\u00ed p\u00e1sku, oboustrannou p\u00e1sku nebo lepidlo.<\/li>\n<\/ol>\n\n\n\n<hr class=\"wp-block-separator has-alpha-channel-opacity\"\/>\n\n\n\n<h2 class=\"wp-block-heading\"><strong>Tipy pro spr\u00e1vn\u00e9 um\u00edst\u011bn\u00ed<\/strong><\/h2>\n\n\n\n<ul class=\"wp-block-list\">\n<li>Um\u00edst\u011bte n\u00e1pis do v\u00fd\u0161ky o\u010d\u00ed, aby byl dob\u0159e viditeln\u00fd.<\/li>\n\n\n\n<li>Zajist\u011bte dostate\u010dn\u00e9 osv\u011btlen\u00ed, zejm\u00e9na pokud m\u00e1 b\u00fdt \u010diteln\u00fd i ve\u010der.<\/li>\n\n\n\n<li>Pou\u017e\u00edvejte dostate\u010dn\u011b velk\u00e9 p\u00edsmo pro \u010ditelnost na d\u00e1lku.<\/li>\n\n\n\n<li>V p\u0159\u00edpad\u011b pot\u0159eby dopl\u0148te n\u00e1pis kr\u00e1tk\u00fdm vysv\u011btlen\u00edm nebo sm\u011brovou \u0161ipkou.<\/li>\n<\/ul>\n\n\n\n<hr class=\"wp-block-separator has-alpha-channel-opacity\"\/>\n\n\n\n<div class=\"wp-block-group is-layout-grid wp-container-core-group-is-layout-7d05cc0d wp-block-group-is-layout-grid\">\n<div class=\"wp-block-group has-global-padding is-layout-constrained wp-block-group-is-layout-constrained\">\n<center><img loading=\"lazy\" decoding=\"async\" class=\"alignnone size-full wp-image-776\" src=\"https:\/\/kalendare365.eu\/wp-content\/uploads\/2023\/12\/zakaz-parkovani-01.webp\" alt=\"\" width=\"500\" height=\"707\"><\/center>\n\n\n\n<p class=\"has-text-align-center wp-block-paragraph\"><a href=\"https:\/\/kalendare365.eu\/wp-content\/uploads\/2023\/12\/zakaz-parkovani-01.pdf\" target=\"_blank\" rel=\"noopener\">PDF<\/a><\/p>\n<\/div>\n\n\n\n<div class=\"wp-block-group has-global-padding is-layout-constrained wp-block-group-is-layout-constrained\">\n<center><img loading=\"lazy\" decoding=\"async\" class=\"alignnone size-full wp-image-776\" src=\"https:\/\/kalendare365.eu\/wp-content\/uploads\/2023\/12\/zakaz-parkovani-02.webp\" alt=\"\" width=\"500\" height=\"707\"><\/center>\n\n\n\n<p class=\"has-text-align-center wp-block-paragraph\"><a href=\"https:\/\/kalendare365.eu\/wp-content\/uploads\/2023\/12\/zakaz-parkovani-02.pdf\" target=\"_blank\" rel=\"noopener\">PDF<\/a><\/p>\n<\/div>\n\n\n\n<div class=\"wp-block-group has-global-padding is-layout-constrained wp-block-group-is-layout-constrained\">\n<center><img loading=\"lazy\" decoding=\"async\" class=\"alignnone size-full wp-image-776\" src=\"https:\/\/kalendare365.eu\/wp-content\/uploads\/2023\/12\/zakaz-parkovani-03.webp\" alt=\"\" width=\"500\" height=\"707\"><\/center>\n\n\n\n<p class=\"has-text-align-center wp-block-paragraph\"><a href=\"https:\/\/kalendare365.eu\/wp-content\/uploads\/2023\/12\/zakaz-parkovani-03.pdf\" target=\"_blank\" rel=\"noopener\">PDF<\/a><\/p>\n<\/div>\n<\/div>\n\n\n\n<h2 class=\"wp-block-heading\"><strong>Z\u00e1v\u011br<\/strong><\/h2>\n\n\n\n<p class=\"wp-block-paragraph\">Ti\u0161t\u011bn\u00e9 n\u00e1pisy \u201eZ\u00e1kaz parkov\u00e1n\u00ed\u201c p\u0159edstavuj\u00ed rychl\u00fd, levn\u00fd a efektivn\u00ed zp\u016fsob, jak zajistit po\u0159\u00e1dek a p\u0159ehlednost v jak\u00e9mkoli prostoru. A\u0165 u\u017e jde o soukrom\u00fd pozemek, firemn\u00ed are\u00e1l nebo jednor\u00e1zovou akci, jednoduch\u00e9 a jasn\u00e9 ozna\u010den\u00ed pom\u016f\u017ee p\u0159edej\u00edt nedorozum\u011bn\u00edm a zajist\u00ed plynul\u00fd provoz. Sta\u010d\u00ed st\u00e1hnout, vytisknout a pou\u017e\u00edt.<\/p>\n","protected":false},"excerpt":{"rendered":"<p>Pot\u0159ebujete rychle, jasn\u011b a bez zbyte\u010dn\u00fdch n\u00e1klad\u016f ozna\u010dit m\u00edsto, kde je parkov\u00e1n\u00ed zak\u00e1z\u00e1no? Ne v\u017edy je nutn\u00e9 po\u0159izovat drah\u00e9 dopravn\u00ed zna\u010den\u00ed \u2013 n\u011bkdy sta\u010d\u00ed jednoduch\u00fd, dob\u0159e viditeln\u00fd n\u00e1pis, kter\u00fd si m\u016f\u017eete okam\u017eit\u011b vytisknout a pou\u017e\u00edt. P\u0159ipraven\u00e9 \u0161ablony \u201eZ\u00e1kaz parkov\u00e1n\u00ed\u201c ve form\u00e1tu A4 p\u0159edstavuj\u00ed snadn\u00e9, dostupn\u00e9 a flexibiln\u00ed \u0159e\u0161en\u00ed pro dom\u00e1cnosti, firmy i organiz\u00e1tory akc\u00ed. Kdy [&hellip;]<\/p>\n","protected":false},"author":1,"featured_media":0,"comment_status":"open","ping_status":"closed","sticky":false,"template":"","format":"standard","meta":{"footnotes":""},"categories":[30],"tags":[],"class_list":["post-775","post","type-post","status-publish","format-standard","hentry","category-stahnout-a-vytisknout"],"_links":{"self":[{"href":"https:\/\/kalendare365.eu\/index.php?rest_route=\/wp\/v2\/posts\/775","targetHints":{"allow":["GET"]}}],"collection":[{"href":"https:\/\/kalendare365.eu\/index.php?rest_route=\/wp\/v2\/posts"}],"about":[{"href":"https:\/\/kalendare365.eu\/index.php?rest_route=\/wp\/v2\/types\/post"}],"author":[{"embeddable":true,"href":"https:\/\/kalendare365.eu\/index.php?rest_route=\/wp\/v2\/users\/1"}],"replies":[{"embeddable":true,"href":"https:\/\/kalendare365.eu\/index.php?rest_route=%2Fwp%2Fv2%2Fcomments&post=775"}],"version-history":[{"count":5,"href":"https:\/\/kalendare365.eu\/index.php?rest_route=\/wp\/v2\/posts\/775\/revisions"}],"predecessor-version":[{"id":3583,"href":"https:\/\/kalendare365.eu\/index.php?rest_route=\/wp\/v2\/posts\/775\/revisions\/3583"}],"wp:attachment":[{"href":"https:\/\/kalendare365.eu\/index.php?rest_route=%2Fwp%2Fv2%2Fmedia&parent=775"}],"wp:term":[{"taxonomy":"category","embeddable":true,"href":"https:\/\/kalendare365.eu\/index.php?rest_route=%2Fwp%2Fv2%2Fcategories&post=775"},{"taxonomy":"post_tag","embeddable":true,"href":"https:\/\/kalendare365.eu\/index.php?rest_route=%2Fwp%2Fv2%2Ftags&post=775"}],"curies":[{"name":"wp","href":"https:\/\/api.w.org\/{rel}","templated":true}]}}