{"id":838,"date":"2023-12-26T08:39:43","date_gmt":"2023-12-26T05:39:43","guid":{"rendered":"https:\/\/kalendare365.eu\/?p=838"},"modified":"2026-03-04T14:36:50","modified_gmt":"2026-03-04T11:36:50","slug":"kalendar-prosinec-2023-leden-unor-2024","status":"publish","type":"post","link":"https:\/\/kalendare365.eu\/?p=838","title":{"rendered":"Kalend\u00e1\u0159 prosinec 2023, leden, \u00fanor 2024"},"content":{"rendered":"\n<p class=\"wp-block-paragraph\">Hled\u00e1te praktickou kalend\u00e1\u0159ovou \u0161ablonu, kter\u00e1 v\u00e1m pom\u016f\u017ee s pl\u00e1nov\u00e1n\u00edm a organizac\u00ed \u010dasu v nadch\u00e1zej\u00edc\u00edch m\u011bs\u00edc\u00edch? Pak jste na spr\u00e1vn\u00e9m m\u00edst\u011b!<\/p>\n\n\n\n<p class=\"wp-block-paragraph\">Na na\u0161ich webov\u00fdch str\u00e1nk\u00e1ch si m\u016f\u017eete <strong>bezplatn\u011b st\u00e1hnout<\/strong> kalend\u00e1\u0159ovou \u0161ablonu, kter\u00e1 zahrnuje prosinec 2023 a leden a \u00fanor 2024. Kalend\u00e1\u0159 je navr\u017een tak, aby se ve\u0161el na jeden list pap\u00edru A4, \u010d\u00edm\u017e v\u00e1m poskytuje kompaktn\u00ed a p\u0159ehledn\u00fd pl\u00e1n na dal\u0161\u00ed t\u0159i m\u011bs\u00edce.<\/p>\n\n\n\n<p class=\"wp-block-paragraph\"><strong>Vlastnosti:<\/strong><\/p>\n\n\n\n<ul class=\"wp-block-list\">\n<li><strong>M\u011bs\u00ed\u010dn\u00ed p\u0159ehled:<\/strong> Z\u00edskejte rychl\u00fd p\u0159ehled o cel\u00e9m m\u011bs\u00edci s jasn\u011b ozna\u010den\u00fdmi dny, t\u00fddny a v\u00edkendy.<\/li>\n\n\n\n<li><strong>M\u00edsto pro pozn\u00e1mky:<\/strong> Ka\u017ed\u00fd den m\u00e1 dostatek prostoru pro zapisov\u00e1n\u00ed d\u016fle\u017eit\u00fdch ud\u00e1lost\u00ed, sch\u016fzek, term\u00edn\u016f a dal\u0161\u00edch p\u0159ipomenut\u00ed.<\/li>\n\n\n\n<li><strong>Kompaktn\u00ed design:<\/strong> Kalend\u00e1\u0159 zab\u00edr\u00e1 minimum m\u00edsta na va\u0161em stole nebo v di\u00e1\u0159i.<\/li>\n\n\n\n<li><strong>Bezplatn\u00fd tisk:<\/strong> St\u00e1hn\u011bte si PDF soubor a vytiskn\u011bte ho kolikr\u00e1t budete cht\u00edt.<\/li>\n<\/ul>\n\n\n\n<p class=\"wp-block-paragraph\"><strong>Jak pou\u017e\u00edvat kalend\u00e1\u0159:<\/strong><\/p>\n\n\n\n<ol class=\"wp-block-list\">\n<li>St\u00e1hn\u011bte si PDF soubor s kalend\u00e1\u0159ovou \u0161ablonou.<\/li>\n\n\n\n<li>Vytiskn\u011bte ho na list pap\u00edru A4.<\/li>\n\n\n\n<li>Pomoc\u00ed pera, tu\u017eky nebo propisky vypl\u0148te data, ud\u00e1losti a pozn\u00e1mky.<\/li>\n\n\n\n<li>Um\u00edst\u011bte kalend\u00e1\u0159 na viditeln\u00e9 m\u00edsto, nap\u0159\u00edklad na st\u016fl, ledni\u010dku nebo n\u00e1st\u011bnku.<\/li>\n\n\n\n<li>Pou\u017eijte kalend\u00e1\u0159 k pl\u00e1nov\u00e1n\u00ed sv\u00e9ho \u010dasu, sledov\u00e1n\u00ed term\u00edn\u016f a zaji\u0161t\u011bn\u00ed, \u017ee v\u00e1m nic d\u016fle\u017eit\u00e9ho neunikne.<\/li>\n<\/ol>\n\n\n\n<p class=\"wp-block-paragraph\"><strong>Tipy:<\/strong><\/p>\n\n\n\n<ul class=\"wp-block-list\">\n<li>Pro z\u00fatuln\u011bn\u00ed kalend\u00e1\u0159e ho m\u016f\u017eete vybarvit, pou\u017e\u00edt samolepky nebo ozdobit washi p\u00e1skou.<\/li>\n\n\n\n<li>Kalend\u00e1\u0159 m\u016f\u017eete tak\u00e9 pou\u017e\u00edt jako pl\u00e1nova\u010d pro stanovov\u00e1n\u00ed c\u00edl\u016f, sledov\u00e1n\u00ed pokroku a vytv\u00e1\u0159en\u00ed nov\u00fdch n\u00e1vyk\u016f.<\/li>\n\n\n\n<li>Pokud pot\u0159ebujete v\u00edce prostoru pro pozn\u00e1mky, m\u016f\u017eete kalend\u00e1\u0159 vytisknout na dva listy A4 a slepit je dohromady.<\/li>\n<\/ul>\n\n\n\n<p class=\"wp-block-paragraph\"><strong>Douf\u00e1me, \u017ee tuto kalend\u00e1\u0159ovou \u0161ablonu shled\u00e1te u\u017eite\u010dnou a \u017ee v\u00e1m pom\u016f\u017ee co nejl\u00e9pe vyu\u017e\u00edt v\u00e1\u0161 \u010das!<\/strong><\/p>\n\n\n\n<center><img loading=\"lazy\" decoding=\"async\" class=\"alignnone size-full wp-image-839\" src=\"https:\/\/kalendare365.eu\/wp-content\/uploads\/2023\/12\/Kalendar-prosinec-2023-leden-unor-2024.webp\" alt=\"\" width=\"500\" height=\"707\"><\/center>\n\n\n\n<p class=\"has-text-align-center wp-block-paragraph\"><a href=\"https:\/\/kalendare365.eu\/wp-content\/uploads\/2023\/12\/Kalendar-prosinec-2023-leden-unor-2024.pdf\" target=\"_blank\" rel=\"noopener\">PDF<\/a> | <a href=\"https:\/\/kalendare365.eu\/wp-content\/uploads\/2023\/12\/Kalendar-prosinec-2023-leden-unor-2024.docx\" target=\"_blank\" rel=\"noopener\">WORD<\/a><\/p>\n","protected":false},"excerpt":{"rendered":"<p>Hled\u00e1te praktickou kalend\u00e1\u0159ovou \u0161ablonu, kter\u00e1 v\u00e1m pom\u016f\u017ee s pl\u00e1nov\u00e1n\u00edm a organizac\u00ed \u010dasu v nadch\u00e1zej\u00edc\u00edch m\u011bs\u00edc\u00edch? Pak jste na spr\u00e1vn\u00e9m m\u00edst\u011b! Na na\u0161ich webov\u00fdch str\u00e1nk\u00e1ch si m\u016f\u017eete bezplatn\u011b st\u00e1hnout kalend\u00e1\u0159ovou \u0161ablonu, kter\u00e1 zahrnuje prosinec 2023 a leden a \u00fanor 2024. Kalend\u00e1\u0159 je navr\u017een tak, aby se ve\u0161el na jeden list pap\u00edru A4, \u010d\u00edm\u017e v\u00e1m poskytuje kompaktn\u00ed [&hellip;]<\/p>\n","protected":false},"author":1,"featured_media":0,"comment_status":"open","ping_status":"closed","sticky":false,"template":"","format":"standard","meta":{"footnotes":""},"categories":[5,16,6],"tags":[20,21],"class_list":["post-838","post","type-post","status-publish","format-standard","hentry","category-leden","category-prosinec","category-unor","tag-20","tag-21"],"_links":{"self":[{"href":"https:\/\/kalendare365.eu\/index.php?rest_route=\/wp\/v2\/posts\/838","targetHints":{"allow":["GET"]}}],"collection":[{"href":"https:\/\/kalendare365.eu\/index.php?rest_route=\/wp\/v2\/posts"}],"about":[{"href":"https:\/\/kalendare365.eu\/index.php?rest_route=\/wp\/v2\/types\/post"}],"author":[{"embeddable":true,"href":"https:\/\/kalendare365.eu\/index.php?rest_route=\/wp\/v2\/users\/1"}],"replies":[{"embeddable":true,"href":"https:\/\/kalendare365.eu\/index.php?rest_route=%2Fwp%2Fv2%2Fcomments&post=838"}],"version-history":[{"count":2,"href":"https:\/\/kalendare365.eu\/index.php?rest_route=\/wp\/v2\/posts\/838\/revisions"}],"predecessor-version":[{"id":2121,"href":"https:\/\/kalendare365.eu\/index.php?rest_route=\/wp\/v2\/posts\/838\/revisions\/2121"}],"wp:attachment":[{"href":"https:\/\/kalendare365.eu\/index.php?rest_route=%2Fwp%2Fv2%2Fmedia&parent=838"}],"wp:term":[{"taxonomy":"category","embeddable":true,"href":"https:\/\/kalendare365.eu\/index.php?rest_route=%2Fwp%2Fv2%2Fcategories&post=838"},{"taxonomy":"post_tag","embeddable":true,"href":"https:\/\/kalendare365.eu\/index.php?rest_route=%2Fwp%2Fv2%2Ftags&post=838"}],"curies":[{"name":"wp","href":"https:\/\/api.w.org\/{rel}","templated":true}]}}