{"id":869,"date":"2023-12-26T10:45:36","date_gmt":"2023-12-26T07:45:36","guid":{"rendered":"https:\/\/kalendare365.eu\/?p=869"},"modified":"2026-05-02T12:01:39","modified_gmt":"2026-05-02T09:01:39","slug":"sablona-diploma-word-stahnout-upravit-a-vytisknout","status":"publish","type":"post","link":"https:\/\/kalendare365.eu\/?p=869","title":{"rendered":"\u0160ablona Diploma Word: st\u00e1hnout, upravit a vytisknout"},"content":{"rendered":"\n<p class=\"wp-block-paragraph\">Vytv\u00e1\u0159en\u00ed vlastn\u00edho diplomu nemus\u00ed b\u00fdt slo\u017eit\u00e9 ani \u010dasov\u011b n\u00e1ro\u010dn\u00e9. D\u00edky upraviteln\u00fdm \u0161ablon\u00e1m ve form\u00e1tu DOCX si m\u016f\u017eete b\u011bhem n\u011bkolika minut p\u0159ipravit profesion\u00e1ln\u011b vypadaj\u00edc\u00ed diplom, kter\u00fd snadno dopln\u00edte o jm\u00e9no, datum, podpisy i grafick\u00e9 prvky. Sta\u010d\u00ed st\u00e1hnout \u0161ablonu, otev\u0159\u00edt ji ve Wordu a p\u0159izp\u016fsobit podle sv\u00fdch pot\u0159eb.<\/p>\n\n\n\n<hr class=\"wp-block-separator has-alpha-channel-opacity\"\/>\n\n\n\n<h3 class=\"wp-block-heading\">Jak za\u010d\u00edt pracovat s diplomem ve Wordu<\/h3>\n\n\n\n<p class=\"wp-block-paragraph\">Nejprve si st\u00e1hn\u011bte \u0161ablonu diplomu ve form\u00e1tu DOCX, kter\u00e1 je ur\u010dena pro tisk na pap\u00edr velikosti A4. Po sta\u017een\u00ed ji otev\u0159ete v programu Microsoft Word, kde m\u016f\u017eete prov\u00e1d\u011bt v\u0161echny pot\u0159ebn\u00e9 \u00fapravy.<\/p>\n\n\n\n<hr class=\"wp-block-separator has-alpha-channel-opacity\"\/>\n\n\n\n<h3 class=\"wp-block-heading\">Vytvo\u0159en\u00ed a \u00faprava textu diplomu<\/h3>\n\n\n\n<p class=\"wp-block-paragraph\">Do dokumentu vlo\u017ete hlavn\u00ed text diplomu. Obvykle obsahuje jm\u00e9no p\u0159\u00edjemce, n\u00e1zev ocen\u011bn\u00ed, datum ud\u011blen\u00ed a podpisy. Pokud je to vhodn\u00e9, m\u016f\u017eete doplnit tak\u00e9 dal\u0161\u00ed informace, nap\u0159\u00edklad studijn\u00ed obor, dosa\u017een\u00fd stupe\u0148, n\u00e1zev kurzu nebo specifick\u00e9 ocen\u011bn\u00ed. Text lze libovoln\u011b upravovat, aby odpov\u00eddal \u00fa\u010delu i vizu\u00e1ln\u00edmu stylu diplomu.<\/p>\n\n\n\n<hr class=\"wp-block-separator has-alpha-channel-opacity\"\/>\n\n\n\n<h3 class=\"wp-block-heading\">Form\u00e1tov\u00e1n\u00ed a vizu\u00e1ln\u00ed \u00fapravy<\/h3>\n\n\n\n<p class=\"wp-block-paragraph\">Word nab\u00edz\u00ed \u0161irok\u00e9 mo\u017enosti form\u00e1tov\u00e1n\u00ed. M\u016f\u017eete m\u011bnit typ p\u00edsma, velikost, barvu, zarovn\u00e1n\u00ed nebo p\u0159idat ozdobn\u00e9 prvky. Pro zv\u00fdrazn\u011bn\u00ed vzhledu diplomu lze vyu\u017e\u00edt r\u00e1me\u010dky, okraje, hlavi\u010dky a pati\u010dky. D\u00edky tomu snadno vytvo\u0159\u00edte dokument, kter\u00fd p\u016fsob\u00ed elegantn\u011b a profesion\u00e1ln\u011b.<\/p>\n\n\n\n<hr class=\"wp-block-separator has-alpha-channel-opacity\"\/>\n\n\n\n<h3 class=\"wp-block-heading\">P\u0159id\u00e1n\u00ed obr\u00e1zk\u016f a grafick\u00fdch prvk\u016f<\/h3>\n\n\n\n<p class=\"wp-block-paragraph\">Pokud chcete diplom obohatit o vizu\u00e1ln\u00ed prvky, m\u016f\u017eete vlo\u017eit logo \u0161koly, organizace, st\u00e1tn\u00ed znak nebo tematick\u00fd obr\u00e1zek. Grafika dod\u00e1 dokumentu osobitost a pom\u016f\u017ee zv\u00fdraznit jeho ofici\u00e1ln\u00ed charakter.<\/p>\n\n\n\n<hr class=\"wp-block-separator has-alpha-channel-opacity\"\/>\n\n\n\n<h3 class=\"wp-block-heading\">Ulo\u017een\u00ed vlastn\u00ed \u0161ablony<\/h3>\n\n\n\n<p class=\"wp-block-paragraph\">Po dokon\u010den\u00ed \u00faprav si m\u016f\u017eete dokument ulo\u017eit jako vlastn\u00ed \u0161ablonu. To je praktick\u00e9 zejm\u00e9na tehdy, pokud pl\u00e1nujete vytv\u00e1\u0159et v\u00edce diplom\u016f se stejn\u00fdm stylem. P\u0159\u00ed\u0161t\u011b tak sta\u010d\u00ed otev\u0159\u00edt ulo\u017eenou \u0161ablonu a doplnit pouze nov\u00e9 \u00fadaje.<\/p>\n\n\n\n<hr class=\"wp-block-separator has-alpha-channel-opacity\"\/>\n\n\n\n<h3 class=\"wp-block-heading\">U\u017eite\u010dn\u00e9 tipy pro tvorbu diplom\u016f<\/h3>\n\n\n\n<ul class=\"wp-block-list\">\n<li>Vytvo\u0159te si v\u00edce variant \u0161ablon pro r\u016fzn\u00e9 typy ocen\u011bn\u00ed.<\/li>\n\n\n\n<li>Inspiraci m\u016f\u017eete hledat v online galeri\u00edch, grafick\u00fdch knihovn\u00e1ch nebo hotov\u00fdch vzorech.<\/li>\n\n\n\n<li>Pro nejlep\u0161\u00ed v\u00fdsledek tiskn\u011bte diplomy na kvalitn\u00ed pap\u00edr, kter\u00fd zv\u00fdrazn\u00ed barvy i celkov\u00fd vzhled.<\/li>\n<\/ul>\n\n\n\n<hr class=\"wp-block-separator has-alpha-channel-opacity\"\/>\n\n\n\n<div class=\"wp-block-group is-layout-grid wp-container-core-group-is-layout-7d05cc0d wp-block-group-is-layout-grid\">\n<div class=\"wp-block-group has-global-padding is-layout-constrained wp-block-group-is-layout-constrained\">\n<center><img loading=\"lazy\" decoding=\"async\" class=\"size-full wp-image-877 aligncenter\" src=\"https:\/\/kalendare365.eu\/wp-content\/uploads\/2023\/12\/Sablona-Diploma-01.webp\" alt=\"\" width=\"500\" height=\"707\"><\/center>\n\n\n\n<p class=\"has-text-align-center wp-block-paragraph\"><a href=\"https:\/\/kalendare365.eu\/wp-content\/uploads\/2023\/12\/Sablona-Diploma-01.docx\" target=\"_blank\" rel=\"noopener\">DOCx (WORD)<\/a><\/p>\n<\/div>\n\n\n\n<div class=\"wp-block-group has-global-padding is-layout-constrained wp-block-group-is-layout-constrained\">\n<center><img loading=\"lazy\" decoding=\"async\" class=\"size-full wp-image-877 aligncenter\" src=\"https:\/\/kalendare365.eu\/wp-content\/uploads\/2023\/12\/Sablona-Diploma-02.webp\" alt=\"\" width=\"500\" height=\"707\"><\/center>\n\n\n\n<p class=\"has-text-align-center wp-block-paragraph\"><a href=\"https:\/\/kalendare365.eu\/wp-content\/uploads\/2023\/12\/Sablona-Diploma-02.docx\" target=\"_blank\" rel=\"noopener\">DOCx (WORD)<\/a><\/p>\n<\/div>\n\n\n\n<div class=\"wp-block-group has-global-padding is-layout-constrained wp-block-group-is-layout-constrained\">\n<center><img loading=\"lazy\" decoding=\"async\" class=\"size-full wp-image-877 aligncenter\" src=\"https:\/\/kalendare365.eu\/wp-content\/uploads\/2023\/12\/Sablona-Diploma-03.webp\" alt=\"\" width=\"500\" height=\"707\"><\/center>\n\n\n\n<p class=\"has-text-align-center wp-block-paragraph\"><a href=\"https:\/\/kalendare365.eu\/wp-content\/uploads\/2023\/12\/Sablona-Diploma-03.docx\" target=\"_blank\" rel=\"noopener\">DOCx (WORD)<\/a><\/p>\n<\/div>\n\n\n\n<div class=\"wp-block-group has-global-padding is-layout-constrained wp-block-group-is-layout-constrained\">\n<center><img loading=\"lazy\" decoding=\"async\" class=\"size-full wp-image-877 aligncenter\" src=\"https:\/\/kalendare365.eu\/wp-content\/uploads\/2023\/12\/Sablona-Diploma-04.webp\" alt=\"\" width=\"500\" height=\"707\"><\/center>\n\n\n\n<p class=\"has-text-align-center wp-block-paragraph\"><a href=\"https:\/\/kalendare365.eu\/wp-content\/uploads\/2023\/12\/Sablona-Diploma-04.docx\" target=\"_blank\" rel=\"noopener\">DOCx (WORD)<\/a><\/p>\n<\/div>\n\n\n\n<div class=\"wp-block-group has-global-padding is-layout-constrained wp-block-group-is-layout-constrained\">\n<center><img loading=\"lazy\" decoding=\"async\" class=\"size-full wp-image-877 aligncenter\" src=\"https:\/\/kalendare365.eu\/wp-content\/uploads\/2023\/12\/Sablona-Diploma-05.webp\" alt=\"\" width=\"500\" height=\"707\"><\/center>\n\n\n\n<p class=\"has-text-align-center wp-block-paragraph\"><a href=\"https:\/\/kalendare365.eu\/wp-content\/uploads\/2023\/12\/Sablona-Diploma-05.docx\" target=\"_blank\" rel=\"noopener\">DOCx (WORD)<\/a><\/p>\n<\/div>\n\n\n\n<div class=\"wp-block-group has-global-padding is-layout-constrained wp-block-group-is-layout-constrained\">\n<center><img loading=\"lazy\" decoding=\"async\" class=\"size-full wp-image-877 aligncenter\" src=\"https:\/\/kalendare365.eu\/wp-content\/uploads\/2023\/12\/Sablona-Diploma-06.webp\" alt=\"\" width=\"500\" height=\"707\"><\/center>\n\n\n\n<p class=\"has-text-align-center wp-block-paragraph\"><a href=\"https:\/\/kalendare365.eu\/wp-content\/uploads\/2023\/12\/Sablona-Diploma-06.docx\" target=\"_blank\" rel=\"noopener\">DOCx (WORD)<\/a><\/p>\n<\/div>\n\n\n\n<div class=\"wp-block-group has-global-padding is-layout-constrained wp-block-group-is-layout-constrained\">\n<center><img loading=\"lazy\" decoding=\"async\" class=\"size-full wp-image-877 aligncenter\" src=\"https:\/\/kalendare365.eu\/wp-content\/uploads\/2023\/12\/Sablona-Diploma-07.webp\" alt=\"\" width=\"500\" height=\"707\"><\/center>\n\n\n\n<p class=\"has-text-align-center wp-block-paragraph\"><a href=\"https:\/\/kalendare365.eu\/wp-content\/uploads\/2023\/12\/Sablona-Diploma-07.docx\" target=\"_blank\" rel=\"noopener\">DOCx (WORD)<\/a><\/p>\n<\/div>\n\n\n\n<div class=\"wp-block-group has-global-padding is-layout-constrained wp-block-group-is-layout-constrained\">\n<center><img loading=\"lazy\" decoding=\"async\" class=\"size-full wp-image-877 aligncenter\" src=\"https:\/\/kalendare365.eu\/wp-content\/uploads\/2023\/12\/Sablona-Diploma-08.webp\" alt=\"\" width=\"500\" height=\"707\"><\/center>\n\n\n\n<p class=\"has-text-align-center wp-block-paragraph\"><a href=\"https:\/\/kalendare365.eu\/wp-content\/uploads\/2023\/12\/Sablona-Diploma-08.docx\" target=\"_blank\" rel=\"noopener\">DOCx (WORD)<\/a><\/p>\n<\/div>\n<\/div>\n\n\n\n<h3 class=\"wp-block-heading\">Z\u00e1v\u011br<\/h3>\n\n\n\n<p class=\"wp-block-paragraph\">\u0160ablony diplom\u016f ve Wordu p\u0159edstavuj\u00ed jednoduch\u00fd a rychl\u00fd zp\u016fsob, jak vytvo\u0159it profesion\u00e1ln\u00ed ocen\u011bn\u00ed pro \u0161koln\u00ed, firemn\u00ed i osobn\u00ed \u00fa\u010dely. Sta\u010d\u00ed st\u00e1hnout soubor DOCX, upravit jej podle sv\u00fdch p\u0159edstav a vytisknout na pap\u00edr A4. D\u00edky mo\u017enosti ukl\u00e1d\u00e1n\u00ed vlastn\u00edch \u0161ablon m\u016f\u017eete nav\u00edc snadno p\u0159ipravovat dal\u0161\u00ed diplomy s jednotn\u00fdm designem.<\/p>\n","protected":false},"excerpt":{"rendered":"<p>Vytv\u00e1\u0159en\u00ed vlastn\u00edho diplomu nemus\u00ed b\u00fdt slo\u017eit\u00e9 ani \u010dasov\u011b n\u00e1ro\u010dn\u00e9. D\u00edky upraviteln\u00fdm \u0161ablon\u00e1m ve form\u00e1tu DOCX si m\u016f\u017eete b\u011bhem n\u011bkolika minut p\u0159ipravit profesion\u00e1ln\u011b vypadaj\u00edc\u00ed diplom, kter\u00fd snadno dopln\u00edte o jm\u00e9no, datum, podpisy i grafick\u00e9 prvky. Sta\u010d\u00ed st\u00e1hnout \u0161ablonu, otev\u0159\u00edt ji ve Wordu a p\u0159izp\u016fsobit podle sv\u00fdch pot\u0159eb. Jak za\u010d\u00edt pracovat s diplomem ve Wordu Nejprve si [&hellip;]<\/p>\n","protected":false},"author":1,"featured_media":0,"comment_status":"open","ping_status":"closed","sticky":false,"template":"","format":"standard","meta":{"footnotes":""},"categories":[30],"tags":[],"class_list":["post-869","post","type-post","status-publish","format-standard","hentry","category-stahnout-a-vytisknout"],"_links":{"self":[{"href":"https:\/\/kalendare365.eu\/index.php?rest_route=\/wp\/v2\/posts\/869","targetHints":{"allow":["GET"]}}],"collection":[{"href":"https:\/\/kalendare365.eu\/index.php?rest_route=\/wp\/v2\/posts"}],"about":[{"href":"https:\/\/kalendare365.eu\/index.php?rest_route=\/wp\/v2\/types\/post"}],"author":[{"embeddable":true,"href":"https:\/\/kalendare365.eu\/index.php?rest_route=\/wp\/v2\/users\/1"}],"replies":[{"embeddable":true,"href":"https:\/\/kalendare365.eu\/index.php?rest_route=%2Fwp%2Fv2%2Fcomments&post=869"}],"version-history":[{"count":4,"href":"https:\/\/kalendare365.eu\/index.php?rest_route=\/wp\/v2\/posts\/869\/revisions"}],"predecessor-version":[{"id":3646,"href":"https:\/\/kalendare365.eu\/index.php?rest_route=\/wp\/v2\/posts\/869\/revisions\/3646"}],"wp:attachment":[{"href":"https:\/\/kalendare365.eu\/index.php?rest_route=%2Fwp%2Fv2%2Fmedia&parent=869"}],"wp:term":[{"taxonomy":"category","embeddable":true,"href":"https:\/\/kalendare365.eu\/index.php?rest_route=%2Fwp%2Fv2%2Fcategories&post=869"},{"taxonomy":"post_tag","embeddable":true,"href":"https:\/\/kalendare365.eu\/index.php?rest_route=%2Fwp%2Fv2%2Ftags&post=869"}],"curies":[{"name":"wp","href":"https:\/\/api.w.org\/{rel}","templated":true}]}}